{"id":3988,"date":"2025-10-07T08:58:37","date_gmt":"2025-10-07T08:58:37","guid":{"rendered":"https:\/\/jornaloassobio.pt\/?p=3988"},"modified":"2025-10-07T09:00:36","modified_gmt":"2025-10-07T09:00:36","slug":"jardim-de-infancia-de-almeirim-do-sonho-a-realidade","status":"publish","type":"post","link":"https:\/\/jornaloassobio.pt\/?p=3988","title":{"rendered":"Jardim de Inf\u00e2ncia de Almeirim : do sonho \u00e0 realidade"},"content":{"rendered":"<div class='booster-block booster-read-block'>\r\n                <div class=\"twp-read-time\">\r\n                \t<i class=\"booster-icon twp-clock\"><\/i> <span>Read Time:<\/span>1 Minute, 48 Second                <\/div>\r\n\r\n            <\/div><h3 class=\"x_x_elementToProof\" style=\"text-align: center;\" data-olk-copy-source=\"MessageBody\">Jardim de Inf\u00e2ncia de Almeirim adaptado e integrado no Agrupamento de Escolas Severim de Faria<\/h3>\n<h3><span style=\"font-size: 16px;\">\u00a0A abertura do Jardim de Inf\u00e2ncia do Bairro de Almeirim teve lugar no dia 12 de setembro, com o mesmo j\u00e1 integrado na rede p\u00fablica. A Autarquia sublinha que este espa\u00e7o surgiu da necessidade de manter uma resposta social existente (Jardim de Inf\u00e2ncia S\u00e3o Jo\u00e3o de Deus \u2013 IPSS) numa \u00e1rea residencial onde a oferta de educa\u00e7\u00e3o pr\u00e9-escolar \u00e9 escassa e, a n\u00edvel da rede p\u00fablica inexistente, at\u00e9 \u00e0 data.<\/span><\/h3>\n<div class=\"x_x_elementToProof\">\n<h3 class=\"x_x_elementToProof\">A integra\u00e7\u00e3o do Jardim de Inf\u00e2ncia de Almeirim na rede p\u00fablica, em concreto, no Agrupamento de Escolas Severim de Faria, tornou-se poss\u00edvel devido \u00e0 coopera\u00e7\u00e3o do Centro Social e Paroquial de S. Br\u00e1s, atrav\u00e9s da sua ced\u00eancia em regime de comodato.<\/h3>\n<h3 class=\"x_x_elementToProof\">Para concretiza\u00e7\u00e3o da altera\u00e7\u00e3o da natureza deste equipamento foram necess\u00e1rias algumas interven\u00e7\u00f5es camar\u00e1rias, nomeadamente um conjunto de trabalhos a n\u00edvel de constru\u00e7\u00e3o civil, carpintaria, serralharia, pintura, \u00e1guas e esgotos, eletricidade, limpeza do espa\u00e7o exterior, aquisi\u00e7\u00e3o de mobili\u00e1rio escolar e limpeza do pavimento do parque infantil. A execu\u00e7\u00e3o destes melhoramentos correspondeu a um investimento de, aproximadamente, 17 mil euros.<\/h3>\n<h3 class=\"x_x_elementToProof\">Salienta-se que, com a integra\u00e7\u00e3o deste Jardim de Inf\u00e2ncia, a rede p\u00fablica de educa\u00e7\u00e3o pr\u00e9-escolar no concelho de \u00c9vora passou a ser constitu\u00edda por 15 jardins de inf\u00e2ncia (7 nas freguesias rurais e 8 no per\u00edmetro urbano), num total de 26 salas de atividades, permitindo a inscri\u00e7\u00e3o de, no m\u00e1ximo, 650 crian\u00e7as.<\/h3>\n<h3 class=\"x_x_elementToProof\">O Agrupamento de Escolas Severim de Faria v\u00ea, assim, aumentada a sua capacidade de resposta a n\u00edvel da educa\u00e7\u00e3o pr\u00e9-escolar e a abertura do primeiro Jardim de Inf\u00e2ncia afeto ao agrupamento dentro do per\u00edmetro urbano.<\/h3>\n<h3 class=\"x_x_elementToProof\">A abertura deste espa\u00e7o insere-se na programa\u00e7\u00e3o de In\u00edcio do Ano Letivo 2025\/26 que pode consultar em\u00a0<u><a id=\"OWA1ec1a602-0304-27c7-76b3-4690647c84b9\" class=\"x_x_x1fey0fg x_x_xmper1u x_x_x1edh9d7 x_x_OWAAutoLink\" title=\"https:\/\/www.cm-evora.pt\/municipe\/areas-de-acao\/educacao\/inicio-do-ano-letivo-2025-2026\/\" href=\"https:\/\/www.cm-evora.pt\/municipe\/areas-de-acao\/educacao\/inicio-do-ano-letivo-2025-2026\/\" target=\"_blank\" rel=\"noopener noreferrer\" data-auth=\"NotApplicable\" data-linkindex=\"1\">https:\/\/www.cm-evora.pt\/municipe\/areas-de-acao\/educacao\/inicio-do-ano-letivo-2025-2026\/<\/a><\/u><\/h3>\n<\/div>\n<p><u><a id=\"OWAc3d1a082-196a-e347-ff0f-5af3a62bf8a6\" class=\"x_x_OWAAutoLink\" title=\"https:\/\/www.cm-evora.pt\/wp-content\/uploads\/2025\/09\/a14-1.jpg\" href=\"https:\/\/www.cm-evora.pt\/wp-content\/uploads\/2025\/09\/a14-1.jpg\" target=\"_blank\" rel=\"noopener noreferrer\" data-auth=\"NotApplicable\" data-linkindex=\"11\"><img loading=\"lazy\" decoding=\"async\" class=\"aligncenter\" src=\"https:\/\/www.cm-evora.pt\/wp-content\/uploads\/2025\/09\/a14-1.jpg\" width=\"518\" height=\"345\" data-imagetype=\"External\" \/><\/a><\/u><\/p>\n<p style=\"text-align: center;\"><u><a class=\"x_x_OWAAutoLink\" title=\"https:\/\/www.cm-evora.pt\/wp-content\/uploads\/2025\/09\/a3-1.jpg\" href=\"https:\/\/www.cm-evora.pt\/wp-content\/uploads\/2025\/09\/a3-1.jpg\" target=\"_blank\" rel=\"noopener noreferrer\" data-auth=\"NotApplicable\" data-linkindex=\"4\"><img loading=\"lazy\" decoding=\"async\" class=\"\" src=\"https:\/\/www.cm-evora.pt\/wp-content\/uploads\/2025\/09\/a3-1.jpg\" width=\"451\" height=\"245\" data-imagetype=\"External\" \/><\/a><\/u><\/p>\n<p>&nbsp;<\/p>\n<div class=\"x_x_elementToProof\">\n<div id=\"x_x_gallery-1\" class=\"x_x_elementToProof\">\n<dl class=\"x_x_elementToProof\">\n<dt class=\"x_x_elementToProof\"><u><a class=\"x_x_OWAAutoLink\" title=\"https:\/\/www.cm-evora.pt\/wp-content\/uploads\/2025\/09\/a2-1.jpg\" href=\"https:\/\/www.cm-evora.pt\/wp-content\/uploads\/2025\/09\/a2-1.jpg\" target=\"_blank\" rel=\"noopener noreferrer\" data-auth=\"NotApplicable\" data-linkindex=\"3\"><img loading=\"lazy\" decoding=\"async\" class=\"aligncenter\" src=\"https:\/\/www.cm-evora.pt\/wp-content\/uploads\/2025\/09\/a2-1.jpg\" width=\"272\" height=\"408\" data-imagetype=\"External\" \/><\/a><a id=\"OWA13e7df77-735c-623b-b056-6887dcea13c7\" class=\"x_x_OWAAutoLink\" title=\"https:\/\/www.cm-evora.pt\/wp-content\/uploads\/2025\/09\/a1-1.jpg\" href=\"https:\/\/www.cm-evora.pt\/wp-content\/uploads\/2025\/09\/a1-1.jpg\" target=\"_blank\" rel=\"noopener noreferrer\" data-auth=\"NotApplicable\" data-linkindex=\"2\"><img loading=\"lazy\" decoding=\"async\" class=\"aligncenter\" src=\"https:\/\/www.cm-evora.pt\/wp-content\/uploads\/2025\/09\/a1-1.jpg\" width=\"474\" height=\"316\" data-imagetype=\"External\" \/><\/a><\/u><\/dt>\n<\/dl>\n<dl class=\"x_x_elementToProof\">\n<dt class=\"x_x_elementToProof\"><u><br \/>\n<a id=\"OWA6312202c-594a-da50-5427-a52483601f5a\" class=\"x_x_OWAAutoLink\" title=\"https:\/\/www.cm-evora.pt\/wp-content\/uploads\/2025\/09\/a4-1.jpg\" href=\"https:\/\/www.cm-evora.pt\/wp-content\/uploads\/2025\/09\/a4-1.jpg\" target=\"_blank\" rel=\"noopener noreferrer\" data-auth=\"NotApplicable\" data-linkindex=\"5\"><img loading=\"lazy\" decoding=\"async\" class=\"alignleft\" src=\"https:\/\/www.cm-evora.pt\/wp-content\/uploads\/2025\/09\/a4-1.jpg\" width=\"369\" height=\"246\" data-imagetype=\"External\" \/><\/a><\/u><\/dt>\n<\/dl>\n<dl class=\"x_x_elementToProof\">\n<dt class=\"x_x_elementToProof\"><u><a id=\"OWAe128ab7b-ea06-0b26-8a19-167a39f495ef\" class=\"x_x_OWAAutoLink\" title=\"https:\/\/www.cm-evora.pt\/wp-content\/uploads\/2025\/09\/a5-1.jpg\" href=\"https:\/\/www.cm-evora.pt\/wp-content\/uploads\/2025\/09\/a5-1.jpg\" target=\"_blank\" rel=\"noopener noreferrer\" data-auth=\"NotApplicable\" data-linkindex=\"6\"><img loading=\"lazy\" decoding=\"async\" class=\"\" src=\"https:\/\/www.cm-evora.pt\/wp-content\/uploads\/2025\/09\/a5-1.jpg\" width=\"383\" height=\"265\" data-imagetype=\"External\" \/><\/a><\/u><\/dt>\n<\/dl>\n<div class=\"x_x_elementToProof\"><u><a id=\"OWA73fcea77-c5c4-ef42-b31a-c4bf883aa4c5\" class=\"x_x_OWAAutoLink\" title=\"https:\/\/www.cm-evora.pt\/wp-content\/uploads\/2025\/09\/a6-1.jpg\" href=\"https:\/\/www.cm-evora.pt\/wp-content\/uploads\/2025\/09\/a6-1.jpg\" target=\"_blank\" rel=\"noopener noreferrer\" data-auth=\"NotApplicable\" data-linkindex=\"7\"><img loading=\"lazy\" decoding=\"async\" class=\"alignright\" src=\"https:\/\/www.cm-evora.pt\/wp-content\/uploads\/2025\/09\/a6-1.jpg\" width=\"364\" height=\"546\" data-imagetype=\"External\" \/><\/a><\/u><\/div>\n<dl class=\"x_x_elementToProof\">\n<dt class=\"x_x_elementToProof\"><u><a id=\"OWA38b10274-9e12-bc84-3acc-238a19c0b90a\" class=\"x_x_OWAAutoLink\" title=\"https:\/\/www.cm-evora.pt\/wp-content\/uploads\/2025\/09\/a8.jpg\" href=\"https:\/\/www.cm-evora.pt\/wp-content\/uploads\/2025\/09\/a8.jpg\" target=\"_blank\" rel=\"noopener noreferrer\" data-auth=\"NotApplicable\" data-linkindex=\"8\"><img loading=\"lazy\" decoding=\"async\" class=\"\" src=\"https:\/\/www.cm-evora.pt\/wp-content\/uploads\/2025\/09\/a8.jpg\" width=\"387\" height=\"581\" data-imagetype=\"External\" \/><\/a><\/u><\/dt>\n<\/dl>\n<dl class=\"x_x_elementToProof\">\n<dt class=\"x_x_elementToProof\"><u><a id=\"OWAdb209a0d-de21-480d-6b86-171b9118f9b5\" class=\"x_x_OWAAutoLink\" title=\"https:\/\/www.cm-evora.pt\/wp-content\/uploads\/2025\/09\/a9-1.jpg\" href=\"https:\/\/www.cm-evora.pt\/wp-content\/uploads\/2025\/09\/a9-1.jpg\" target=\"_blank\" rel=\"noopener noreferrer\" data-auth=\"NotApplicable\" data-linkindex=\"9\"><img loading=\"lazy\" decoding=\"async\" class=\"alignright\" src=\"https:\/\/www.cm-evora.pt\/wp-content\/uploads\/2025\/09\/a9-1.jpg\" width=\"377\" height=\"251\" data-imagetype=\"External\" \/><\/a><\/u><\/dt>\n<\/dl>\n<dl class=\"x_x_elementToProof\">\n<dt class=\"x_x_elementToProof\"><u><a id=\"OWA23d3e550-5ffe-02cf-458d-2c7af94a0957\" class=\"x_x_OWAAutoLink\" title=\"https:\/\/www.cm-evora.pt\/wp-content\/uploads\/2025\/09\/a10-1.jpg\" href=\"https:\/\/www.cm-evora.pt\/wp-content\/uploads\/2025\/09\/a10-1.jpg\" target=\"_blank\" rel=\"noopener noreferrer\" data-auth=\"NotApplicable\" data-linkindex=\"10\"><img loading=\"lazy\" decoding=\"async\" class=\"\" src=\"https:\/\/www.cm-evora.pt\/wp-content\/uploads\/2025\/09\/a10-1.jpg\" width=\"389\" height=\"259\" data-imagetype=\"External\" \/><\/a><\/u><\/dt>\n<\/dl>\n<dl class=\"x_x_elementToProof\">\n<dt class=\"x_x_elementToProof\"><\/dt>\n<\/dl>\n<div class=\"x_x_elementToProof\"><\/div>\n<\/div>\n<\/div>\n<div class=\"x_x_elementToProof\">_______________________________<\/div>\n<h3 class=\"x_x_elementToProof\">\u00c9vora conta agora com 15 jardins de inf\u00e2ncia da rede p\u00fablica.<\/h3>\n<h3 class=\"x_x_elementToProof\">A rede p\u00fablica de educa\u00e7\u00e3o pr\u00e9 escolar no concelho de \u00c9vora foi refor\u00e7ada com a inaugura\u00e7\u00e3o do novo Jardim de Inf\u00e2ncia do Bairro de Almeirim, com capacidade para receber 25 crian\u00e7as.<\/h3>\n<h3 class=\"x_x_elementToProof\"><\/h3>\n<div class=\"x_x_elementToProof\"><a id=\"LPlnk395548\" title=\"https:\/\/www.facebook.com\/watch\/?v=1305401364408138\" href=\"https:\/\/www.facebook.com\/watch\/?v=1305401364408138\" target=\"_blank\" rel=\"noopener noreferrer\" data-auth=\"NotApplicable\" data-linkindex=\"12\">https:\/\/www.facebook.com\/watch\/?v=1305401364408138<\/a><\/div>\n        <div class=\"booster-block booster-reactions-block\">\r\n            <div class=\"twp-reactions-icons\">\r\n                \r\n                <div class=\"twp-reacts-wrap\">\r\n                    <a react-data=\"be-react-1\" post-id=\"3988\" class=\"be-face-icons un-reacted\" href=\"javascript:void(0)\">\r\n                        <img decoding=\"async\" src=\"https:\/\/jornaloassobio.pt\/wp-content\/plugins\/booster-extension\/\/assets\/icon\/happy.svg\" alt=\"Happy\">\r\n                    <\/a>\r\n                    <div class=\"twp-reaction-title\">\r\n                        Happy                    <\/div>\r\n                    <div class=\"twp-count-percent\">\r\n                                                    <span style=\"display: none;\" class=\"twp-react-count\">0<\/span>\r\n                        \r\n                                                <span class=\"twp-react-percent\"><span>0<\/span> %<\/span>\r\n                                            <\/div>\r\n                <\/div>\r\n\r\n                <div class=\"twp-reacts-wrap\">\r\n                    <a react-data=\"be-react-2\" post-id=\"3988\" class=\"be-face-icons un-reacted\" href=\"javascript:void(0)\">\r\n                        <img decoding=\"async\" src=\"https:\/\/jornaloassobio.pt\/wp-content\/plugins\/booster-extension\/\/assets\/icon\/sad.svg\" alt=\"Sad\">\r\n                    <\/a>\r\n                    <div class=\"twp-reaction-title\">\r\n                        Sad                    <\/div>\r\n                    <div class=\"twp-count-percent\">\r\n                                                    <span style=\"display: none;\" class=\"twp-react-count\">0<\/span>\r\n                                                                        <span class=\"twp-react-percent\"><span>0<\/span> %<\/span>\r\n                                            <\/div>\r\n                <\/div>\r\n\r\n                <div class=\"twp-reacts-wrap\">\r\n                    <a react-data=\"be-react-3\" post-id=\"3988\" class=\"be-face-icons un-reacted\" href=\"javascript:void(0)\">\r\n                        <img decoding=\"async\" src=\"https:\/\/jornaloassobio.pt\/wp-content\/plugins\/booster-extension\/\/assets\/icon\/excited.svg\" alt=\"Excited\">\r\n                    <\/a>\r\n                    <div class=\"twp-reaction-title\">\r\n                        Excited                    <\/div>\r\n                    <div class=\"twp-count-percent\">\r\n                                                    <span style=\"display: none;\" class=\"twp-react-count\">0<\/span>\r\n                                                                        <span class=\"twp-react-percent\"><span>0<\/span> %<\/span>\r\n                                            <\/div>\r\n                <\/div>\r\n\r\n                <div class=\"twp-reacts-wrap\">\r\n                    <a react-data=\"be-react-6\" post-id=\"3988\" class=\"be-face-icons un-reacted\" href=\"javascript:void(0)\">\r\n                        <img decoding=\"async\" src=\"https:\/\/jornaloassobio.pt\/wp-content\/plugins\/booster-extension\/\/assets\/icon\/sleepy.svg\" alt=\"Sleepy\">\r\n                    <\/a>\r\n                    <div class=\"twp-reaction-title\">\r\n                        Sleepy                    <\/div>\r\n                    <div class=\"twp-count-percent\">\r\n                                                    <span style=\"display: none;\" class=\"twp-react-count\">0<\/span>\r\n                        \r\n                                                <span class=\"twp-react-percent\"><span>0<\/span> %<\/span>\r\n                                            <\/div>\r\n                <\/div>\r\n\r\n                <div class=\"twp-reacts-wrap\">\r\n                    <a react-data=\"be-react-4\" post-id=\"3988\" class=\"be-face-icons un-reacted\" href=\"javascript:void(0)\">\r\n                        <img decoding=\"async\" src=\"https:\/\/jornaloassobio.pt\/wp-content\/plugins\/booster-extension\/\/assets\/icon\/angry.svg\" alt=\"Angry\">\r\n                    <\/a>\r\n                    <div class=\"twp-reaction-title\">Angry<\/div>\r\n                    <div class=\"twp-count-percent\">\r\n                                                    <span style=\"display: none;\" class=\"twp-react-count\">0<\/span>\r\n                                                                        <span class=\"twp-react-percent\"><span>0<\/span> %<\/span>\r\n                        \r\n                    <\/div>\r\n                <\/div>\r\n\r\n                <div class=\"twp-reacts-wrap\">\r\n                    <a react-data=\"be-react-5\" post-id=\"3988\" class=\"be-face-icons un-reacted\" href=\"javascript:void(0)\">\r\n                        <img decoding=\"async\" src=\"https:\/\/jornaloassobio.pt\/wp-content\/plugins\/booster-extension\/\/assets\/icon\/surprise.svg\" alt=\"Surprise\">\r\n                    <\/a>\r\n                    <div class=\"twp-reaction-title\">Surprise<\/div>\r\n                    <div class=\"twp-count-percent\">\r\n                                                    <span style=\"display: none;\" class=\"twp-react-count\">0<\/span>\r\n                                                                        <span class=\"twp-react-percent\"><span>0<\/span> %<\/span>\r\n                                            <\/div>\r\n                <\/div>\r\n\r\n            <\/div>\r\n        <\/div>\r\n\r\n    ","protected":false},"excerpt":{"rendered":"<p>Jardim de Inf\u00e2ncia de Almeirim adaptado e integrado no Agrupamento de Escolas Severim de Faria \u00a0A abertura do Jardim de Inf\u00e2ncia do Bairro de Almeirim teve lugar no dia 12 de setembro, com o mesmo j\u00e1 integrado na rede p\u00fablica. A Autarquia sublinha que este espa\u00e7o surgiu da necessidade de manter uma resposta social existente [&hellip;]<\/p>\n","protected":false},"author":6,"featured_media":3999,"comment_status":"open","ping_status":"open","sticky":false,"template":"","format":"standard","meta":{"footnotes":""},"categories":[4],"tags":[],"class_list":["post-3988","post","type-post","status-publish","format-standard","has-post-thumbnail","hentry","category-noticias"],"_links":{"self":[{"href":"https:\/\/jornaloassobio.pt\/index.php?rest_route=\/wp\/v2\/posts\/3988","targetHints":{"allow":["GET"]}}],"collection":[{"href":"https:\/\/jornaloassobio.pt\/index.php?rest_route=\/wp\/v2\/posts"}],"about":[{"href":"https:\/\/jornaloassobio.pt\/index.php?rest_route=\/wp\/v2\/types\/post"}],"author":[{"embeddable":true,"href":"https:\/\/jornaloassobio.pt\/index.php?rest_route=\/wp\/v2\/users\/6"}],"replies":[{"embeddable":true,"href":"https:\/\/jornaloassobio.pt\/index.php?rest_route=%2Fwp%2Fv2%2Fcomments&post=3988"}],"version-history":[{"count":10,"href":"https:\/\/jornaloassobio.pt\/index.php?rest_route=\/wp\/v2\/posts\/3988\/revisions"}],"predecessor-version":[{"id":3998,"href":"https:\/\/jornaloassobio.pt\/index.php?rest_route=\/wp\/v2\/posts\/3988\/revisions\/3998"}],"wp:featuredmedia":[{"embeddable":true,"href":"https:\/\/jornaloassobio.pt\/index.php?rest_route=\/wp\/v2\/media\/3999"}],"wp:attachment":[{"href":"https:\/\/jornaloassobio.pt\/index.php?rest_route=%2Fwp%2Fv2%2Fmedia&parent=3988"}],"wp:term":[{"taxonomy":"category","embeddable":true,"href":"https:\/\/jornaloassobio.pt\/index.php?rest_route=%2Fwp%2Fv2%2Fcategories&post=3988"},{"taxonomy":"post_tag","embeddable":true,"href":"https:\/\/jornaloassobio.pt\/index.php?rest_route=%2Fwp%2Fv2%2Ftags&post=3988"}],"curies":[{"name":"wp","href":"https:\/\/api.w.org\/{rel}","templated":true}]}}