{"id":400,"date":"2023-10-25T17:26:18","date_gmt":"2023-10-25T17:26:18","guid":{"rendered":"https:\/\/jornaloassobio.pt\/?p=400"},"modified":"2023-12-05T10:45:56","modified_gmt":"2023-12-05T10:45:56","slug":"inauguracao-de-exposicao-muito-especial","status":"publish","type":"post","link":"https:\/\/jornaloassobio.pt\/?p=400","title":{"rendered":"INAUGURA\u00c7\u00c3O DE EXPOSI\u00c7\u00c3O MUITO ESPECIAL"},"content":{"rendered":"<div class='booster-block booster-read-block'>\r\n                <div class=\"twp-read-time\">\r\n                \t<i class=\"booster-icon twp-clock\"><\/i> <span>Read Time:<\/span>54 Second                <\/div>\r\n\r\n            <\/div><p><img loading=\"lazy\" decoding=\"async\" class=\"alignnone wp-image-402\" src=\"https:\/\/jornaloassobio.pt\/wp-content\/uploads\/2023\/10\/20231025_110549-300x225.jpg\" alt=\"\" width=\"352\" height=\"264\" srcset=\"https:\/\/jornaloassobio.pt\/wp-content\/uploads\/2023\/10\/20231025_110549-300x225.jpg 300w, https:\/\/jornaloassobio.pt\/wp-content\/uploads\/2023\/10\/20231025_110549-1024x768.jpg 1024w, https:\/\/jornaloassobio.pt\/wp-content\/uploads\/2023\/10\/20231025_110549-768x576.jpg 768w, https:\/\/jornaloassobio.pt\/wp-content\/uploads\/2023\/10\/20231025_110549-1536x1152.jpg 1536w, https:\/\/jornaloassobio.pt\/wp-content\/uploads\/2023\/10\/20231025_110549-2048x1536.jpg 2048w\" sizes=\"auto, (max-width: 352px) 100vw, 352px\" \/><img loading=\"lazy\" decoding=\"async\" class=\"alignnone wp-image-421\" src=\"https:\/\/jornaloassobio.pt\/wp-content\/uploads\/2023\/10\/20231025_105719-300x225.jpg\" alt=\"\" width=\"351\" height=\"263\" srcset=\"https:\/\/jornaloassobio.pt\/wp-content\/uploads\/2023\/10\/20231025_105719-300x225.jpg 300w, https:\/\/jornaloassobio.pt\/wp-content\/uploads\/2023\/10\/20231025_105719-1024x768.jpg 1024w, https:\/\/jornaloassobio.pt\/wp-content\/uploads\/2023\/10\/20231025_105719-768x576.jpg 768w, https:\/\/jornaloassobio.pt\/wp-content\/uploads\/2023\/10\/20231025_105719-1536x1152.jpg 1536w, https:\/\/jornaloassobio.pt\/wp-content\/uploads\/2023\/10\/20231025_105719-2048x1536.jpg 2048w\" sizes=\"auto, (max-width: 351px) 100vw, 351px\" \/><img loading=\"lazy\" decoding=\"async\" class=\"wp-image-401 alignleft\" src=\"https:\/\/jornaloassobio.pt\/wp-content\/uploads\/2023\/10\/20231025_110704-300x225.jpg\" alt=\"\" width=\"333\" height=\"250\" srcset=\"https:\/\/jornaloassobio.pt\/wp-content\/uploads\/2023\/10\/20231025_110704-300x225.jpg 300w, https:\/\/jornaloassobio.pt\/wp-content\/uploads\/2023\/10\/20231025_110704-1024x768.jpg 1024w, https:\/\/jornaloassobio.pt\/wp-content\/uploads\/2023\/10\/20231025_110704-768x576.jpg 768w, https:\/\/jornaloassobio.pt\/wp-content\/uploads\/2023\/10\/20231025_110704-1536x1152.jpg 1536w, https:\/\/jornaloassobio.pt\/wp-content\/uploads\/2023\/10\/20231025_110704-2048x1536.jpg 2048w\" sizes=\"auto, (max-width: 333px) 100vw, 333px\" \/><\/p>\n<p>No dia 25 de outubro, pelas 10 horas e 30 minutos, decorreu, na Biblioteca da Escola Severim de Faria, a sess\u00e3o de inaugura\u00e7\u00e3o da exposi\u00e7\u00e3o de fotografia dos utentes da Casa Jo\u00e3o Cidade, institui\u00e7\u00e3o s\u00f3cio terap\u00eautica situada em Montemor -o Novo.<\/p>\n<p>A sess\u00e3o contou com a presen\u00e7a do Dr. Joaquim Serra, Subdiretor do Agrupamento de Escolas Severim de Faria, do Dr. Jo\u00e3o Aleixo, Diretor-T\u00e9cnico da institui\u00e7\u00e3o convidada, do Dr. Aires de Carvalho, Diretor do Curso Profissional de Apoio Psicossocial, dos alunos do referido curso, de v\u00e1rias t\u00e9cnicas e dos utentes da Casa Jo\u00e3o Cidade.<\/p>\n<p>O projeto de fotografia em que os utentes serviram de modelos, traduziu-se numa exposi\u00e7\u00e3o e na realiza\u00e7\u00e3o de um calend\u00e1rio de 2023.<\/p>\n<p>A institui\u00e7\u00e3o contou com o apoio de v\u00e1rias entidades, nomeadamente fot\u00f3grafos e comerciantes da cidade de Montemor e foi motivo de satisfa\u00e7\u00e3o para todos os que tiveram oportunidade de participar nesta iniciativa t\u00e3o especial.<\/p>\n<p>As fotografias, que primam pela originalidade e criatividade, estar\u00e3o patentes \u00e0 comunidade educativa de 25 de outubro a 15 de novembro, na Biblioteca Dr. Carlos Percheiro.<\/p>\n<p><img loading=\"lazy\" decoding=\"async\" class=\" wp-image-531 aligncenter\" src=\"https:\/\/jornaloassobio.pt\/wp-content\/uploads\/2023\/10\/20231108_121414-300x225.jpg\" alt=\"\" width=\"373\" height=\"280\" srcset=\"https:\/\/jornaloassobio.pt\/wp-content\/uploads\/2023\/10\/20231108_121414-300x225.jpg 300w, https:\/\/jornaloassobio.pt\/wp-content\/uploads\/2023\/10\/20231108_121414-1024x768.jpg 1024w, https:\/\/jornaloassobio.pt\/wp-content\/uploads\/2023\/10\/20231108_121414-768x576.jpg 768w, https:\/\/jornaloassobio.pt\/wp-content\/uploads\/2023\/10\/20231108_121414-1536x1152.jpg 1536w, https:\/\/jornaloassobio.pt\/wp-content\/uploads\/2023\/10\/20231108_121414-2048x1536.jpg 2048w\" sizes=\"auto, (max-width: 373px) 100vw, 373px\" \/><\/p>\n        <div class=\"booster-block booster-reactions-block\">\r\n            <div class=\"twp-reactions-icons\">\r\n                \r\n                <div class=\"twp-reacts-wrap\">\r\n                    <a react-data=\"be-react-1\" post-id=\"400\" class=\"be-face-icons un-reacted\" href=\"javascript:void(0)\">\r\n                        <img decoding=\"async\" src=\"https:\/\/jornaloassobio.pt\/wp-content\/plugins\/booster-extension\/\/assets\/icon\/happy.svg\" alt=\"Happy\">\r\n                    <\/a>\r\n                    <div class=\"twp-reaction-title\">\r\n                        Happy                    <\/div>\r\n                    <div class=\"twp-count-percent\">\r\n                                                    <span style=\"display: none;\" class=\"twp-react-count\">0<\/span>\r\n                        \r\n                                                <span class=\"twp-react-percent\"><span>0<\/span> %<\/span>\r\n                                            <\/div>\r\n                <\/div>\r\n\r\n                <div class=\"twp-reacts-wrap\">\r\n                    <a react-data=\"be-react-2\" post-id=\"400\" class=\"be-face-icons un-reacted\" href=\"javascript:void(0)\">\r\n                        <img decoding=\"async\" src=\"https:\/\/jornaloassobio.pt\/wp-content\/plugins\/booster-extension\/\/assets\/icon\/sad.svg\" alt=\"Sad\">\r\n                    <\/a>\r\n                    <div class=\"twp-reaction-title\">\r\n                        Sad                    <\/div>\r\n                    <div class=\"twp-count-percent\">\r\n                                                    <span style=\"display: none;\" class=\"twp-react-count\">0<\/span>\r\n                                                                        <span class=\"twp-react-percent\"><span>0<\/span> %<\/span>\r\n                                            <\/div>\r\n                <\/div>\r\n\r\n                <div class=\"twp-reacts-wrap\">\r\n                    <a react-data=\"be-react-3\" post-id=\"400\" class=\"be-face-icons un-reacted\" href=\"javascript:void(0)\">\r\n                        <img decoding=\"async\" src=\"https:\/\/jornaloassobio.pt\/wp-content\/plugins\/booster-extension\/\/assets\/icon\/excited.svg\" alt=\"Excited\">\r\n                    <\/a>\r\n                    <div class=\"twp-reaction-title\">\r\n                        Excited                    <\/div>\r\n                    <div class=\"twp-count-percent\">\r\n                                                    <span style=\"display: none;\" class=\"twp-react-count\">0<\/span>\r\n                                                                        <span class=\"twp-react-percent\"><span>0<\/span> %<\/span>\r\n                                            <\/div>\r\n                <\/div>\r\n\r\n                <div class=\"twp-reacts-wrap\">\r\n                    <a react-data=\"be-react-6\" post-id=\"400\" class=\"be-face-icons un-reacted\" href=\"javascript:void(0)\">\r\n                        <img decoding=\"async\" src=\"https:\/\/jornaloassobio.pt\/wp-content\/plugins\/booster-extension\/\/assets\/icon\/sleepy.svg\" alt=\"Sleepy\">\r\n                    <\/a>\r\n                    <div class=\"twp-reaction-title\">\r\n                        Sleepy                    <\/div>\r\n                    <div class=\"twp-count-percent\">\r\n                                                    <span style=\"display: none;\" class=\"twp-react-count\">0<\/span>\r\n                        \r\n                                                <span class=\"twp-react-percent\"><span>0<\/span> %<\/span>\r\n                                            <\/div>\r\n                <\/div>\r\n\r\n                <div class=\"twp-reacts-wrap\">\r\n                    <a react-data=\"be-react-4\" post-id=\"400\" class=\"be-face-icons un-reacted\" href=\"javascript:void(0)\">\r\n                        <img decoding=\"async\" src=\"https:\/\/jornaloassobio.pt\/wp-content\/plugins\/booster-extension\/\/assets\/icon\/angry.svg\" alt=\"Angry\">\r\n                    <\/a>\r\n                    <div class=\"twp-reaction-title\">Angry<\/div>\r\n                    <div class=\"twp-count-percent\">\r\n                                                    <span style=\"display: none;\" class=\"twp-react-count\">0<\/span>\r\n                                                                        <span class=\"twp-react-percent\"><span>0<\/span> %<\/span>\r\n                        \r\n                    <\/div>\r\n                <\/div>\r\n\r\n                <div class=\"twp-reacts-wrap\">\r\n                    <a react-data=\"be-react-5\" post-id=\"400\" class=\"be-face-icons un-reacted\" href=\"javascript:void(0)\">\r\n                        <img decoding=\"async\" src=\"https:\/\/jornaloassobio.pt\/wp-content\/plugins\/booster-extension\/\/assets\/icon\/surprise.svg\" alt=\"Surprise\">\r\n                    <\/a>\r\n                    <div class=\"twp-reaction-title\">Surprise<\/div>\r\n                    <div class=\"twp-count-percent\">\r\n                                                    <span style=\"display: none;\" class=\"twp-react-count\">0<\/span>\r\n                                                                        <span class=\"twp-react-percent\"><span>0<\/span> %<\/span>\r\n                                            <\/div>\r\n                <\/div>\r\n\r\n            <\/div>\r\n        <\/div>\r\n\r\n    ","protected":false},"excerpt":{"rendered":"<p>No dia 25 de outubro, pelas 10 horas e 30 minutos, decorreu, na Biblioteca da Escola Severim de Faria, a sess\u00e3o de inaugura\u00e7\u00e3o da exposi\u00e7\u00e3o de fotografia dos utentes da Casa Jo\u00e3o Cidade, institui\u00e7\u00e3o s\u00f3cio terap\u00eautica situada em Montemor -o Novo. A sess\u00e3o contou com a presen\u00e7a do Dr. Joaquim Serra, Subdiretor do Agrupamento de [&hellip;]<\/p>\n","protected":false},"author":6,"featured_media":526,"comment_status":"open","ping_status":"open","sticky":false,"template":"","format":"standard","meta":{"footnotes":""},"categories":[4],"tags":[],"class_list":["post-400","post","type-post","status-publish","format-standard","has-post-thumbnail","hentry","category-noticias"],"_links":{"self":[{"href":"https:\/\/jornaloassobio.pt\/index.php?rest_route=\/wp\/v2\/posts\/400","targetHints":{"allow":["GET"]}}],"collection":[{"href":"https:\/\/jornaloassobio.pt\/index.php?rest_route=\/wp\/v2\/posts"}],"about":[{"href":"https:\/\/jornaloassobio.pt\/index.php?rest_route=\/wp\/v2\/types\/post"}],"author":[{"embeddable":true,"href":"https:\/\/jornaloassobio.pt\/index.php?rest_route=\/wp\/v2\/users\/6"}],"replies":[{"embeddable":true,"href":"https:\/\/jornaloassobio.pt\/index.php?rest_route=%2Fwp%2Fv2%2Fcomments&post=400"}],"version-history":[{"count":11,"href":"https:\/\/jornaloassobio.pt\/index.php?rest_route=\/wp\/v2\/posts\/400\/revisions"}],"predecessor-version":[{"id":538,"href":"https:\/\/jornaloassobio.pt\/index.php?rest_route=\/wp\/v2\/posts\/400\/revisions\/538"}],"wp:featuredmedia":[{"embeddable":true,"href":"https:\/\/jornaloassobio.pt\/index.php?rest_route=\/wp\/v2\/media\/526"}],"wp:attachment":[{"href":"https:\/\/jornaloassobio.pt\/index.php?rest_route=%2Fwp%2Fv2%2Fmedia&parent=400"}],"wp:term":[{"taxonomy":"category","embeddable":true,"href":"https:\/\/jornaloassobio.pt\/index.php?rest_route=%2Fwp%2Fv2%2Fcategories&post=400"},{"taxonomy":"post_tag","embeddable":true,"href":"https:\/\/jornaloassobio.pt\/index.php?rest_route=%2Fwp%2Fv2%2Ftags&post=400"}],"curies":[{"name":"wp","href":"https:\/\/api.w.org\/{rel}","templated":true}]}}