{"id":4015,"date":"2025-10-16T15:46:51","date_gmt":"2025-10-16T15:46:51","guid":{"rendered":"https:\/\/jornaloassobio.pt\/?p=4015"},"modified":"2025-10-21T09:04:19","modified_gmt":"2025-10-21T09:04:19","slug":"dia-mundial-da-alimentacao-de-maos-dadas-contra-o-desperdicio-alimentar","status":"publish","type":"post","link":"https:\/\/jornaloassobio.pt\/?p=4015","title":{"rendered":"DIA MUNDIAL DA ALIMENTA\u00c7\u00c3O &#8211; DE M\u00c3OS DADAS CONTRA O DESPERD\u00cdCIO ALIMENTAR"},"content":{"rendered":"<div class='booster-block booster-read-block'>\r\n                <div class=\"twp-read-time\">\r\n                \t<i class=\"booster-icon twp-clock\"><\/i> <span>Read Time:<\/span>1 Minute, 17 Second                <\/div>\r\n\r\n            <\/div><p><img loading=\"lazy\" decoding=\"async\" class=\" wp-image-4016 aligncenter\" src=\"https:\/\/jornaloassobio.pt\/wp-content\/uploads\/2025\/10\/1ede55b6-9497-43ac-a8eb-9f926b0416ae-300x225.jpg\" alt=\"\" width=\"423\" height=\"317\" srcset=\"https:\/\/jornaloassobio.pt\/wp-content\/uploads\/2025\/10\/1ede55b6-9497-43ac-a8eb-9f926b0416ae-300x225.jpg 300w, https:\/\/jornaloassobio.pt\/wp-content\/uploads\/2025\/10\/1ede55b6-9497-43ac-a8eb-9f926b0416ae-1024x768.jpg 1024w, https:\/\/jornaloassobio.pt\/wp-content\/uploads\/2025\/10\/1ede55b6-9497-43ac-a8eb-9f926b0416ae-768x576.jpg 768w, https:\/\/jornaloassobio.pt\/wp-content\/uploads\/2025\/10\/1ede55b6-9497-43ac-a8eb-9f926b0416ae-1536x1152.jpg 1536w, https:\/\/jornaloassobio.pt\/wp-content\/uploads\/2025\/10\/1ede55b6-9497-43ac-a8eb-9f926b0416ae.jpg 2048w\" sizes=\"auto, (max-width: 423px) 100vw, 423px\" \/>\u00a0 \u00a0<img loading=\"lazy\" decoding=\"async\" class=\" wp-image-4017 aligncenter\" src=\"https:\/\/jornaloassobio.pt\/wp-content\/uploads\/2025\/10\/f6eb86d1-0b86-4f51-ba82-52adcb3f4425-1-300x225.jpg\" alt=\"\" width=\"363\" height=\"272\" srcset=\"https:\/\/jornaloassobio.pt\/wp-content\/uploads\/2025\/10\/f6eb86d1-0b86-4f51-ba82-52adcb3f4425-1-300x225.jpg 300w, https:\/\/jornaloassobio.pt\/wp-content\/uploads\/2025\/10\/f6eb86d1-0b86-4f51-ba82-52adcb3f4425-1-1024x768.jpg 1024w, https:\/\/jornaloassobio.pt\/wp-content\/uploads\/2025\/10\/f6eb86d1-0b86-4f51-ba82-52adcb3f4425-1-768x576.jpg 768w, https:\/\/jornaloassobio.pt\/wp-content\/uploads\/2025\/10\/f6eb86d1-0b86-4f51-ba82-52adcb3f4425-1-1536x1152.jpg 1536w, https:\/\/jornaloassobio.pt\/wp-content\/uploads\/2025\/10\/f6eb86d1-0b86-4f51-ba82-52adcb3f4425-1.jpg 2048w\" sizes=\"auto, (max-width: 363px) 100vw, 363px\" \/><img loading=\"lazy\" decoding=\"async\" class=\" wp-image-4019 aligncenter\" src=\"https:\/\/jornaloassobio.pt\/wp-content\/uploads\/2025\/10\/b40530ee-a7c1-4d04-9dc7-6e589540030b-300x225.jpg\" alt=\"\" width=\"352\" height=\"264\" srcset=\"https:\/\/jornaloassobio.pt\/wp-content\/uploads\/2025\/10\/b40530ee-a7c1-4d04-9dc7-6e589540030b-300x225.jpg 300w, https:\/\/jornaloassobio.pt\/wp-content\/uploads\/2025\/10\/b40530ee-a7c1-4d04-9dc7-6e589540030b-1024x768.jpg 1024w, https:\/\/jornaloassobio.pt\/wp-content\/uploads\/2025\/10\/b40530ee-a7c1-4d04-9dc7-6e589540030b-768x576.jpg 768w, https:\/\/jornaloassobio.pt\/wp-content\/uploads\/2025\/10\/b40530ee-a7c1-4d04-9dc7-6e589540030b-1536x1152.jpg 1536w, https:\/\/jornaloassobio.pt\/wp-content\/uploads\/2025\/10\/b40530ee-a7c1-4d04-9dc7-6e589540030b.jpg 2048w\" sizes=\"auto, (max-width: 352px) 100vw, 352px\" \/><\/p>\n<p><strong>Para comemorar o Dia Mundial da Alimenta\u00e7\u00e3o, foram expostos, na Biblioteca da Escola Secund\u00e1ria Severim de Faria, ilustra\u00e7\u00f5es e livros de receitas elaborados por\u00a0 alunos do Agrupamento de Escolas Severim de Faria :&#8221;Receitas partilhadas, entre olhares&#8221;, &#8220;No prato dos av\u00f3s&#8221; e &#8220;&#8221;Os Petiscos do Duarte (e amigos)&#8221;.<\/strong><\/p>\n<p><strong>O Dia Mundial da Alimenta\u00e7\u00e3o celebra-se, anualmente, a 16 de outubro.<\/strong><\/p>\n<p><strong>Este ano, o Dia Mundial da Alimenta\u00e7\u00e3o tem como tema \u201cDe m\u00e3os dadas por melhores alimentos e um futuro melhor\u201d, sendo assinalado em paralelo com o 80.\u00ba anivers\u00e1rio da Organiza\u00e7\u00e3o das Na\u00e7\u00f5es Unidas para Alimenta\u00e7\u00e3o e Agricultura (FAO).<\/strong><\/p>\n<p><strong>A tem\u00e1tica proposta para este ano convida a uma reflex\u00e3o sobre o papel individual e coletivo de cada um, n\u00e3o s\u00f3 para uma alimenta\u00e7\u00e3o mais sustent\u00e1vel, como tamb\u00e9m para o direito \u00e0 alimenta\u00e7\u00e3o.<\/strong><\/p>\n<p><strong>A import\u00e2ncia da abordagem da alimenta\u00e7\u00e3o saud\u00e1vel de uma forma hol\u00edstica, n\u00e3o s\u00f3 sob a dimens\u00e3o da sa\u00fade, mas tamb\u00e9m dos direitos humanos ou do desenvolvimento sustent\u00e1vel est\u00e1 consagrada na Estrat\u00e9gia Nacional de Educa\u00e7\u00e3o para a Cidadania (ENEC).<\/strong><\/p>\n<p><strong>Este ano, a FAO convida crian\u00e7as e jovens, dos 5 aos 19 anos, de todo o mundo a participar na competi\u00e7\u00e3o global para o Dia Mundial da Alimenta\u00e7\u00e3o. Para o fazerem, podem enviar uma ilustra\u00e7\u00e3o que inspire a\u00e7\u00f5es por um mundo em que todas as pessoas tenham acesso a uma alimenta\u00e7\u00e3o saud\u00e1vel.<\/strong><\/p>\n<p><strong>A submiss\u00e3o dos cartazes dever\u00e1 ser feita at\u00e9 7 de novembro de 2025 atrav\u00e9s do formul\u00e1rio\u00a0<em>online\u00a0<\/em>dispon\u00edvel na\u00a0<a href=\"https:\/\/www.fao.org\/worldfoodday-campaign\/contest\/upload-your-poster\/en\/\" target=\"_blank\" rel=\"noopener\">p\u00e1gina global da FAO<\/a>.<\/strong><\/p>\n<p><strong>https:\/\/www.dge.mec.pt\/noticias\/dia-mundial-da-alimentacao-2025<\/strong><\/p>\n<p>&nbsp;<\/p>\n<p><img decoding=\"async\" class=\"aligncenter\" src=\"https:\/\/www.dge.mec.pt\/sites\/default\/files\/styles\/slider_homepage_701x287\/public\/dia_mundial_da_alimentacao_2025.png?itok=xsl-LA_a\" \/><\/p>\n        <div class=\"booster-block booster-reactions-block\">\r\n            <div class=\"twp-reactions-icons\">\r\n                \r\n                <div class=\"twp-reacts-wrap\">\r\n                    <a react-data=\"be-react-1\" post-id=\"4015\" class=\"be-face-icons un-reacted\" href=\"javascript:void(0)\">\r\n                        <img decoding=\"async\" src=\"https:\/\/jornaloassobio.pt\/wp-content\/plugins\/booster-extension\/\/assets\/icon\/happy.svg\" alt=\"Happy\">\r\n                    <\/a>\r\n                    <div class=\"twp-reaction-title\">\r\n                        Happy                    <\/div>\r\n                    <div class=\"twp-count-percent\">\r\n                                                    <span style=\"display: none;\" class=\"twp-react-count\">0<\/span>\r\n                        \r\n                                                <span class=\"twp-react-percent\"><span>0<\/span> %<\/span>\r\n                                            <\/div>\r\n                <\/div>\r\n\r\n                <div class=\"twp-reacts-wrap\">\r\n                    <a react-data=\"be-react-2\" post-id=\"4015\" class=\"be-face-icons un-reacted\" href=\"javascript:void(0)\">\r\n                        <img decoding=\"async\" src=\"https:\/\/jornaloassobio.pt\/wp-content\/plugins\/booster-extension\/\/assets\/icon\/sad.svg\" alt=\"Sad\">\r\n                    <\/a>\r\n                    <div class=\"twp-reaction-title\">\r\n                        Sad                    <\/div>\r\n                    <div class=\"twp-count-percent\">\r\n                                                    <span style=\"display: none;\" class=\"twp-react-count\">0<\/span>\r\n                                                                        <span class=\"twp-react-percent\"><span>0<\/span> %<\/span>\r\n                                            <\/div>\r\n                <\/div>\r\n\r\n                <div class=\"twp-reacts-wrap\">\r\n                    <a react-data=\"be-react-3\" post-id=\"4015\" class=\"be-face-icons un-reacted\" href=\"javascript:void(0)\">\r\n                        <img decoding=\"async\" src=\"https:\/\/jornaloassobio.pt\/wp-content\/plugins\/booster-extension\/\/assets\/icon\/excited.svg\" alt=\"Excited\">\r\n                    <\/a>\r\n                    <div class=\"twp-reaction-title\">\r\n                        Excited                    <\/div>\r\n                    <div class=\"twp-count-percent\">\r\n                                                    <span style=\"display: none;\" class=\"twp-react-count\">0<\/span>\r\n                                                                        <span class=\"twp-react-percent\"><span>0<\/span> %<\/span>\r\n                                            <\/div>\r\n                <\/div>\r\n\r\n                <div class=\"twp-reacts-wrap\">\r\n                    <a react-data=\"be-react-6\" post-id=\"4015\" class=\"be-face-icons un-reacted\" href=\"javascript:void(0)\">\r\n                        <img decoding=\"async\" src=\"https:\/\/jornaloassobio.pt\/wp-content\/plugins\/booster-extension\/\/assets\/icon\/sleepy.svg\" alt=\"Sleepy\">\r\n                    <\/a>\r\n                    <div class=\"twp-reaction-title\">\r\n                        Sleepy                    <\/div>\r\n                    <div class=\"twp-count-percent\">\r\n                                                    <span style=\"display: none;\" class=\"twp-react-count\">0<\/span>\r\n                        \r\n                                                <span class=\"twp-react-percent\"><span>0<\/span> %<\/span>\r\n                                            <\/div>\r\n                <\/div>\r\n\r\n                <div class=\"twp-reacts-wrap\">\r\n                    <a react-data=\"be-react-4\" post-id=\"4015\" class=\"be-face-icons un-reacted\" href=\"javascript:void(0)\">\r\n                        <img decoding=\"async\" src=\"https:\/\/jornaloassobio.pt\/wp-content\/plugins\/booster-extension\/\/assets\/icon\/angry.svg\" alt=\"Angry\">\r\n                    <\/a>\r\n                    <div class=\"twp-reaction-title\">Angry<\/div>\r\n                    <div class=\"twp-count-percent\">\r\n                                                    <span style=\"display: none;\" class=\"twp-react-count\">0<\/span>\r\n                                                                        <span class=\"twp-react-percent\"><span>0<\/span> %<\/span>\r\n                        \r\n                    <\/div>\r\n                <\/div>\r\n\r\n                <div class=\"twp-reacts-wrap\">\r\n                    <a react-data=\"be-react-5\" post-id=\"4015\" class=\"be-face-icons un-reacted\" href=\"javascript:void(0)\">\r\n                        <img decoding=\"async\" src=\"https:\/\/jornaloassobio.pt\/wp-content\/plugins\/booster-extension\/\/assets\/icon\/surprise.svg\" alt=\"Surprise\">\r\n                    <\/a>\r\n                    <div class=\"twp-reaction-title\">Surprise<\/div>\r\n                    <div class=\"twp-count-percent\">\r\n                                                    <span style=\"display: none;\" class=\"twp-react-count\">0<\/span>\r\n                                                                        <span class=\"twp-react-percent\"><span>0<\/span> %<\/span>\r\n                                            <\/div>\r\n                <\/div>\r\n\r\n            <\/div>\r\n        <\/div>\r\n\r\n    ","protected":false},"excerpt":{"rendered":"<p>\u00a0 \u00a0 Para comemorar o Dia Mundial da Alimenta\u00e7\u00e3o, foram expostos, na Biblioteca da Escola Secund\u00e1ria Severim de Faria, ilustra\u00e7\u00f5es e livros de receitas elaborados por\u00a0 alunos do Agrupamento de Escolas Severim de Faria :&#8221;Receitas partilhadas, entre olhares&#8221;, &#8220;No prato dos av\u00f3s&#8221; e &#8220;&#8221;Os Petiscos do Duarte (e amigos)&#8221;. O Dia Mundial da Alimenta\u00e7\u00e3o celebra-se, [&hellip;]<\/p>\n","protected":false},"author":6,"featured_media":4018,"comment_status":"open","ping_status":"open","sticky":false,"template":"","format":"standard","meta":{"footnotes":""},"categories":[4],"tags":[],"class_list":["post-4015","post","type-post","status-publish","format-standard","has-post-thumbnail","hentry","category-noticias"],"_links":{"self":[{"href":"https:\/\/jornaloassobio.pt\/index.php?rest_route=\/wp\/v2\/posts\/4015","targetHints":{"allow":["GET"]}}],"collection":[{"href":"https:\/\/jornaloassobio.pt\/index.php?rest_route=\/wp\/v2\/posts"}],"about":[{"href":"https:\/\/jornaloassobio.pt\/index.php?rest_route=\/wp\/v2\/types\/post"}],"author":[{"embeddable":true,"href":"https:\/\/jornaloassobio.pt\/index.php?rest_route=\/wp\/v2\/users\/6"}],"replies":[{"embeddable":true,"href":"https:\/\/jornaloassobio.pt\/index.php?rest_route=%2Fwp%2Fv2%2Fcomments&post=4015"}],"version-history":[{"count":8,"href":"https:\/\/jornaloassobio.pt\/index.php?rest_route=\/wp\/v2\/posts\/4015\/revisions"}],"predecessor-version":[{"id":4028,"href":"https:\/\/jornaloassobio.pt\/index.php?rest_route=\/wp\/v2\/posts\/4015\/revisions\/4028"}],"wp:featuredmedia":[{"embeddable":true,"href":"https:\/\/jornaloassobio.pt\/index.php?rest_route=\/wp\/v2\/media\/4018"}],"wp:attachment":[{"href":"https:\/\/jornaloassobio.pt\/index.php?rest_route=%2Fwp%2Fv2%2Fmedia&parent=4015"}],"wp:term":[{"taxonomy":"category","embeddable":true,"href":"https:\/\/jornaloassobio.pt\/index.php?rest_route=%2Fwp%2Fv2%2Fcategories&post=4015"},{"taxonomy":"post_tag","embeddable":true,"href":"https:\/\/jornaloassobio.pt\/index.php?rest_route=%2Fwp%2Fv2%2Ftags&post=4015"}],"curies":[{"name":"wp","href":"https:\/\/api.w.org\/{rel}","templated":true}]}}