{"id":408,"date":"2023-10-26T08:21:15","date_gmt":"2023-10-26T08:21:15","guid":{"rendered":"https:\/\/jornaloassobio.pt\/?p=408"},"modified":"2023-12-05T10:43:32","modified_gmt":"2023-12-05T10:43:32","slug":"halloween-e-todos-os-santos-o-profano-e-o-sagrado","status":"publish","type":"post","link":"https:\/\/jornaloassobio.pt\/?p=408","title":{"rendered":"HALLOWEEN E TODOS OS SANTOS &#8211; O SAGRADO  E O PROFANO"},"content":{"rendered":"<div class='booster-block booster-read-block'>\r\n                <div class=\"twp-read-time\">\r\n                \t<i class=\"booster-icon twp-clock\"><\/i> <span>Read Time:<\/span>1 Minute, 57 Second                <\/div>\r\n\r\n            <\/div><p><img loading=\"lazy\" decoding=\"async\" class=\" wp-image-415 aligncenter\" src=\"https:\/\/jornaloassobio.pt\/wp-content\/uploads\/2023\/10\/Halloween-Wallpaper1-300x226.png\" alt=\"\" width=\"332\" height=\"250\" srcset=\"https:\/\/jornaloassobio.pt\/wp-content\/uploads\/2023\/10\/Halloween-Wallpaper1-300x226.png 300w, https:\/\/jornaloassobio.pt\/wp-content\/uploads\/2023\/10\/Halloween-Wallpaper1-768x578.png 768w, https:\/\/jornaloassobio.pt\/wp-content\/uploads\/2023\/10\/Halloween-Wallpaper1.png 960w\" sizes=\"auto, (max-width: 332px) 100vw, 332px\" \/><img loading=\"lazy\" decoding=\"async\" class=\"aligncenter\" src=\"https:\/\/www.portugal-realty.com\/templates\/yootheme\/cache\/All-Saints-Day-and-Halloween-in-Portugal-76299ada.jpeg\" alt=\"Dia de Todos os Santos e o Halloween em Portugal\" width=\"594\" height=\"198\" \/><\/p>\n<p>https:\/\/www.google.com\/search? halloween+e+todos+os+santos&amp;tbm<\/p>\n<p>No dia 1 de novembro, a Igreja Cat\u00f3lica celebra a solenidade lit\u00fargica de Todos os Santos, feriado nacional em Portugal, na qual lembra conjuntamente \u201cos eleitos que se encontram na gl\u00f3ria de Deus\u201d, tenham ou n\u00e3o sido canonizados oficialmente.<\/p>\n<p>As Igrejas do Oriente foram as primeiras (s\u00e9culo IV) a promover uma celebra\u00e7\u00e3o conjunta de todos os santos, quer no contexto feliz do tempo pascal, quer na semana a seguir.<\/p>\n<p>No Ocidente, foi o Papa Bonif\u00e1cio IV a introduzir uma celebra\u00e7\u00e3o semelhante, em 13 de maio de 610, quando a dedicou \u00e0 Sant\u00edssima Virgem e a todos os m\u00e1rtires do Pante\u00e3o de Roma, dedica\u00e7\u00e3o que passou a ser comemorada todos os anos.<\/p>\n<p>A partir destes antecedentes, as diversas Igrejas come\u00e7aram a solenizar, em datas diferentes, celebra\u00e7\u00f5es com conte\u00fado id\u00eantico.<\/p>\n<p>A data de 1 de novembro foi adotada, em primeiro lugar, na Inglaterra do s\u00e9culo VIII, acabando por se generalizar progressivamente no imp\u00e9rio de Carlos Magno, tornando-se obrigat\u00f3ria no reino dos Francos, no tempo de Lu\u00eds, o Pio (835), provavelmente a pedido do Papa Greg\u00f3rio IV (790-844).<\/p>\n<p>Segundo a tradi\u00e7\u00e3o, em Portugal, no Dia de Todos os Santos, as crian\u00e7as sa\u00edam \u00e0 rua e juntavam-se em pequenos grupos para pedir o \u2018P\u00e3o por Deus\u2019 de porta em porta: recitavam versos e recebiam como oferenda p\u00e3o, broas, bolos, rom\u00e3s e frutos secos, nozes, am\u00eandoas ou castanhas, que colocavam dentro dos seus sacos de pano; nalgumas aldeias chama-se a este dia o \u2018Dia dos Bolinhos\u2019.<\/p>\n<p>Em contraponto surge o Halloween, vers\u00e3o abreviada das frases All Hallows &#8216;Eve ou All Hallows&#8217; Evening, que significa \u201cV\u00e9spera de Todos os Santos\u201d, ou \u201cNoite de Todos os Santos\u201d, na tradu\u00e7\u00e3o para o portugu\u00eas. Deriva de um antigo festival pag\u00e3o celebrado pelos celtas h\u00e1 mais de 2.000 anos, chamado Samhain e \u00e9 assinalado na noite de 31 de outubro. Para al\u00e9m de estar ligado \u00e0 tradi\u00e7\u00e3o celta, relaciona-se com o fim das colheitas, a mudan\u00e7a de esta\u00e7\u00e3o e a chegada do inverno.<\/p>\n<p>De acordo com esta tradi\u00e7\u00e3o, nessa noite, os fantasmas dos mortos visitavam os vivos; a festa foi conservada no calend\u00e1rio irland\u00eas ap\u00f3s a cristianiza\u00e7\u00e3o do pa\u00eds e implantou-se mais tarde nos EUA.<\/p>\n<p>&nbsp;<\/p>\n<p>in https:\/\/agencia.ecclesia.pt\/portal\/1-de-novembro-igreja-catolica-evoca-todos-os-santos\/<\/p>\n        <div class=\"booster-block booster-reactions-block\">\r\n            <div class=\"twp-reactions-icons\">\r\n                \r\n                <div class=\"twp-reacts-wrap\">\r\n                    <a react-data=\"be-react-1\" post-id=\"408\" class=\"be-face-icons un-reacted\" href=\"javascript:void(0)\">\r\n                        <img decoding=\"async\" src=\"https:\/\/jornaloassobio.pt\/wp-content\/plugins\/booster-extension\/\/assets\/icon\/happy.svg\" alt=\"Happy\">\r\n                    <\/a>\r\n                    <div class=\"twp-reaction-title\">\r\n                        Happy                    <\/div>\r\n                    <div class=\"twp-count-percent\">\r\n                                                    <span style=\"display: none;\" class=\"twp-react-count\">0<\/span>\r\n                        \r\n                                                <span class=\"twp-react-percent\"><span>0<\/span> %<\/span>\r\n                                            <\/div>\r\n                <\/div>\r\n\r\n                <div class=\"twp-reacts-wrap\">\r\n                    <a react-data=\"be-react-2\" post-id=\"408\" class=\"be-face-icons un-reacted\" href=\"javascript:void(0)\">\r\n                        <img decoding=\"async\" src=\"https:\/\/jornaloassobio.pt\/wp-content\/plugins\/booster-extension\/\/assets\/icon\/sad.svg\" alt=\"Sad\">\r\n                    <\/a>\r\n                    <div class=\"twp-reaction-title\">\r\n                        Sad                    <\/div>\r\n                    <div class=\"twp-count-percent\">\r\n                                                    <span style=\"display: none;\" class=\"twp-react-count\">0<\/span>\r\n                                                                        <span class=\"twp-react-percent\"><span>0<\/span> %<\/span>\r\n                                            <\/div>\r\n                <\/div>\r\n\r\n                <div class=\"twp-reacts-wrap\">\r\n                    <a react-data=\"be-react-3\" post-id=\"408\" class=\"be-face-icons un-reacted\" href=\"javascript:void(0)\">\r\n                        <img decoding=\"async\" src=\"https:\/\/jornaloassobio.pt\/wp-content\/plugins\/booster-extension\/\/assets\/icon\/excited.svg\" alt=\"Excited\">\r\n                    <\/a>\r\n                    <div class=\"twp-reaction-title\">\r\n                        Excited                    <\/div>\r\n                    <div class=\"twp-count-percent\">\r\n                                                    <span style=\"display: none;\" class=\"twp-react-count\">0<\/span>\r\n                                                                        <span class=\"twp-react-percent\"><span>0<\/span> %<\/span>\r\n                                            <\/div>\r\n                <\/div>\r\n\r\n                <div class=\"twp-reacts-wrap\">\r\n                    <a react-data=\"be-react-6\" post-id=\"408\" class=\"be-face-icons un-reacted\" href=\"javascript:void(0)\">\r\n                        <img decoding=\"async\" src=\"https:\/\/jornaloassobio.pt\/wp-content\/plugins\/booster-extension\/\/assets\/icon\/sleepy.svg\" alt=\"Sleepy\">\r\n                    <\/a>\r\n                    <div class=\"twp-reaction-title\">\r\n                        Sleepy                    <\/div>\r\n                    <div class=\"twp-count-percent\">\r\n                                                    <span style=\"display: none;\" class=\"twp-react-count\">0<\/span>\r\n                        \r\n                                                <span class=\"twp-react-percent\"><span>0<\/span> %<\/span>\r\n                                            <\/div>\r\n                <\/div>\r\n\r\n                <div class=\"twp-reacts-wrap\">\r\n                    <a react-data=\"be-react-4\" post-id=\"408\" class=\"be-face-icons un-reacted\" href=\"javascript:void(0)\">\r\n                        <img decoding=\"async\" src=\"https:\/\/jornaloassobio.pt\/wp-content\/plugins\/booster-extension\/\/assets\/icon\/angry.svg\" alt=\"Angry\">\r\n                    <\/a>\r\n                    <div class=\"twp-reaction-title\">Angry<\/div>\r\n                    <div class=\"twp-count-percent\">\r\n                                                    <span style=\"display: none;\" class=\"twp-react-count\">0<\/span>\r\n                                                                        <span class=\"twp-react-percent\"><span>0<\/span> %<\/span>\r\n                        \r\n                    <\/div>\r\n                <\/div>\r\n\r\n                <div class=\"twp-reacts-wrap\">\r\n                    <a react-data=\"be-react-5\" post-id=\"408\" class=\"be-face-icons un-reacted\" href=\"javascript:void(0)\">\r\n                        <img decoding=\"async\" src=\"https:\/\/jornaloassobio.pt\/wp-content\/plugins\/booster-extension\/\/assets\/icon\/surprise.svg\" alt=\"Surprise\">\r\n                    <\/a>\r\n                    <div class=\"twp-reaction-title\">Surprise<\/div>\r\n                    <div class=\"twp-count-percent\">\r\n                                                    <span style=\"display: none;\" class=\"twp-react-count\">0<\/span>\r\n                                                                        <span class=\"twp-react-percent\"><span>0<\/span> %<\/span>\r\n                                            <\/div>\r\n                <\/div>\r\n\r\n            <\/div>\r\n        <\/div>\r\n\r\n    ","protected":false},"excerpt":{"rendered":"<p>https:\/\/www.google.com\/search? halloween+e+todos+os+santos&amp;tbm No dia 1 de novembro, a Igreja Cat\u00f3lica celebra a solenidade lit\u00fargica de Todos os Santos, feriado nacional em Portugal, na qual lembra conjuntamente \u201cos eleitos que se encontram na gl\u00f3ria de Deus\u201d, tenham ou n\u00e3o sido canonizados oficialmente. As Igrejas do Oriente foram as primeiras (s\u00e9culo IV) a promover uma celebra\u00e7\u00e3o conjunta [&hellip;]<\/p>\n","protected":false},"author":6,"featured_media":415,"comment_status":"open","ping_status":"open","sticky":false,"template":"","format":"standard","meta":{"footnotes":""},"categories":[4],"tags":[],"class_list":["post-408","post","type-post","status-publish","format-standard","has-post-thumbnail","hentry","category-noticias"],"_links":{"self":[{"href":"https:\/\/jornaloassobio.pt\/index.php?rest_route=\/wp\/v2\/posts\/408","targetHints":{"allow":["GET"]}}],"collection":[{"href":"https:\/\/jornaloassobio.pt\/index.php?rest_route=\/wp\/v2\/posts"}],"about":[{"href":"https:\/\/jornaloassobio.pt\/index.php?rest_route=\/wp\/v2\/types\/post"}],"author":[{"embeddable":true,"href":"https:\/\/jornaloassobio.pt\/index.php?rest_route=\/wp\/v2\/users\/6"}],"replies":[{"embeddable":true,"href":"https:\/\/jornaloassobio.pt\/index.php?rest_route=%2Fwp%2Fv2%2Fcomments&post=408"}],"version-history":[{"count":8,"href":"https:\/\/jornaloassobio.pt\/index.php?rest_route=\/wp\/v2\/posts\/408\/revisions"}],"predecessor-version":[{"id":419,"href":"https:\/\/jornaloassobio.pt\/index.php?rest_route=\/wp\/v2\/posts\/408\/revisions\/419"}],"wp:featuredmedia":[{"embeddable":true,"href":"https:\/\/jornaloassobio.pt\/index.php?rest_route=\/wp\/v2\/media\/415"}],"wp:attachment":[{"href":"https:\/\/jornaloassobio.pt\/index.php?rest_route=%2Fwp%2Fv2%2Fmedia&parent=408"}],"wp:term":[{"taxonomy":"category","embeddable":true,"href":"https:\/\/jornaloassobio.pt\/index.php?rest_route=%2Fwp%2Fv2%2Fcategories&post=408"},{"taxonomy":"post_tag","embeddable":true,"href":"https:\/\/jornaloassobio.pt\/index.php?rest_route=%2Fwp%2Fv2%2Ftags&post=408"}],"curies":[{"name":"wp","href":"https:\/\/api.w.org\/{rel}","templated":true}]}}