{"id":4093,"date":"2025-10-22T21:43:01","date_gmt":"2025-10-22T21:43:01","guid":{"rendered":"https:\/\/jornaloassobio.pt\/?p=4093"},"modified":"2025-10-22T21:43:01","modified_gmt":"2025-10-22T21:43:01","slug":"dia-europeu-sem-carros","status":"publish","type":"post","link":"https:\/\/jornaloassobio.pt\/?p=4093","title":{"rendered":"Dia Europeu Sem Carros"},"content":{"rendered":"<div class='booster-block booster-read-block'>\r\n                <div class=\"twp-read-time\">\r\n                \t<i class=\"booster-icon twp-clock\"><\/i> <span>Read Time:<\/span>39 Second                <\/div>\r\n\r\n            <\/div><div id='gallery-1' class='gallery galleryid-4093 gallery-columns-3 gallery-size-large'><figure class='gallery-item'>\n\t\t\t<div class='gallery-icon portrait'>\n\t\t\t\t<a href='https:\/\/jornaloassobio.pt\/?attachment_id=4097'><img loading=\"lazy\" decoding=\"async\" width=\"509\" height=\"720\" src=\"https:\/\/jornaloassobio.pt\/wp-content\/uploads\/2025\/10\/DiaScarros4.jpg\" class=\"attachment-large size-large\" alt=\"\" srcset=\"https:\/\/jornaloassobio.pt\/wp-content\/uploads\/2025\/10\/DiaScarros4.jpg 509w, https:\/\/jornaloassobio.pt\/wp-content\/uploads\/2025\/10\/DiaScarros4-212x300.jpg 212w\" sizes=\"auto, (max-width: 509px) 100vw, 509px\" \/><\/a>\n\t\t\t<\/div><\/figure><figure class='gallery-item'>\n\t\t\t<div class='gallery-icon portrait'>\n\t\t\t\t<a href='https:\/\/jornaloassobio.pt\/?attachment_id=4098'><img loading=\"lazy\" decoding=\"async\" width=\"709\" height=\"1024\" src=\"https:\/\/jornaloassobio.pt\/wp-content\/uploads\/2025\/10\/Ficha-tematica-mobilidade_page-0001-709x1024.jpg\" class=\"attachment-large size-large\" alt=\"\" srcset=\"https:\/\/jornaloassobio.pt\/wp-content\/uploads\/2025\/10\/Ficha-tematica-mobilidade_page-0001-709x1024.jpg 709w, https:\/\/jornaloassobio.pt\/wp-content\/uploads\/2025\/10\/Ficha-tematica-mobilidade_page-0001-208x300.jpg 208w, https:\/\/jornaloassobio.pt\/wp-content\/uploads\/2025\/10\/Ficha-tematica-mobilidade_page-0001-768x1109.jpg 768w, https:\/\/jornaloassobio.pt\/wp-content\/uploads\/2025\/10\/Ficha-tematica-mobilidade_page-0001-1063x1536.jpg 1063w, https:\/\/jornaloassobio.pt\/wp-content\/uploads\/2025\/10\/Ficha-tematica-mobilidade_page-0001.jpg 1125w\" sizes=\"auto, (max-width: 709px) 100vw, 709px\" \/><\/a>\n\t\t\t<\/div><\/figure><figure class='gallery-item'>\n\t\t\t<div class='gallery-icon portrait'>\n\t\t\t\t<a href='https:\/\/jornaloassobio.pt\/?attachment_id=4099'><img loading=\"lazy\" decoding=\"async\" width=\"709\" height=\"1024\" src=\"https:\/\/jornaloassobio.pt\/wp-content\/uploads\/2025\/10\/Ficha-tematica-mobilidade_page-0002-709x1024.jpg\" class=\"attachment-large size-large\" alt=\"\" srcset=\"https:\/\/jornaloassobio.pt\/wp-content\/uploads\/2025\/10\/Ficha-tematica-mobilidade_page-0002-709x1024.jpg 709w, https:\/\/jornaloassobio.pt\/wp-content\/uploads\/2025\/10\/Ficha-tematica-mobilidade_page-0002-208x300.jpg 208w, https:\/\/jornaloassobio.pt\/wp-content\/uploads\/2025\/10\/Ficha-tematica-mobilidade_page-0002-768x1109.jpg 768w, https:\/\/jornaloassobio.pt\/wp-content\/uploads\/2025\/10\/Ficha-tematica-mobilidade_page-0002-1063x1536.jpg 1063w, https:\/\/jornaloassobio.pt\/wp-content\/uploads\/2025\/10\/Ficha-tematica-mobilidade_page-0002.jpg 1125w\" sizes=\"auto, (max-width: 709px) 100vw, 709px\" \/><\/a>\n\t\t\t<\/div><\/figure>\n\t\t<\/div>\n\n<p>No in\u00edcio do ano letivo, alunos, professores e amigos do Agrupamento celebraram o dia Europeu Sem Carros e participaram na j\u00e1 tradicional Volta \u00e0s Escolas, em Bicicleta, que ligou diversas escolas da cidade, uma atividade integrada na semana da mobilidade europeia do municipio de \u00c9vora.<\/p>\n<p>O\u00a0<strong>Dia\u00a0Europeu\u00a0Sem\u00a0Carros<\/strong>\u00a0\u00e9\u00a0celebrado\u00a0anualmente\u00a0no\u00a0<strong>dia 22 de setembro\u00a0<\/strong>para sensibilizar as popula\u00e7\u00f5es e as autoridades sobre a necessidade de reduzir o tr\u00e1fego rodovi\u00e1rio nas cidades, promovendo o uso de meios de transporte menos poluentes, como transportes p\u00fablicos e bicicletas.<\/p>\n<p><img loading=\"lazy\" decoding=\"async\" class=\"size-full wp-image-4096 aligncenter\" src=\"https:\/\/jornaloassobio.pt\/wp-content\/uploads\/2025\/10\/DiaScarros3.jpg\" alt=\"\" width=\"200\" height=\"283\" \/><\/p>\n<p>Liga\u00e7\u00f5es \u00fateis:<\/p>\n<p>https:\/\/apambiente.pt\/destaque2\/dia-europeu-sem-carros<\/p>\n<p>https:\/\/eurocid.mne.gov.pt\/eventos\/semana-europeia-da-mobilidade<\/p>\n<p>https:\/\/www.adcoesao.pt\/hoje-celebra-se-o-dia-europeu-sem-carros\/<\/p>\n        <div class=\"booster-block booster-reactions-block\">\r\n            <div class=\"twp-reactions-icons\">\r\n                \r\n                <div class=\"twp-reacts-wrap\">\r\n                    <a react-data=\"be-react-1\" post-id=\"4093\" class=\"be-face-icons un-reacted\" href=\"javascript:void(0)\">\r\n                        <img decoding=\"async\" src=\"https:\/\/jornaloassobio.pt\/wp-content\/plugins\/booster-extension\/\/assets\/icon\/happy.svg\" alt=\"Happy\">\r\n                    <\/a>\r\n                    <div class=\"twp-reaction-title\">\r\n                        Happy                    <\/div>\r\n                    <div class=\"twp-count-percent\">\r\n                                                    <span style=\"display: none;\" class=\"twp-react-count\">0<\/span>\r\n                        \r\n                                                <span class=\"twp-react-percent\"><span>0<\/span> %<\/span>\r\n                                            <\/div>\r\n                <\/div>\r\n\r\n                <div class=\"twp-reacts-wrap\">\r\n                    <a react-data=\"be-react-2\" post-id=\"4093\" class=\"be-face-icons un-reacted\" href=\"javascript:void(0)\">\r\n                        <img decoding=\"async\" src=\"https:\/\/jornaloassobio.pt\/wp-content\/plugins\/booster-extension\/\/assets\/icon\/sad.svg\" alt=\"Sad\">\r\n                    <\/a>\r\n                    <div class=\"twp-reaction-title\">\r\n                        Sad                    <\/div>\r\n                    <div class=\"twp-count-percent\">\r\n                                                    <span style=\"display: none;\" class=\"twp-react-count\">0<\/span>\r\n                                                                        <span class=\"twp-react-percent\"><span>0<\/span> %<\/span>\r\n                                            <\/div>\r\n                <\/div>\r\n\r\n                <div class=\"twp-reacts-wrap\">\r\n                    <a react-data=\"be-react-3\" post-id=\"4093\" class=\"be-face-icons un-reacted\" href=\"javascript:void(0)\">\r\n                        <img decoding=\"async\" src=\"https:\/\/jornaloassobio.pt\/wp-content\/plugins\/booster-extension\/\/assets\/icon\/excited.svg\" alt=\"Excited\">\r\n                    <\/a>\r\n                    <div class=\"twp-reaction-title\">\r\n                        Excited                    <\/div>\r\n                    <div class=\"twp-count-percent\">\r\n                                                    <span style=\"display: none;\" class=\"twp-react-count\">0<\/span>\r\n                                                                        <span class=\"twp-react-percent\"><span>0<\/span> %<\/span>\r\n                                            <\/div>\r\n                <\/div>\r\n\r\n                <div class=\"twp-reacts-wrap\">\r\n                    <a react-data=\"be-react-6\" post-id=\"4093\" class=\"be-face-icons un-reacted\" href=\"javascript:void(0)\">\r\n                        <img decoding=\"async\" src=\"https:\/\/jornaloassobio.pt\/wp-content\/plugins\/booster-extension\/\/assets\/icon\/sleepy.svg\" alt=\"Sleepy\">\r\n                    <\/a>\r\n                    <div class=\"twp-reaction-title\">\r\n                        Sleepy                    <\/div>\r\n                    <div class=\"twp-count-percent\">\r\n                                                    <span style=\"display: none;\" class=\"twp-react-count\">0<\/span>\r\n                        \r\n                                                <span class=\"twp-react-percent\"><span>0<\/span> %<\/span>\r\n                                            <\/div>\r\n                <\/div>\r\n\r\n                <div class=\"twp-reacts-wrap\">\r\n                    <a react-data=\"be-react-4\" post-id=\"4093\" class=\"be-face-icons un-reacted\" href=\"javascript:void(0)\">\r\n                        <img decoding=\"async\" src=\"https:\/\/jornaloassobio.pt\/wp-content\/plugins\/booster-extension\/\/assets\/icon\/angry.svg\" alt=\"Angry\">\r\n                    <\/a>\r\n                    <div class=\"twp-reaction-title\">Angry<\/div>\r\n                    <div class=\"twp-count-percent\">\r\n                                                    <span style=\"display: none;\" class=\"twp-react-count\">0<\/span>\r\n                                                                        <span class=\"twp-react-percent\"><span>0<\/span> %<\/span>\r\n                        \r\n                    <\/div>\r\n                <\/div>\r\n\r\n                <div class=\"twp-reacts-wrap\">\r\n                    <a react-data=\"be-react-5\" post-id=\"4093\" class=\"be-face-icons un-reacted\" href=\"javascript:void(0)\">\r\n                        <img decoding=\"async\" src=\"https:\/\/jornaloassobio.pt\/wp-content\/plugins\/booster-extension\/\/assets\/icon\/surprise.svg\" alt=\"Surprise\">\r\n                    <\/a>\r\n                    <div class=\"twp-reaction-title\">Surprise<\/div>\r\n                    <div class=\"twp-count-percent\">\r\n                                                    <span style=\"display: none;\" class=\"twp-react-count\">0<\/span>\r\n                                                                        <span class=\"twp-react-percent\"><span>0<\/span> %<\/span>\r\n                                            <\/div>\r\n                <\/div>\r\n\r\n            <\/div>\r\n        <\/div>\r\n\r\n    ","protected":false},"excerpt":{"rendered":"<p>No in\u00edcio do ano letivo, alunos, professores e amigos do Agrupamento celebraram o dia Europeu Sem Carros e participaram na j\u00e1 tradicional Volta \u00e0s Escolas, em Bicicleta, que ligou diversas escolas da cidade, uma atividade integrada na semana da mobilidade europeia do municipio de \u00c9vora. O\u00a0Dia\u00a0Europeu\u00a0Sem\u00a0Carros\u00a0\u00e9\u00a0celebrado\u00a0anualmente\u00a0no\u00a0dia 22 de setembro\u00a0para sensibilizar as popula\u00e7\u00f5es e as autoridades [&hellip;]<\/p>\n","protected":false},"author":5,"featured_media":4097,"comment_status":"open","ping_status":"open","sticky":false,"template":"","format":"standard","meta":{"footnotes":""},"categories":[4],"tags":[],"class_list":["post-4093","post","type-post","status-publish","format-standard","has-post-thumbnail","hentry","category-noticias"],"_links":{"self":[{"href":"https:\/\/jornaloassobio.pt\/index.php?rest_route=\/wp\/v2\/posts\/4093","targetHints":{"allow":["GET"]}}],"collection":[{"href":"https:\/\/jornaloassobio.pt\/index.php?rest_route=\/wp\/v2\/posts"}],"about":[{"href":"https:\/\/jornaloassobio.pt\/index.php?rest_route=\/wp\/v2\/types\/post"}],"author":[{"embeddable":true,"href":"https:\/\/jornaloassobio.pt\/index.php?rest_route=\/wp\/v2\/users\/5"}],"replies":[{"embeddable":true,"href":"https:\/\/jornaloassobio.pt\/index.php?rest_route=%2Fwp%2Fv2%2Fcomments&post=4093"}],"version-history":[{"count":3,"href":"https:\/\/jornaloassobio.pt\/index.php?rest_route=\/wp\/v2\/posts\/4093\/revisions"}],"predecessor-version":[{"id":4102,"href":"https:\/\/jornaloassobio.pt\/index.php?rest_route=\/wp\/v2\/posts\/4093\/revisions\/4102"}],"wp:featuredmedia":[{"embeddable":true,"href":"https:\/\/jornaloassobio.pt\/index.php?rest_route=\/wp\/v2\/media\/4097"}],"wp:attachment":[{"href":"https:\/\/jornaloassobio.pt\/index.php?rest_route=%2Fwp%2Fv2%2Fmedia&parent=4093"}],"wp:term":[{"taxonomy":"category","embeddable":true,"href":"https:\/\/jornaloassobio.pt\/index.php?rest_route=%2Fwp%2Fv2%2Fcategories&post=4093"},{"taxonomy":"post_tag","embeddable":true,"href":"https:\/\/jornaloassobio.pt\/index.php?rest_route=%2Fwp%2Fv2%2Ftags&post=4093"}],"curies":[{"name":"wp","href":"https:\/\/api.w.org\/{rel}","templated":true}]}}