{"id":4118,"date":"2025-10-22T22:44:06","date_gmt":"2025-10-22T22:44:06","guid":{"rendered":"https:\/\/jornaloassobio.pt\/?p=4118"},"modified":"2025-10-22T22:44:06","modified_gmt":"2025-10-22T22:44:06","slug":"premios-nobel-2025","status":"publish","type":"post","link":"https:\/\/jornaloassobio.pt\/?p=4118","title":{"rendered":"Pr\u00e9mios Nobel 2025"},"content":{"rendered":"<div class='booster-block booster-read-block'>\r\n                <div class=\"twp-read-time\">\r\n                \t<i class=\"booster-icon twp-clock\"><\/i> <span>Read Time:<\/span>2 Minute, 55 Second                <\/div>\r\n\r\n            <\/div><p><img loading=\"lazy\" decoding=\"async\" class=\"size-medium wp-image-4120 aligncenter\" src=\"https:\/\/jornaloassobio.pt\/wp-content\/uploads\/2025\/10\/Nobel-300x169.jpg\" alt=\"\" width=\"300\" height=\"169\" srcset=\"https:\/\/jornaloassobio.pt\/wp-content\/uploads\/2025\/10\/Nobel-300x169.jpg 300w, https:\/\/jornaloassobio.pt\/wp-content\/uploads\/2025\/10\/Nobel-768x432.jpg 768w, https:\/\/jornaloassobio.pt\/wp-content\/uploads\/2025\/10\/Nobel.jpg 800w\" sizes=\"auto, (max-width: 300px) 100vw, 300px\" \/><\/p>\n<p>Este ano volt\u00e1mos a ter not\u00edcia dos vencedores do pr\u00e9mio Nobel.<\/p>\n<p>Estes pr\u00e9mios distinguem anualmente pessoas ou institui\u00e7\u00f5es que se destacam por contribui\u00e7\u00f5es not\u00e1veis nas \u00e1reas da <strong>F\u00edsica, Qu\u00edmica, Medicina, Literatura, Paz<\/strong> e, mais recentemente, <strong>Economia<\/strong>.<\/p>\n<p>Foram criados por vontade do qu\u00edmico, engenheiro, inventor, empres\u00e1rio e filantropo sueco sueco Alfred Nobel (1833-1896), que destinou a sua fortuna para reconhecer aqueles que trouxessem \u201co maior benef\u00edcio \u00e0 humanidade\u201d.<\/p>\n<p>A entrega dos pr\u00e9mios realiza-se desde 1901, com cerim\u00f3nias em Estocolmo e Oslo. Estes galard\u00f5es simbolizam o reconhecimento mundial da excel\u00eancia cient\u00edfica, cultural e humanit\u00e1ria, e continuam a inspirar gera\u00e7\u00f5es na procura do progresso, da paz e do conhecimento.<\/p>\n<p>Os laureados dos Pr\u00e9mios Nobel de 2025 s\u00e3o:<\/p>\n<ul data-start=\"111\" data-end=\"1383\">\n<li data-start=\"111\" data-end=\"314\">\n<p data-start=\"113\" data-end=\"314\">F\u00edsica: <strong>John\u202fClarke; Michel\u202fH.\u202fDevoret; John\u202fM.\u202fMartinis<\/strong> \u2014 \u00abpela descoberta do tunelamento qu\u00e2ntico macrosc\u00f3pico e quantiza\u00e7\u00e3o de energia num circuito el\u00e9trico\u00bb.<\/p>\n<\/li>\n<li data-start=\"315\" data-end=\"501\">\n<p data-start=\"317\" data-end=\"501\">Qu\u00edmica: <strong>Susumu\u202fKitagawa; Richard\u202fRobson; Omar\u202fM.\u202fYaghi<\/strong> \u2014 \u00abpelo desenvolvimento de estruturas metal-org\u00e2nicas (metal\u2013organic frameworks, MOFs)\u00bb.<\/p>\n<\/li>\n<li data-start=\"502\" data-end=\"687\">\n<p data-start=\"504\" data-end=\"687\">Fisiologia ou Medicina: <strong>Mary\u202fE.\u202fBrunkow; Fred\u202fRamsdell; Shimon\u202fSakaguchi<\/strong> \u2014 \u00abpelas suas descobertas sobre a toler\u00e2ncia imunit\u00e1ria perif\u00e9rica\u00bb.<\/p>\n<\/li>\n<li data-start=\"688\" data-end=\"870\">\n<p data-start=\"690\" data-end=\"870\">Literatura: <strong>L\u00e1szl\u00f3\u202fKrasznahorkai<\/strong> \u2014 \u00abpela sua obra convincente e vision\u00e1ria que, no meio do terror apocal\u00edptico, reafirma o poder da arte\u00bb.<\/p>\n<\/li>\n<li data-start=\"871\" data-end=\"1114\">\n<p data-start=\"873\" data-end=\"1114\">Paz: <strong>Mar\u00eda\u202fCorina\u202fMachado<\/strong> \u2014 \u00abpelo trabalho incans\u00e1vel em promover os direitos democr\u00e1ticos para o povo da Venezuela e a luta por uma transi\u00e7\u00e3o justa e pac\u00edfica da ditadura para a democracia\u00bb.<\/p>\n<\/li>\n<li data-start=\"1115\" data-end=\"1383\">\n<p data-start=\"1117\" data-end=\"1383\">Ci\u00eancias Econ\u00f3micas (Pr\u00e9mio de Ci\u00eancias Econ\u00f3micas em mem\u00f3ria de Alfred\u202fNobel): <strong>Joel\u202fMokyr; Philippe\u202fAghion; Peter\u202fHowitt<\/strong> \u2014 \u00abpor terem explicado o crescimento econ\u00f3mico impulsionado pela inova\u00e7\u00e3o e pela destrui\u00e7\u00e3o criativa\u00bb.<\/p>\n<\/li>\n<\/ul>\n<p data-start=\"0\" data-end=\"191\">Os <strong data-start=\"3\" data-end=\"20\">Pr\u00e9mios Nobel<\/strong> s\u00e3o anunciados todos os anos no in\u00edcio de <strong data-start=\"63\" data-end=\"74\">outubro<\/strong>, segundo um calend\u00e1rio definido pela Funda\u00e7\u00e3o Nobel. Cada categoria tem a sua data e local de an\u00fancio espec\u00edficos, em Estocolmo (Su\u00e9cia) e em Oslo (Noruega).<\/p>\n<p data-start=\"0\" data-end=\"191\">As <strong data-start=\"763\" data-end=\"788\">cerim\u00f3nias de entrega<\/strong> dos pr\u00e9mios realizam-se a <strong data-start=\"803\" data-end=\"821\">10 de dezembro<\/strong>, data do anivers\u00e1rio da morte de <strong data-start=\"855\" data-end=\"871\">Alfred Nobel<\/strong>, em Estocolmo e em Oslo. Depois da cerim\u00f3nia, segue-se um banquete. Cada vencedor de um <strong data-start=\"20\" data-end=\"36\">Pr\u00e9mio Nobel<\/strong> recebe tr\u00eas elementos principais:<\/p>\n<ol data-start=\"74\" data-end=\"576\">\n<li data-start=\"74\" data-end=\"210\">\n<p data-start=\"77\" data-end=\"210\"><strong data-start=\"80\" data-end=\"103\">Uma medalha de ouro<\/strong> \u2013 gravada com o retrato de Alfred Nobel e uma ilustra\u00e7\u00e3o diferente, de acordo com a categoria do pr\u00e9mio.<\/p>\n<\/li>\n<li data-start=\"211\" data-end=\"362\">\n<p data-start=\"214\" data-end=\"362\"><strong data-start=\"217\" data-end=\"237\">Um diploma Nobel<\/strong> \u2013 um documento art\u00edstico e \u00fanico, criado por artistas suecos e noruegueses, que descreve o motivo da atribui\u00e7\u00e3o do pr\u00e9mio.<\/p>\n<\/li>\n<li data-start=\"363\" data-end=\"576\">\n<p data-start=\"366\" data-end=\"576\"><strong data-start=\"369\" data-end=\"394\">Um pr\u00e9mio em dinheiro<\/strong> \u2013 cujo valor varia todos os anos, conforme os rendimentos da Funda\u00e7\u00e3o Nobel. Em 2025, o montante \u00e9 de <strong data-start=\"497\" data-end=\"528\">11 milh\u00f5es de coroas suecas<\/strong> (cerca de <strong data-start=\"539\" data-end=\"556\">950 mil euros<\/strong>) por cada pr\u00e9mio. (Se o pr\u00e9mio for atribu\u00eddo a mais do que uma pessoa, o valor monet\u00e1rio \u00e9 dividido entre os laureados.)<\/p>\n<\/li>\n<\/ol>\n<p style=\"text-align: center;\"><img loading=\"lazy\" decoding=\"async\" class=\"size-medium wp-image-4119 aligncenter\" src=\"https:\/\/jornaloassobio.pt\/wp-content\/uploads\/2025\/10\/Laszlo-Krasznahorkai-300x200.jpg\" alt=\"\" width=\"300\" height=\"200\" srcset=\"https:\/\/jornaloassobio.pt\/wp-content\/uploads\/2025\/10\/Laszlo-Krasznahorkai-300x200.jpg 300w, https:\/\/jornaloassobio.pt\/wp-content\/uploads\/2025\/10\/Laszlo-Krasznahorkai-1024x683.jpg 1024w, https:\/\/jornaloassobio.pt\/wp-content\/uploads\/2025\/10\/Laszlo-Krasznahorkai-768x512.jpg 768w, https:\/\/jornaloassobio.pt\/wp-content\/uploads\/2025\/10\/Laszlo-Krasznahorkai-1536x1024.jpg 1536w, https:\/\/jornaloassobio.pt\/wp-content\/uploads\/2025\/10\/Laszlo-Krasznahorkai-2048x1366.jpg 2048w\" sizes=\"auto, (max-width: 300px) 100vw, 300px\" \/><strong>L\u00e1szl\u00f3\u202fKrasznahorkai<\/strong>\u00a0 &#8211; <b>PR\u00c9MIO NOBEL DA LITERATURA 2025<\/b><\/p>\n<p>&#8220;L\u00e1szl\u00f3 Krasznahorkai (Gyula, 1954), \u00abmestre h\u00fangaro do Apocalipse\u00bb, segundo Susan Sontag, e \u00abautor intenso e intransigente\u00bb, segundo W. G. Sebald, \u00e9 autor de uma obra vision\u00e1ria, traduzida em quarenta l\u00ednguas, constitu\u00edda por romances, como <i>O Tango de Satan\u00e1s<\/i>\u00a0(1985),\u00a0<i>Az ellen\u00e1ll\u00e1s melank\u00f3li\u00e1ja [Melancolia da Resist\u00eancia]<\/i>\u00a0(1989),\u00a0<i>H\u00e1bor\u00fa \u00e9s h\u00e1bor\u00fa [Guerra e Guerra]<\/i>\u00a0(1991) ou\u00a0<i>Herscht 07769<\/i>\u00a0(2021), fic\u00e7\u00e3o breve, ensaios e gui\u00f5es que resultaram em adapta\u00e7\u00f5es cinematogr\u00e1ficas por B\u00e9la Tarr. Foi distinguido com in\u00fameros pr\u00e9mios liter\u00e1rios, nos quais se incluem o\u00a0<i>America Award in Literature<\/i>\u00a0em 2014, o\u00a0<i>Man Booker International Prize<\/i>\u00a0em 2015, o Pr\u00e9mio\u00a0<i>Kossuth<\/i>, o\u00a0<i>National Book Award for Translated Literature<\/i>\u00a0em 2019, o\u00a0<i>Austrian State Prize<\/i>\u00a0em 2022 e o\u00a0<i>Prix Formentor<\/i> em 2024.&#8221;\u00a0 (https:\/\/www.wook.pt)<\/p>\n<p>Liga\u00e7\u00f5es \u00fateis:<\/p>\n<p>https:\/\/www.nobelprize.org\/<\/p>\n<p>https:\/\/www.nobelprize.org\/prizes\/literature\/2025\/bio-bibliography\/<\/p>\n<p>https:\/\/pt.wikipedia.org\/wiki\/Laureados_com_o_Nobel<\/p>\n        <div class=\"booster-block booster-reactions-block\">\r\n            <div class=\"twp-reactions-icons\">\r\n                \r\n                <div class=\"twp-reacts-wrap\">\r\n                    <a react-data=\"be-react-1\" post-id=\"4118\" class=\"be-face-icons un-reacted\" href=\"javascript:void(0)\">\r\n                        <img decoding=\"async\" src=\"https:\/\/jornaloassobio.pt\/wp-content\/plugins\/booster-extension\/\/assets\/icon\/happy.svg\" alt=\"Happy\">\r\n                    <\/a>\r\n                    <div class=\"twp-reaction-title\">\r\n                        Happy                    <\/div>\r\n                    <div class=\"twp-count-percent\">\r\n                                                    <span style=\"display: none;\" class=\"twp-react-count\">0<\/span>\r\n                        \r\n                                                <span class=\"twp-react-percent\"><span>0<\/span> %<\/span>\r\n                                            <\/div>\r\n                <\/div>\r\n\r\n                <div class=\"twp-reacts-wrap\">\r\n                    <a react-data=\"be-react-2\" post-id=\"4118\" class=\"be-face-icons un-reacted\" href=\"javascript:void(0)\">\r\n                        <img decoding=\"async\" src=\"https:\/\/jornaloassobio.pt\/wp-content\/plugins\/booster-extension\/\/assets\/icon\/sad.svg\" alt=\"Sad\">\r\n                    <\/a>\r\n                    <div class=\"twp-reaction-title\">\r\n                        Sad                    <\/div>\r\n                    <div class=\"twp-count-percent\">\r\n                                                    <span style=\"display: none;\" class=\"twp-react-count\">0<\/span>\r\n                                                                        <span class=\"twp-react-percent\"><span>0<\/span> %<\/span>\r\n                                            <\/div>\r\n                <\/div>\r\n\r\n                <div class=\"twp-reacts-wrap\">\r\n                    <a react-data=\"be-react-3\" post-id=\"4118\" class=\"be-face-icons un-reacted\" href=\"javascript:void(0)\">\r\n                        <img decoding=\"async\" src=\"https:\/\/jornaloassobio.pt\/wp-content\/plugins\/booster-extension\/\/assets\/icon\/excited.svg\" alt=\"Excited\">\r\n                    <\/a>\r\n                    <div class=\"twp-reaction-title\">\r\n                        Excited                    <\/div>\r\n                    <div class=\"twp-count-percent\">\r\n                                                    <span style=\"display: none;\" class=\"twp-react-count\">0<\/span>\r\n                                                                        <span class=\"twp-react-percent\"><span>0<\/span> %<\/span>\r\n                                            <\/div>\r\n                <\/div>\r\n\r\n                <div class=\"twp-reacts-wrap\">\r\n                    <a react-data=\"be-react-6\" post-id=\"4118\" class=\"be-face-icons un-reacted\" href=\"javascript:void(0)\">\r\n                        <img decoding=\"async\" src=\"https:\/\/jornaloassobio.pt\/wp-content\/plugins\/booster-extension\/\/assets\/icon\/sleepy.svg\" alt=\"Sleepy\">\r\n                    <\/a>\r\n                    <div class=\"twp-reaction-title\">\r\n                        Sleepy                    <\/div>\r\n                    <div class=\"twp-count-percent\">\r\n                                                    <span style=\"display: none;\" class=\"twp-react-count\">0<\/span>\r\n                        \r\n                                                <span class=\"twp-react-percent\"><span>0<\/span> %<\/span>\r\n                                            <\/div>\r\n                <\/div>\r\n\r\n                <div class=\"twp-reacts-wrap\">\r\n                    <a react-data=\"be-react-4\" post-id=\"4118\" class=\"be-face-icons un-reacted\" href=\"javascript:void(0)\">\r\n                        <img decoding=\"async\" src=\"https:\/\/jornaloassobio.pt\/wp-content\/plugins\/booster-extension\/\/assets\/icon\/angry.svg\" alt=\"Angry\">\r\n                    <\/a>\r\n                    <div class=\"twp-reaction-title\">Angry<\/div>\r\n                    <div class=\"twp-count-percent\">\r\n                                                    <span style=\"display: none;\" class=\"twp-react-count\">0<\/span>\r\n                                                                        <span class=\"twp-react-percent\"><span>0<\/span> %<\/span>\r\n                        \r\n                    <\/div>\r\n                <\/div>\r\n\r\n                <div class=\"twp-reacts-wrap\">\r\n                    <a react-data=\"be-react-5\" post-id=\"4118\" class=\"be-face-icons un-reacted\" href=\"javascript:void(0)\">\r\n                        <img decoding=\"async\" src=\"https:\/\/jornaloassobio.pt\/wp-content\/plugins\/booster-extension\/\/assets\/icon\/surprise.svg\" alt=\"Surprise\">\r\n                    <\/a>\r\n                    <div class=\"twp-reaction-title\">Surprise<\/div>\r\n                    <div class=\"twp-count-percent\">\r\n                                                    <span style=\"display: none;\" class=\"twp-react-count\">0<\/span>\r\n                                                                        <span class=\"twp-react-percent\"><span>0<\/span> %<\/span>\r\n                                            <\/div>\r\n                <\/div>\r\n\r\n            <\/div>\r\n        <\/div>\r\n\r\n    ","protected":false},"excerpt":{"rendered":"<p>Este ano volt\u00e1mos a ter not\u00edcia dos vencedores do pr\u00e9mio Nobel. Estes pr\u00e9mios distinguem anualmente pessoas ou institui\u00e7\u00f5es que se destacam por contribui\u00e7\u00f5es not\u00e1veis nas \u00e1reas da F\u00edsica, Qu\u00edmica, Medicina, Literatura, Paz e, mais recentemente, Economia. Foram criados por vontade do qu\u00edmico, engenheiro, inventor, empres\u00e1rio e filantropo sueco sueco Alfred Nobel (1833-1896), que destinou a [&hellip;]<\/p>\n","protected":false},"author":5,"featured_media":4119,"comment_status":"open","ping_status":"open","sticky":false,"template":"","format":"standard","meta":{"footnotes":""},"categories":[4],"tags":[],"class_list":["post-4118","post","type-post","status-publish","format-standard","has-post-thumbnail","hentry","category-noticias"],"_links":{"self":[{"href":"https:\/\/jornaloassobio.pt\/index.php?rest_route=\/wp\/v2\/posts\/4118","targetHints":{"allow":["GET"]}}],"collection":[{"href":"https:\/\/jornaloassobio.pt\/index.php?rest_route=\/wp\/v2\/posts"}],"about":[{"href":"https:\/\/jornaloassobio.pt\/index.php?rest_route=\/wp\/v2\/types\/post"}],"author":[{"embeddable":true,"href":"https:\/\/jornaloassobio.pt\/index.php?rest_route=\/wp\/v2\/users\/5"}],"replies":[{"embeddable":true,"href":"https:\/\/jornaloassobio.pt\/index.php?rest_route=%2Fwp%2Fv2%2Fcomments&post=4118"}],"version-history":[{"count":2,"href":"https:\/\/jornaloassobio.pt\/index.php?rest_route=\/wp\/v2\/posts\/4118\/revisions"}],"predecessor-version":[{"id":4122,"href":"https:\/\/jornaloassobio.pt\/index.php?rest_route=\/wp\/v2\/posts\/4118\/revisions\/4122"}],"wp:featuredmedia":[{"embeddable":true,"href":"https:\/\/jornaloassobio.pt\/index.php?rest_route=\/wp\/v2\/media\/4119"}],"wp:attachment":[{"href":"https:\/\/jornaloassobio.pt\/index.php?rest_route=%2Fwp%2Fv2%2Fmedia&parent=4118"}],"wp:term":[{"taxonomy":"category","embeddable":true,"href":"https:\/\/jornaloassobio.pt\/index.php?rest_route=%2Fwp%2Fv2%2Fcategories&post=4118"},{"taxonomy":"post_tag","embeddable":true,"href":"https:\/\/jornaloassobio.pt\/index.php?rest_route=%2Fwp%2Fv2%2Ftags&post=4118"}],"curies":[{"name":"wp","href":"https:\/\/api.w.org\/{rel}","templated":true}]}}