{"id":4156,"date":"2025-10-28T11:19:25","date_gmt":"2025-10-28T11:19:25","guid":{"rendered":"https:\/\/jornaloassobio.pt\/?p=4156"},"modified":"2025-11-10T19:33:07","modified_gmt":"2025-11-10T19:33:07","slug":"recordar-miguel-torga-a-forca-de-ter-raizes-no-chao","status":"publish","type":"post","link":"https:\/\/jornaloassobio.pt\/?p=4156","title":{"rendered":"Recordar Miguel Torga no M\u00eas Internacional das Bibliotecas Escolares"},"content":{"rendered":"<div class='booster-block booster-read-block'>\r\n                <div class=\"twp-read-time\">\r\n                \t<i class=\"booster-icon twp-clock\"><\/i> <span>Read Time:<\/span>1 Minute, 44 Second                <\/div>\r\n\r\n            <\/div><h3><span style=\"color: #000000;\">\u00a0 \u00a0No \u00e2mbito da celebra\u00e7\u00e3o do M\u00eas Internacional das Bibliotecas Escolares, comemorou-se, na Escola Secund\u00e1ria Severim de Faria, um escritor, poeta e dramaturgo cuja extensa obra se encontra presente nas estantes de bibliotecas\u00a0 nacionais e estrangeiras e cujos textos s\u00e3o estudados em todos os n\u00edveis de ensino. Trata-se do escritor Miguel Torga (ou do m\u00e9dico Adolfo Correia da Rocha).<\/span><\/h3>\n<h3><span style=\"color: #000000;\">\u00a0 Para ajudar a presentificar a sua mem\u00f3ria e apresentar a sua vida e obra, foi convidado pela Professora de Literatura, Dra. Ana Paula Ferr\u00e3o, o Dr. Xavier Mourato Nabo, Assistente T\u00e9cnico do MNFMC, conhecedor e admirador da obra do poeta transmontano.<\/span><\/h3>\n<h3><span style=\"color: #000000;\">\u00a0 A &#8220;Conversa Torguiana&#8221; teve lugar na Sala dos Atos da Escola Secund\u00e1ria Severim de Faria e contou com a presen\u00e7a dos alunos de Literatura\u00a0 Portuguesa das turmas do 10\u00ba LH1 e LH2 e do 11\u00ba LH1 e LH2, assim como das Professoras de Literatura, da Professora Bibliotec\u00e1ria da Biblioteca Escolar Dr. Carlos Percheiro e de outras Professoras.<\/span><\/h3>\n<h3><span style=\"color: #000000;\">\u00a0 Os alunos participaram, procedendo \u00e0 leitura de textos escolhidos pelas docentes Ana Martins e Ana Paula Ferr\u00e3o. Num primeiro momento, os alunos do 10\u00ba ano leram v\u00e1rios excertos do &#8220;Di\u00e1rio&#8221; e, na parte final, os alunos do 11\u00ba ano, fizeram a leitura de excertos de tr\u00eas &#8220;Contos&#8221;.<\/span><\/h3>\n<h3><span style=\"color: #000000;\">\u00a0 Quanto \u00e0 conversa, o Dr. Xavier Mourato Nabo come\u00e7ou por apresentar o autor torguiano e procedeu \u00e0 leitura de alguns dos seus poemas mais emblem\u00e1ticos.<\/span><\/h3>\n<h3><span style=\"color: #000000;\">\u00a0 Inspirada pela for\u00e7a tel\u00farica de Miguel Torga e pela excel\u00eancia da apresenta\u00e7\u00e3o, uma aluna de Literatura Portuguesa\u00a0 leu um poema elaborado por si, que ir\u00e1 ser publicado brevemente.<\/span><\/h3>\n<h3><span style=\"color: #000000;\">\u00a0 O Dr. Xavier <\/span><span style=\"color: #000000;\">Mourato Nabo<\/span><span style=\"color: #000000;\">, que tamb\u00e9m \u00e9 poeta, fez a leitura de um poema da sua autoria.<\/span><\/h3>\n<p>&nbsp;<\/p>\n<p><img decoding=\"async\" class=\"alignnone size-full wp-image-4167\" src=\"https:\/\/jornaloassobio.pt\/wp-content\/uploads\/2025\/10\/IMG_5833-1.heic\" alt=\"\" \/> <img loading=\"lazy\" decoding=\"async\" class=\"alignnone size-medium wp-image-4168\" src=\"https:\/\/jornaloassobio.pt\/wp-content\/uploads\/2025\/10\/IMG_5833.heic\" alt=\"\" width=\"1\" height=\"1\" \/> <img loading=\"lazy\" decoding=\"async\" class=\"alignnone wp-image-4169\" src=\"https:\/\/jornaloassobio.pt\/wp-content\/uploads\/2025\/10\/IMG_5818-300x225.jpeg\" alt=\"\" width=\"280\" height=\"210\" srcset=\"https:\/\/jornaloassobio.pt\/wp-content\/uploads\/2025\/10\/IMG_5818-300x225.jpeg 300w, https:\/\/jornaloassobio.pt\/wp-content\/uploads\/2025\/10\/IMG_5818-1024x768.jpeg 1024w, https:\/\/jornaloassobio.pt\/wp-content\/uploads\/2025\/10\/IMG_5818-768x576.jpeg 768w, https:\/\/jornaloassobio.pt\/wp-content\/uploads\/2025\/10\/IMG_5818-1536x1152.jpeg 1536w, https:\/\/jornaloassobio.pt\/wp-content\/uploads\/2025\/10\/IMG_5818-2048x1536.jpeg 2048w\" sizes=\"auto, (max-width: 280px) 100vw, 280px\" \/> <img loading=\"lazy\" decoding=\"async\" class=\"alignnone wp-image-4170\" src=\"https:\/\/jornaloassobio.pt\/wp-content\/uploads\/2025\/10\/IMG_5814-300x225.jpeg\" alt=\"\" width=\"281\" height=\"211\" srcset=\"https:\/\/jornaloassobio.pt\/wp-content\/uploads\/2025\/10\/IMG_5814-300x225.jpeg 300w, https:\/\/jornaloassobio.pt\/wp-content\/uploads\/2025\/10\/IMG_5814-1024x768.jpeg 1024w, https:\/\/jornaloassobio.pt\/wp-content\/uploads\/2025\/10\/IMG_5814-768x576.jpeg 768w, https:\/\/jornaloassobio.pt\/wp-content\/uploads\/2025\/10\/IMG_5814-1536x1152.jpeg 1536w, https:\/\/jornaloassobio.pt\/wp-content\/uploads\/2025\/10\/IMG_5814-2048x1536.jpeg 2048w\" sizes=\"auto, (max-width: 281px) 100vw, 281px\" \/> \u00a0 <img loading=\"lazy\" decoding=\"async\" class=\"size-medium wp-image-4177 alignnone\" src=\"https:\/\/jornaloassobio.pt\/wp-content\/uploads\/2025\/10\/IMG_5854-225x300.jpeg\" alt=\"\" width=\"225\" height=\"300\" srcset=\"https:\/\/jornaloassobio.pt\/wp-content\/uploads\/2025\/10\/IMG_5854-225x300.jpeg 225w, https:\/\/jornaloassobio.pt\/wp-content\/uploads\/2025\/10\/IMG_5854-768x1024.jpeg 768w, https:\/\/jornaloassobio.pt\/wp-content\/uploads\/2025\/10\/IMG_5854-1152x1536.jpeg 1152w, https:\/\/jornaloassobio.pt\/wp-content\/uploads\/2025\/10\/IMG_5854-1536x2048.jpeg 1536w, https:\/\/jornaloassobio.pt\/wp-content\/uploads\/2025\/10\/IMG_5854-scaled.jpeg 1920w\" sizes=\"auto, (max-width: 225px) 100vw, 225px\" \/><\/p>\n<h3><span style=\"color: #000000;\"><img loading=\"lazy\" decoding=\"async\" class=\"alignnone size-medium wp-image-4178\" src=\"https:\/\/jornaloassobio.pt\/wp-content\/uploads\/2025\/10\/IMG_5839-300x225.jpeg\" alt=\"\" width=\"300\" height=\"225\" srcset=\"https:\/\/jornaloassobio.pt\/wp-content\/uploads\/2025\/10\/IMG_5839-300x225.jpeg 300w, https:\/\/jornaloassobio.pt\/wp-content\/uploads\/2025\/10\/IMG_5839-1024x768.jpeg 1024w, https:\/\/jornaloassobio.pt\/wp-content\/uploads\/2025\/10\/IMG_5839-768x576.jpeg 768w, https:\/\/jornaloassobio.pt\/wp-content\/uploads\/2025\/10\/IMG_5839-1536x1152.jpeg 1536w, https:\/\/jornaloassobio.pt\/wp-content\/uploads\/2025\/10\/IMG_5839-2048x1536.jpeg 2048w\" sizes=\"auto, (max-width: 300px) 100vw, 300px\" \/><\/span><span style=\"color: #000000;\"><img loading=\"lazy\" decoding=\"async\" class=\"alignnone size-medium wp-image-4174\" src=\"https:\/\/jornaloassobio.pt\/wp-content\/uploads\/2025\/10\/IMG_5878-300x225.jpeg\" alt=\"\" width=\"300\" height=\"225\" srcset=\"https:\/\/jornaloassobio.pt\/wp-content\/uploads\/2025\/10\/IMG_5878-300x225.jpeg 300w, https:\/\/jornaloassobio.pt\/wp-content\/uploads\/2025\/10\/IMG_5878-1024x768.jpeg 1024w, https:\/\/jornaloassobio.pt\/wp-content\/uploads\/2025\/10\/IMG_5878-768x576.jpeg 768w, https:\/\/jornaloassobio.pt\/wp-content\/uploads\/2025\/10\/IMG_5878-1536x1152.jpeg 1536w, https:\/\/jornaloassobio.pt\/wp-content\/uploads\/2025\/10\/IMG_5878-2048x1536.jpeg 2048w\" sizes=\"auto, (max-width: 300px) 100vw, 300px\" \/><\/span><\/h3>\n<h3><span style=\"color: #000000;\">\u00a0 A &#8220;Conversa Torguiana&#8221;, mais do que um momento de comemora\u00e7\u00e3o, constituiu um\u00a0 momento de partilha , em que as ra\u00edzes da \u00e1rvore torguiana conseguiram unir todos os presentes.<\/span><\/h3>\n<h3><span style=\"color: #000000;\"><img loading=\"lazy\" decoding=\"async\" class=\"size-medium wp-image-4157 aligncenter\" src=\"https:\/\/jornaloassobio.pt\/wp-content\/uploads\/2025\/10\/Cartaz-Miguel-Torga1-724x1024-1-212x300.png\" alt=\"\" width=\"212\" height=\"300\" srcset=\"https:\/\/jornaloassobio.pt\/wp-content\/uploads\/2025\/10\/Cartaz-Miguel-Torga1-724x1024-1-212x300.png 212w, https:\/\/jornaloassobio.pt\/wp-content\/uploads\/2025\/10\/Cartaz-Miguel-Torga1-724x1024-1.png 724w\" sizes=\"auto, (max-width: 212px) 100vw, 212px\" \/><\/span><\/h3>\n<h3><span style=\"color: #000000;\">\u00a0 Recordar Miguel Torga \u00e9 lembrar um dos nossos maiores poetas portugueses. Para al\u00e9m disso, e n\u00e3o \u00e9 pouco, \u00e9 viajar por Portugal, de Tr\u00e1s-os-Montes\u00a0 ao Alentejo e descobrir a ess\u00eancia e autenticidade da nossa terra e das nossas gentes.<\/span><\/h3>\n<h3><span style=\"color: #000000;\"><img loading=\"lazy\" decoding=\"async\" class=\"wp-image-4199 aligncenter\" src=\"https:\/\/jornaloassobio.pt\/wp-content\/uploads\/2025\/10\/Cartaz-Miguel-Torga2-Biografia2-212x300.png\" alt=\"\" width=\"198\" height=\"280\" srcset=\"https:\/\/jornaloassobio.pt\/wp-content\/uploads\/2025\/10\/Cartaz-Miguel-Torga2-Biografia2-212x300.png 212w, https:\/\/jornaloassobio.pt\/wp-content\/uploads\/2025\/10\/Cartaz-Miguel-Torga2-Biografia2-724x1024.png 724w, https:\/\/jornaloassobio.pt\/wp-content\/uploads\/2025\/10\/Cartaz-Miguel-Torga2-Biografia2-768x1086.png 768w, https:\/\/jornaloassobio.pt\/wp-content\/uploads\/2025\/10\/Cartaz-Miguel-Torga2-Biografia2-1086x1536.png 1086w, https:\/\/jornaloassobio.pt\/wp-content\/uploads\/2025\/10\/Cartaz-Miguel-Torga2-Biografia2-1448x2048.png 1448w, https:\/\/jornaloassobio.pt\/wp-content\/uploads\/2025\/10\/Cartaz-Miguel-Torga2-Biografia2.png 1587w\" sizes=\"auto, (max-width: 198px) 100vw, 198px\" \/><\/span><\/h3>\n<h3><span style=\"color: #000000;\"><img loading=\"lazy\" decoding=\"async\" class=\"wp-image-4197 aligncenter\" src=\"https:\/\/jornaloassobio.pt\/wp-content\/uploads\/2025\/10\/Cartaz-Miguel-Torga2-Poema1-212x300.png\" alt=\"\" width=\"243\" height=\"344\" srcset=\"https:\/\/jornaloassobio.pt\/wp-content\/uploads\/2025\/10\/Cartaz-Miguel-Torga2-Poema1-212x300.png 212w, https:\/\/jornaloassobio.pt\/wp-content\/uploads\/2025\/10\/Cartaz-Miguel-Torga2-Poema1-724x1024.png 724w, https:\/\/jornaloassobio.pt\/wp-content\/uploads\/2025\/10\/Cartaz-Miguel-Torga2-Poema1-768x1086.png 768w, https:\/\/jornaloassobio.pt\/wp-content\/uploads\/2025\/10\/Cartaz-Miguel-Torga2-Poema1-1086x1536.png 1086w, https:\/\/jornaloassobio.pt\/wp-content\/uploads\/2025\/10\/Cartaz-Miguel-Torga2-Poema1-1448x2048.png 1448w, https:\/\/jornaloassobio.pt\/wp-content\/uploads\/2025\/10\/Cartaz-Miguel-Torga2-Poema1.png 1587w\" sizes=\"auto, (max-width: 243px) 100vw, 243px\" \/><\/span><img loading=\"lazy\" decoding=\"async\" class=\"size-medium wp-image-4198 aligncenter\" src=\"https:\/\/jornaloassobio.pt\/wp-content\/uploads\/2025\/10\/Cartaz-Miguel-Torga2-Evora44-1-212x300.png\" alt=\"\" width=\"212\" height=\"300\" srcset=\"https:\/\/jornaloassobio.pt\/wp-content\/uploads\/2025\/10\/Cartaz-Miguel-Torga2-Evora44-1-212x300.png 212w, https:\/\/jornaloassobio.pt\/wp-content\/uploads\/2025\/10\/Cartaz-Miguel-Torga2-Evora44-1-724x1024.png 724w, https:\/\/jornaloassobio.pt\/wp-content\/uploads\/2025\/10\/Cartaz-Miguel-Torga2-Evora44-1-768x1086.png 768w, https:\/\/jornaloassobio.pt\/wp-content\/uploads\/2025\/10\/Cartaz-Miguel-Torga2-Evora44-1-1086x1536.png 1086w, https:\/\/jornaloassobio.pt\/wp-content\/uploads\/2025\/10\/Cartaz-Miguel-Torga2-Evora44-1-1448x2048.png 1448w, https:\/\/jornaloassobio.pt\/wp-content\/uploads\/2025\/10\/Cartaz-Miguel-Torga2-Evora44-1.png 1587w\" sizes=\"auto, (max-width: 212px) 100vw, 212px\" \/><\/h3>\n<h3><span style=\"color: #000000;\">\u00a0<\/span><\/h3>\n<h3><\/h3>\n<p>&nbsp;<\/p>\n        <div class=\"booster-block booster-reactions-block\">\r\n            <div class=\"twp-reactions-icons\">\r\n                \r\n                <div class=\"twp-reacts-wrap\">\r\n                    <a react-data=\"be-react-1\" post-id=\"4156\" class=\"be-face-icons un-reacted\" href=\"javascript:void(0)\">\r\n                        <img decoding=\"async\" src=\"https:\/\/jornaloassobio.pt\/wp-content\/plugins\/booster-extension\/\/assets\/icon\/happy.svg\" alt=\"Happy\">\r\n                    <\/a>\r\n                    <div class=\"twp-reaction-title\">\r\n                        Happy                    <\/div>\r\n                    <div class=\"twp-count-percent\">\r\n                                                    <span style=\"display: none;\" class=\"twp-react-count\">0<\/span>\r\n                        \r\n                                                <span class=\"twp-react-percent\"><span>0<\/span> %<\/span>\r\n                                            <\/div>\r\n                <\/div>\r\n\r\n                <div class=\"twp-reacts-wrap\">\r\n                    <a react-data=\"be-react-2\" post-id=\"4156\" class=\"be-face-icons un-reacted\" href=\"javascript:void(0)\">\r\n                        <img decoding=\"async\" src=\"https:\/\/jornaloassobio.pt\/wp-content\/plugins\/booster-extension\/\/assets\/icon\/sad.svg\" alt=\"Sad\">\r\n                    <\/a>\r\n                    <div class=\"twp-reaction-title\">\r\n                        Sad                    <\/div>\r\n                    <div class=\"twp-count-percent\">\r\n                                                    <span style=\"display: none;\" class=\"twp-react-count\">0<\/span>\r\n                                                                        <span class=\"twp-react-percent\"><span>0<\/span> %<\/span>\r\n                                            <\/div>\r\n                <\/div>\r\n\r\n                <div class=\"twp-reacts-wrap\">\r\n                    <a react-data=\"be-react-3\" post-id=\"4156\" class=\"be-face-icons un-reacted\" href=\"javascript:void(0)\">\r\n                        <img decoding=\"async\" src=\"https:\/\/jornaloassobio.pt\/wp-content\/plugins\/booster-extension\/\/assets\/icon\/excited.svg\" alt=\"Excited\">\r\n                    <\/a>\r\n                    <div class=\"twp-reaction-title\">\r\n                        Excited                    <\/div>\r\n                    <div class=\"twp-count-percent\">\r\n                                                    <span style=\"display: none;\" class=\"twp-react-count\">0<\/span>\r\n                                                                        <span class=\"twp-react-percent\"><span>0<\/span> %<\/span>\r\n                                            <\/div>\r\n                <\/div>\r\n\r\n                <div class=\"twp-reacts-wrap\">\r\n                    <a react-data=\"be-react-6\" post-id=\"4156\" class=\"be-face-icons un-reacted\" href=\"javascript:void(0)\">\r\n                        <img decoding=\"async\" src=\"https:\/\/jornaloassobio.pt\/wp-content\/plugins\/booster-extension\/\/assets\/icon\/sleepy.svg\" alt=\"Sleepy\">\r\n                    <\/a>\r\n                    <div class=\"twp-reaction-title\">\r\n                        Sleepy                    <\/div>\r\n                    <div class=\"twp-count-percent\">\r\n                                                    <span style=\"display: none;\" class=\"twp-react-count\">0<\/span>\r\n                        \r\n                                                <span class=\"twp-react-percent\"><span>0<\/span> %<\/span>\r\n                                            <\/div>\r\n                <\/div>\r\n\r\n                <div class=\"twp-reacts-wrap\">\r\n                    <a react-data=\"be-react-4\" post-id=\"4156\" class=\"be-face-icons un-reacted\" href=\"javascript:void(0)\">\r\n                        <img decoding=\"async\" src=\"https:\/\/jornaloassobio.pt\/wp-content\/plugins\/booster-extension\/\/assets\/icon\/angry.svg\" alt=\"Angry\">\r\n                    <\/a>\r\n                    <div class=\"twp-reaction-title\">Angry<\/div>\r\n                    <div class=\"twp-count-percent\">\r\n                                                    <span style=\"display: none;\" class=\"twp-react-count\">0<\/span>\r\n                                                                        <span class=\"twp-react-percent\"><span>0<\/span> %<\/span>\r\n                        \r\n                    <\/div>\r\n                <\/div>\r\n\r\n                <div class=\"twp-reacts-wrap\">\r\n                    <a react-data=\"be-react-5\" post-id=\"4156\" class=\"be-face-icons un-reacted\" href=\"javascript:void(0)\">\r\n                        <img decoding=\"async\" src=\"https:\/\/jornaloassobio.pt\/wp-content\/plugins\/booster-extension\/\/assets\/icon\/surprise.svg\" alt=\"Surprise\">\r\n                    <\/a>\r\n                    <div class=\"twp-reaction-title\">Surprise<\/div>\r\n                    <div class=\"twp-count-percent\">\r\n                                                    <span style=\"display: none;\" class=\"twp-react-count\">0<\/span>\r\n                                                                        <span class=\"twp-react-percent\"><span>0<\/span> %<\/span>\r\n                                            <\/div>\r\n                <\/div>\r\n\r\n            <\/div>\r\n        <\/div>\r\n\r\n    ","protected":false},"excerpt":{"rendered":"<p>\u00a0 \u00a0No \u00e2mbito da celebra\u00e7\u00e3o do M\u00eas Internacional das Bibliotecas Escolares, comemorou-se, na Escola Secund\u00e1ria Severim de Faria, um escritor, poeta e dramaturgo cuja extensa obra se encontra presente nas estantes de bibliotecas\u00a0 nacionais e estrangeiras e cujos textos s\u00e3o estudados em todos os n\u00edveis de ensino. Trata-se do escritor Miguel Torga (ou do m\u00e9dico [&hellip;]<\/p>\n","protected":false},"author":6,"featured_media":4198,"comment_status":"open","ping_status":"open","sticky":false,"template":"","format":"standard","meta":{"footnotes":""},"categories":[4],"tags":[],"class_list":["post-4156","post","type-post","status-publish","format-standard","has-post-thumbnail","hentry","category-noticias"],"_links":{"self":[{"href":"https:\/\/jornaloassobio.pt\/index.php?rest_route=\/wp\/v2\/posts\/4156","targetHints":{"allow":["GET"]}}],"collection":[{"href":"https:\/\/jornaloassobio.pt\/index.php?rest_route=\/wp\/v2\/posts"}],"about":[{"href":"https:\/\/jornaloassobio.pt\/index.php?rest_route=\/wp\/v2\/types\/post"}],"author":[{"embeddable":true,"href":"https:\/\/jornaloassobio.pt\/index.php?rest_route=\/wp\/v2\/users\/6"}],"replies":[{"embeddable":true,"href":"https:\/\/jornaloassobio.pt\/index.php?rest_route=%2Fwp%2Fv2%2Fcomments&post=4156"}],"version-history":[{"count":34,"href":"https:\/\/jornaloassobio.pt\/index.php?rest_route=\/wp\/v2\/posts\/4156\/revisions"}],"predecessor-version":[{"id":4265,"href":"https:\/\/jornaloassobio.pt\/index.php?rest_route=\/wp\/v2\/posts\/4156\/revisions\/4265"}],"wp:featuredmedia":[{"embeddable":true,"href":"https:\/\/jornaloassobio.pt\/index.php?rest_route=\/wp\/v2\/media\/4198"}],"wp:attachment":[{"href":"https:\/\/jornaloassobio.pt\/index.php?rest_route=%2Fwp%2Fv2%2Fmedia&parent=4156"}],"wp:term":[{"taxonomy":"category","embeddable":true,"href":"https:\/\/jornaloassobio.pt\/index.php?rest_route=%2Fwp%2Fv2%2Fcategories&post=4156"},{"taxonomy":"post_tag","embeddable":true,"href":"https:\/\/jornaloassobio.pt\/index.php?rest_route=%2Fwp%2Fv2%2Ftags&post=4156"}],"curies":[{"name":"wp","href":"https:\/\/api.w.org\/{rel}","templated":true}]}}