{"id":4209,"date":"2025-10-31T09:22:36","date_gmt":"2025-10-31T09:22:36","guid":{"rendered":"https:\/\/jornaloassobio.pt\/?p=4209"},"modified":"2025-10-31T09:22:52","modified_gmt":"2025-10-31T09:22:52","slug":"halloween-com-tim-burton-na-sala-dos-atos","status":"publish","type":"post","link":"https:\/\/jornaloassobio.pt\/?p=4209","title":{"rendered":"HALLOWEEN COM TIM BURTON NA SALA DOS ATOS"},"content":{"rendered":"<div class='booster-block booster-read-block'>\r\n                <div class=\"twp-read-time\">\r\n                \t<i class=\"booster-icon twp-clock\"><\/i> <span>Read Time:<\/span>59 Second                <\/div>\r\n\r\n            <\/div><p><img loading=\"lazy\" decoding=\"async\" class=\" wp-image-4210 aligncenter\" src=\"https:\/\/jornaloassobio.pt\/wp-content\/uploads\/2025\/10\/o-estranho-mundo-de-jack1-211x300.jpg\" alt=\"\" width=\"237\" height=\"337\" srcset=\"https:\/\/jornaloassobio.pt\/wp-content\/uploads\/2025\/10\/o-estranho-mundo-de-jack1-211x300.jpg 211w, https:\/\/jornaloassobio.pt\/wp-content\/uploads\/2025\/10\/o-estranho-mundo-de-jack1.jpg 457w\" sizes=\"auto, (max-width: 237px) 100vw, 237px\" \/><\/p>\n<h3><span style=\"color: #000000;\">Para comemorar o Halloween , vai ser projetado hoje, dia 31 de outubro, na Sala dos Atos da Escola Secund\u00e1ria Severim de Faria, pelas 11.45, o filme de Tim Burton &#8220;O Estranho Mundo de Jack&#8221;. <\/span><\/h3>\n<h3><span style=\"color: #000000;\">Esta proje\u00e7\u00e3o destina-se a alunos de duas turmas do Ensino Secund\u00e1rio, que ir\u00e3o\u00a0 acompanhados pelos seus professores.<\/span><\/h3>\n<h3><span style=\"color: #000000;\">Sinopse<\/span><\/h3>\n<h3><span style=\"color: #000000;\">Escrito, produzido e baseado em personagens criadas por Tim Burton, este filme de anima\u00e7\u00e3o conta a hist\u00f3ria de um esqueleto que se sente aborrecido com a sua vida e decide fazer algumas altera\u00e7\u00f5es. Ele \u00e9 Jack Skellington, que se encarrega todos os anos de organizar a noite de Halloween. Mas Jack sente que o seu pa\u00eds \u00e9 aborrecido e melanc\u00f3lico. Um acaso leva-o a conhecer a cidade do Natal, um lugar cheio de crian\u00e7as onde tudo parece ser mais alegre. \u00c9 ent\u00e3o que ele tem a ideia de juntar a noite das Bruxas com a de Natal&#8230; <em>O Estranho Mundo de Jack<\/em> foi nomeado para o \u00d3scar de melhores efeitos especiais de 1994 e ganhou o pr\u00e9mio Saturno de melhor filme de fantasia e de melhor m\u00fasica.<\/span><\/h3>\n<p>In https:\/\/cinecartaz.publico.pt\/filme\/tim-burton-apresenta-o-estranho-mundo-de-jack-106666<\/p>\n        <div class=\"booster-block booster-reactions-block\">\r\n            <div class=\"twp-reactions-icons\">\r\n                \r\n                <div class=\"twp-reacts-wrap\">\r\n                    <a react-data=\"be-react-1\" post-id=\"4209\" class=\"be-face-icons un-reacted\" href=\"javascript:void(0)\">\r\n                        <img decoding=\"async\" src=\"https:\/\/jornaloassobio.pt\/wp-content\/plugins\/booster-extension\/\/assets\/icon\/happy.svg\" alt=\"Happy\">\r\n                    <\/a>\r\n                    <div class=\"twp-reaction-title\">\r\n                        Happy                    <\/div>\r\n                    <div class=\"twp-count-percent\">\r\n                                                    <span style=\"display: none;\" class=\"twp-react-count\">0<\/span>\r\n                        \r\n                                                <span class=\"twp-react-percent\"><span>0<\/span> %<\/span>\r\n                                            <\/div>\r\n                <\/div>\r\n\r\n                <div class=\"twp-reacts-wrap\">\r\n                    <a react-data=\"be-react-2\" post-id=\"4209\" class=\"be-face-icons un-reacted\" href=\"javascript:void(0)\">\r\n                        <img decoding=\"async\" src=\"https:\/\/jornaloassobio.pt\/wp-content\/plugins\/booster-extension\/\/assets\/icon\/sad.svg\" alt=\"Sad\">\r\n                    <\/a>\r\n                    <div class=\"twp-reaction-title\">\r\n                        Sad                    <\/div>\r\n                    <div class=\"twp-count-percent\">\r\n                                                    <span style=\"display: none;\" class=\"twp-react-count\">0<\/span>\r\n                                                                        <span class=\"twp-react-percent\"><span>0<\/span> %<\/span>\r\n                                            <\/div>\r\n                <\/div>\r\n\r\n                <div class=\"twp-reacts-wrap\">\r\n                    <a react-data=\"be-react-3\" post-id=\"4209\" class=\"be-face-icons un-reacted\" href=\"javascript:void(0)\">\r\n                        <img decoding=\"async\" src=\"https:\/\/jornaloassobio.pt\/wp-content\/plugins\/booster-extension\/\/assets\/icon\/excited.svg\" alt=\"Excited\">\r\n                    <\/a>\r\n                    <div class=\"twp-reaction-title\">\r\n                        Excited                    <\/div>\r\n                    <div class=\"twp-count-percent\">\r\n                                                    <span style=\"display: none;\" class=\"twp-react-count\">0<\/span>\r\n                                                                        <span class=\"twp-react-percent\"><span>0<\/span> %<\/span>\r\n                                            <\/div>\r\n                <\/div>\r\n\r\n                <div class=\"twp-reacts-wrap\">\r\n                    <a react-data=\"be-react-6\" post-id=\"4209\" class=\"be-face-icons un-reacted\" href=\"javascript:void(0)\">\r\n                        <img decoding=\"async\" src=\"https:\/\/jornaloassobio.pt\/wp-content\/plugins\/booster-extension\/\/assets\/icon\/sleepy.svg\" alt=\"Sleepy\">\r\n                    <\/a>\r\n                    <div class=\"twp-reaction-title\">\r\n                        Sleepy                    <\/div>\r\n                    <div class=\"twp-count-percent\">\r\n                                                    <span style=\"display: none;\" class=\"twp-react-count\">0<\/span>\r\n                        \r\n                                                <span class=\"twp-react-percent\"><span>0<\/span> %<\/span>\r\n                                            <\/div>\r\n                <\/div>\r\n\r\n                <div class=\"twp-reacts-wrap\">\r\n                    <a react-data=\"be-react-4\" post-id=\"4209\" class=\"be-face-icons un-reacted\" href=\"javascript:void(0)\">\r\n                        <img decoding=\"async\" src=\"https:\/\/jornaloassobio.pt\/wp-content\/plugins\/booster-extension\/\/assets\/icon\/angry.svg\" alt=\"Angry\">\r\n                    <\/a>\r\n                    <div class=\"twp-reaction-title\">Angry<\/div>\r\n                    <div class=\"twp-count-percent\">\r\n                                                    <span style=\"display: none;\" class=\"twp-react-count\">0<\/span>\r\n                                                                        <span class=\"twp-react-percent\"><span>0<\/span> %<\/span>\r\n                        \r\n                    <\/div>\r\n                <\/div>\r\n\r\n                <div class=\"twp-reacts-wrap\">\r\n                    <a react-data=\"be-react-5\" post-id=\"4209\" class=\"be-face-icons un-reacted\" href=\"javascript:void(0)\">\r\n                        <img decoding=\"async\" src=\"https:\/\/jornaloassobio.pt\/wp-content\/plugins\/booster-extension\/\/assets\/icon\/surprise.svg\" alt=\"Surprise\">\r\n                    <\/a>\r\n                    <div class=\"twp-reaction-title\">Surprise<\/div>\r\n                    <div class=\"twp-count-percent\">\r\n                                                    <span style=\"display: none;\" class=\"twp-react-count\">0<\/span>\r\n                                                                        <span class=\"twp-react-percent\"><span>0<\/span> %<\/span>\r\n                                            <\/div>\r\n                <\/div>\r\n\r\n            <\/div>\r\n        <\/div>\r\n\r\n    ","protected":false},"excerpt":{"rendered":"<p>Para comemorar o Halloween , vai ser projetado hoje, dia 31 de outubro, na Sala dos Atos da Escola Secund\u00e1ria Severim de Faria, pelas 11.45, o filme de Tim Burton &#8220;O Estranho Mundo de Jack&#8221;. Esta proje\u00e7\u00e3o destina-se a alunos de duas turmas do Ensino Secund\u00e1rio, que ir\u00e3o\u00a0 acompanhados pelos seus professores. Sinopse Escrito, produzido [&hellip;]<\/p>\n","protected":false},"author":6,"featured_media":4210,"comment_status":"open","ping_status":"open","sticky":false,"template":"","format":"standard","meta":{"footnotes":""},"categories":[4],"tags":[],"class_list":["post-4209","post","type-post","status-publish","format-standard","has-post-thumbnail","hentry","category-noticias"],"_links":{"self":[{"href":"https:\/\/jornaloassobio.pt\/index.php?rest_route=\/wp\/v2\/posts\/4209","targetHints":{"allow":["GET"]}}],"collection":[{"href":"https:\/\/jornaloassobio.pt\/index.php?rest_route=\/wp\/v2\/posts"}],"about":[{"href":"https:\/\/jornaloassobio.pt\/index.php?rest_route=\/wp\/v2\/types\/post"}],"author":[{"embeddable":true,"href":"https:\/\/jornaloassobio.pt\/index.php?rest_route=\/wp\/v2\/users\/6"}],"replies":[{"embeddable":true,"href":"https:\/\/jornaloassobio.pt\/index.php?rest_route=%2Fwp%2Fv2%2Fcomments&post=4209"}],"version-history":[{"count":3,"href":"https:\/\/jornaloassobio.pt\/index.php?rest_route=\/wp\/v2\/posts\/4209\/revisions"}],"predecessor-version":[{"id":4213,"href":"https:\/\/jornaloassobio.pt\/index.php?rest_route=\/wp\/v2\/posts\/4209\/revisions\/4213"}],"wp:featuredmedia":[{"embeddable":true,"href":"https:\/\/jornaloassobio.pt\/index.php?rest_route=\/wp\/v2\/media\/4210"}],"wp:attachment":[{"href":"https:\/\/jornaloassobio.pt\/index.php?rest_route=%2Fwp%2Fv2%2Fmedia&parent=4209"}],"wp:term":[{"taxonomy":"category","embeddable":true,"href":"https:\/\/jornaloassobio.pt\/index.php?rest_route=%2Fwp%2Fv2%2Fcategories&post=4209"},{"taxonomy":"post_tag","embeddable":true,"href":"https:\/\/jornaloassobio.pt\/index.php?rest_route=%2Fwp%2Fv2%2Ftags&post=4209"}],"curies":[{"name":"wp","href":"https:\/\/api.w.org\/{rel}","templated":true}]}}