{"id":4220,"date":"2025-11-04T12:39:20","date_gmt":"2025-11-04T12:39:20","guid":{"rendered":"https:\/\/jornaloassobio.pt\/?p=4220"},"modified":"2025-11-10T14:51:24","modified_gmt":"2025-11-10T14:51:24","slug":"agrupamento-de-escolas-severim-de-faria-no-projeto-gerat-territorio-talento-e-turismo","status":"publish","type":"post","link":"https:\/\/jornaloassobio.pt\/?p=4220","title":{"rendered":"Agrupamento de Escolas Severim de Faria integra Projeto GERAt &#8211; territ\u00f3rio, talento e turismo"},"content":{"rendered":"<div class='booster-block booster-read-block'>\r\n                <div class=\"twp-read-time\">\r\n                \t<i class=\"booster-icon twp-clock\"><\/i> <span>Read Time:<\/span>57 Second                <\/div>\r\n\r\n            <\/div><h3 data-olk-copy-source=\"MessageBody\"><span style=\"color: #000000;\">O\u00a0 Diretor do Curso Profissional de T\u00e9cnico de Turismo, Professor Gabriel Galvoeira,\u00a0 fez saber que o Agrupamento de Escolas Severim de Faria foi selecionado para fazer parte do <b>Projeto GERAt!<\/b><\/span><\/h3>\n<h3><span style=\"color: #000000;\">Este projeto nacional une as v\u00e1rias Escolas do Turismo de Portugal e v\u00e1rias escolas do 3\u00ba ciclo e do ensino secund\u00e1rio. O objetivo final \u00e9 formar &#8220;cidad\u00e3os-turistas&#8221; &#8211; jovens que consigam aprender a olhar para o nosso territ\u00f3rio como espa\u00e7o ativo de aprendizagem, cidadania e de desenvolvimento sustent\u00e1vel.<\/span><\/h3>\n<h3><span style=\"color: #000000;\"><strong>Caso tenham interesse, encontram informa\u00e7\u00f5es mais detalhadas no link:<\/strong><\/span>\u00a0<a title=\"https:\/\/www.turismodeportugal.pt\/pt\/o-que-fazemos\/qualificar-formar-recursos-humanos\/Paginas\/gerat.aspx\" href=\"https:\/\/www.turismodeportugal.pt\/pt\/o-que-fazemos\/qualificar-formar-recursos-humanos\/Paginas\/gerat.aspx\" target=\"_blank\" rel=\"noopener noreferrer\" data-auth=\"NotApplicable\" data-linkindex=\"0\">https:\/\/www.turismodeportugal.pt\/pt\/o-que-fazemos\/qualificar-formar-recursos-humanos\/Paginas\/gerat.aspx<\/a><\/h3>\n<h3><span style=\"color: #000000;\"><strong>Em anexo, encontra-se o Selo Escola GERAt que pode ser utilizado nos diversos meios promocionais do Agrupamento.<\/strong><\/span><\/h3>\n<h3><span style=\"color: #000000;\"><strong>Iremos receber, na nossa escola, o Jogo de Tabuleiro GERAt, parceria do Turismo de Portugal e da Science4You, que pode ser utilizado como recurso educativo com os alunos, no \u00e2mbito de v\u00e1rias disciplinas:<\/strong><\/span><\/h3>\n<div><a title=\"https:\/\/www.science4you.pt\/loja\/outros-brinquedos\/jogos-de-tabuleiro\/jogo-de-tabuleiro-gerat\/1310?srsltid=AfmBOoohNHrbbASJwqu5OIq0c-_zMUWOG7uDyjn28iOL8sXr3w8IFDSv\" href=\"https:\/\/www.science4you.pt\/loja\/outros-brinquedos\/jogos-de-tabuleiro\/jogo-de-tabuleiro-gerat\/1310?srsltid=AfmBOoohNHrbbASJwqu5OIq0c-_zMUWOG7uDyjn28iOL8sXr3w8IFDSv\" target=\"_blank\" rel=\"noopener noreferrer\" data-auth=\"NotApplicable\" data-linkindex=\"1\">https:\/\/www.science4you.pt\/loja\/outros-brinquedos\/jogos-de-tabuleiro\/jogo-de-tabuleiro-gerat\/1310?srsltid=AfmBOoohNHrbbASJwqu5OIq0c-_zMUWOG7uDyjn28iOL8sXr3w8IFDSv<\/a><\/div>\n<p><img loading=\"lazy\" decoding=\"async\" class=\"alignnone size-medium wp-image-4222\" src=\"https:\/\/jornaloassobio.pt\/wp-content\/uploads\/2025\/11\/GERA_selo_redes-2_quadrado-300x300.png\" alt=\"\" width=\"300\" height=\"300\" srcset=\"https:\/\/jornaloassobio.pt\/wp-content\/uploads\/2025\/11\/GERA_selo_redes-2_quadrado-300x300.png 300w, https:\/\/jornaloassobio.pt\/wp-content\/uploads\/2025\/11\/GERA_selo_redes-2_quadrado-1024x1024.png 1024w, https:\/\/jornaloassobio.pt\/wp-content\/uploads\/2025\/11\/GERA_selo_redes-2_quadrado-150x150.png 150w, https:\/\/jornaloassobio.pt\/wp-content\/uploads\/2025\/11\/GERA_selo_redes-2_quadrado-768x768.png 768w, https:\/\/jornaloassobio.pt\/wp-content\/uploads\/2025\/11\/GERA_selo_redes-2_quadrado.png 1080w\" sizes=\"auto, (max-width: 300px) 100vw, 300px\" \/><img loading=\"lazy\" decoding=\"async\" class=\"alignnone size-medium wp-image-4221\" src=\"https:\/\/jornaloassobio.pt\/wp-content\/uploads\/2025\/11\/GERA_selo_redes-2_redonto-transp-300x300.png\" alt=\"\" width=\"300\" height=\"300\" srcset=\"https:\/\/jornaloassobio.pt\/wp-content\/uploads\/2025\/11\/GERA_selo_redes-2_redonto-transp-300x300.png 300w, https:\/\/jornaloassobio.pt\/wp-content\/uploads\/2025\/11\/GERA_selo_redes-2_redonto-transp-1024x1024.png 1024w, https:\/\/jornaloassobio.pt\/wp-content\/uploads\/2025\/11\/GERA_selo_redes-2_redonto-transp-150x150.png 150w, https:\/\/jornaloassobio.pt\/wp-content\/uploads\/2025\/11\/GERA_selo_redes-2_redonto-transp-768x768.png 768w, https:\/\/jornaloassobio.pt\/wp-content\/uploads\/2025\/11\/GERA_selo_redes-2_redonto-transp.png 1080w\" sizes=\"auto, (max-width: 300px) 100vw, 300px\" \/><img loading=\"lazy\" decoding=\"async\" class=\"size-medium wp-image-4223 alignnone\" src=\"https:\/\/jornaloassobio.pt\/wp-content\/uploads\/2025\/11\/GERA_selo_redes-2_quadrado-tranps-300x300.png\" alt=\"\" width=\"300\" height=\"300\" srcset=\"https:\/\/jornaloassobio.pt\/wp-content\/uploads\/2025\/11\/GERA_selo_redes-2_quadrado-tranps-300x300.png 300w, https:\/\/jornaloassobio.pt\/wp-content\/uploads\/2025\/11\/GERA_selo_redes-2_quadrado-tranps-1024x1024.png 1024w, https:\/\/jornaloassobio.pt\/wp-content\/uploads\/2025\/11\/GERA_selo_redes-2_quadrado-tranps-150x150.png 150w, https:\/\/jornaloassobio.pt\/wp-content\/uploads\/2025\/11\/GERA_selo_redes-2_quadrado-tranps-768x768.png 768w, https:\/\/jornaloassobio.pt\/wp-content\/uploads\/2025\/11\/GERA_selo_redes-2_quadrado-tranps.png 1080w\" sizes=\"auto, (max-width: 300px) 100vw, 300px\" \/><\/p>\n<h3><span style=\"color: #000000;\">Est\u00e3o de Parab\u00e9ns o Professor Gabriel Galvoeira, o Curso de Turismo e o Agrupamento de Escolas Severim de Faria.<\/span><\/h3>\n        <div class=\"booster-block booster-reactions-block\">\r\n            <div class=\"twp-reactions-icons\">\r\n                \r\n                <div class=\"twp-reacts-wrap\">\r\n                    <a react-data=\"be-react-1\" post-id=\"4220\" class=\"be-face-icons un-reacted\" href=\"javascript:void(0)\">\r\n                        <img decoding=\"async\" src=\"https:\/\/jornaloassobio.pt\/wp-content\/plugins\/booster-extension\/\/assets\/icon\/happy.svg\" alt=\"Happy\">\r\n                    <\/a>\r\n                    <div class=\"twp-reaction-title\">\r\n                        Happy                    <\/div>\r\n                    <div class=\"twp-count-percent\">\r\n                                                    <span style=\"display: none;\" class=\"twp-react-count\">0<\/span>\r\n                        \r\n                                                <span class=\"twp-react-percent\"><span>0<\/span> %<\/span>\r\n                                            <\/div>\r\n                <\/div>\r\n\r\n                <div class=\"twp-reacts-wrap\">\r\n                    <a react-data=\"be-react-2\" post-id=\"4220\" class=\"be-face-icons un-reacted\" href=\"javascript:void(0)\">\r\n                        <img decoding=\"async\" src=\"https:\/\/jornaloassobio.pt\/wp-content\/plugins\/booster-extension\/\/assets\/icon\/sad.svg\" alt=\"Sad\">\r\n                    <\/a>\r\n                    <div class=\"twp-reaction-title\">\r\n                        Sad                    <\/div>\r\n                    <div class=\"twp-count-percent\">\r\n                                                    <span style=\"display: none;\" class=\"twp-react-count\">0<\/span>\r\n                                                                        <span class=\"twp-react-percent\"><span>0<\/span> %<\/span>\r\n                                            <\/div>\r\n                <\/div>\r\n\r\n                <div class=\"twp-reacts-wrap\">\r\n                    <a react-data=\"be-react-3\" post-id=\"4220\" class=\"be-face-icons un-reacted\" href=\"javascript:void(0)\">\r\n                        <img decoding=\"async\" src=\"https:\/\/jornaloassobio.pt\/wp-content\/plugins\/booster-extension\/\/assets\/icon\/excited.svg\" alt=\"Excited\">\r\n                    <\/a>\r\n                    <div class=\"twp-reaction-title\">\r\n                        Excited                    <\/div>\r\n                    <div class=\"twp-count-percent\">\r\n                                                    <span style=\"display: none;\" class=\"twp-react-count\">0<\/span>\r\n                                                                        <span class=\"twp-react-percent\"><span>0<\/span> %<\/span>\r\n                                            <\/div>\r\n                <\/div>\r\n\r\n                <div class=\"twp-reacts-wrap\">\r\n                    <a react-data=\"be-react-6\" post-id=\"4220\" class=\"be-face-icons un-reacted\" href=\"javascript:void(0)\">\r\n                        <img decoding=\"async\" src=\"https:\/\/jornaloassobio.pt\/wp-content\/plugins\/booster-extension\/\/assets\/icon\/sleepy.svg\" alt=\"Sleepy\">\r\n                    <\/a>\r\n                    <div class=\"twp-reaction-title\">\r\n                        Sleepy                    <\/div>\r\n                    <div class=\"twp-count-percent\">\r\n                                                    <span style=\"display: none;\" class=\"twp-react-count\">0<\/span>\r\n                        \r\n                                                <span class=\"twp-react-percent\"><span>0<\/span> %<\/span>\r\n                                            <\/div>\r\n                <\/div>\r\n\r\n                <div class=\"twp-reacts-wrap\">\r\n                    <a react-data=\"be-react-4\" post-id=\"4220\" class=\"be-face-icons un-reacted\" href=\"javascript:void(0)\">\r\n                        <img decoding=\"async\" src=\"https:\/\/jornaloassobio.pt\/wp-content\/plugins\/booster-extension\/\/assets\/icon\/angry.svg\" alt=\"Angry\">\r\n                    <\/a>\r\n                    <div class=\"twp-reaction-title\">Angry<\/div>\r\n                    <div class=\"twp-count-percent\">\r\n                                                    <span style=\"display: none;\" class=\"twp-react-count\">0<\/span>\r\n                                                                        <span class=\"twp-react-percent\"><span>0<\/span> %<\/span>\r\n                        \r\n                    <\/div>\r\n                <\/div>\r\n\r\n                <div class=\"twp-reacts-wrap\">\r\n                    <a react-data=\"be-react-5\" post-id=\"4220\" class=\"be-face-icons un-reacted\" href=\"javascript:void(0)\">\r\n                        <img decoding=\"async\" src=\"https:\/\/jornaloassobio.pt\/wp-content\/plugins\/booster-extension\/\/assets\/icon\/surprise.svg\" alt=\"Surprise\">\r\n                    <\/a>\r\n                    <div class=\"twp-reaction-title\">Surprise<\/div>\r\n                    <div class=\"twp-count-percent\">\r\n                                                    <span style=\"display: none;\" class=\"twp-react-count\">0<\/span>\r\n                                                                        <span class=\"twp-react-percent\"><span>0<\/span> %<\/span>\r\n                                            <\/div>\r\n                <\/div>\r\n\r\n            <\/div>\r\n        <\/div>\r\n\r\n    ","protected":false},"excerpt":{"rendered":"<p>O\u00a0 Diretor do Curso Profissional de T\u00e9cnico de Turismo, Professor Gabriel Galvoeira,\u00a0 fez saber que o Agrupamento de Escolas Severim de Faria foi selecionado para fazer parte do Projeto GERAt! Este projeto nacional une as v\u00e1rias Escolas do Turismo de Portugal e v\u00e1rias escolas do 3\u00ba ciclo e do ensino secund\u00e1rio. O objetivo final \u00e9 [&hellip;]<\/p>\n","protected":false},"author":6,"featured_media":4221,"comment_status":"open","ping_status":"open","sticky":false,"template":"","format":"standard","meta":{"footnotes":""},"categories":[4],"tags":[],"class_list":["post-4220","post","type-post","status-publish","format-standard","has-post-thumbnail","hentry","category-noticias"],"_links":{"self":[{"href":"https:\/\/jornaloassobio.pt\/index.php?rest_route=\/wp\/v2\/posts\/4220","targetHints":{"allow":["GET"]}}],"collection":[{"href":"https:\/\/jornaloassobio.pt\/index.php?rest_route=\/wp\/v2\/posts"}],"about":[{"href":"https:\/\/jornaloassobio.pt\/index.php?rest_route=\/wp\/v2\/types\/post"}],"author":[{"embeddable":true,"href":"https:\/\/jornaloassobio.pt\/index.php?rest_route=\/wp\/v2\/users\/6"}],"replies":[{"embeddable":true,"href":"https:\/\/jornaloassobio.pt\/index.php?rest_route=%2Fwp%2Fv2%2Fcomments&post=4220"}],"version-history":[{"count":8,"href":"https:\/\/jornaloassobio.pt\/index.php?rest_route=\/wp\/v2\/posts\/4220\/revisions"}],"predecessor-version":[{"id":4264,"href":"https:\/\/jornaloassobio.pt\/index.php?rest_route=\/wp\/v2\/posts\/4220\/revisions\/4264"}],"wp:featuredmedia":[{"embeddable":true,"href":"https:\/\/jornaloassobio.pt\/index.php?rest_route=\/wp\/v2\/media\/4221"}],"wp:attachment":[{"href":"https:\/\/jornaloassobio.pt\/index.php?rest_route=%2Fwp%2Fv2%2Fmedia&parent=4220"}],"wp:term":[{"taxonomy":"category","embeddable":true,"href":"https:\/\/jornaloassobio.pt\/index.php?rest_route=%2Fwp%2Fv2%2Fcategories&post=4220"},{"taxonomy":"post_tag","embeddable":true,"href":"https:\/\/jornaloassobio.pt\/index.php?rest_route=%2Fwp%2Fv2%2Ftags&post=4220"}],"curies":[{"name":"wp","href":"https:\/\/api.w.org\/{rel}","templated":true}]}}