{"id":4236,"date":"2025-11-07T12:34:46","date_gmt":"2025-11-07T12:34:46","guid":{"rendered":"https:\/\/jornaloassobio.pt\/?p=4236"},"modified":"2025-11-07T12:35:13","modified_gmt":"2025-11-07T12:35:13","slug":"a-logistica-da-solidariedade-no-banco-alimentar-contra-a-fome-e-na-refood-de-evora","status":"publish","type":"post","link":"https:\/\/jornaloassobio.pt\/?p=4236","title":{"rendered":"A Log\u00edstica da Solidariedade no Banco Alimentar Contra a Fome e na Refood de \u00c9vora"},"content":{"rendered":"<div class='booster-block booster-read-block'>\r\n                <div class=\"twp-read-time\">\r\n                \t<i class=\"booster-icon twp-clock\"><\/i> <span>Read Time:<\/span>2 Minute, 41 Second                <\/div>\r\n\r\n            <\/div><p><img loading=\"lazy\" decoding=\"async\" class=\"size-medium wp-image-4239 aligncenter\" src=\"https:\/\/jornaloassobio.pt\/wp-content\/uploads\/2025\/11\/IMG_5171-1-scaled-1024x768-1-300x225.jpeg\" alt=\"\" width=\"300\" height=\"225\" srcset=\"https:\/\/jornaloassobio.pt\/wp-content\/uploads\/2025\/11\/IMG_5171-1-scaled-1024x768-1-300x225.jpeg 300w, https:\/\/jornaloassobio.pt\/wp-content\/uploads\/2025\/11\/IMG_5171-1-scaled-1024x768-1-768x576.jpeg 768w, https:\/\/jornaloassobio.pt\/wp-content\/uploads\/2025\/11\/IMG_5171-1-scaled-1024x768-1.jpeg 1024w\" sizes=\"auto, (max-width: 300px) 100vw, 300px\" \/><\/p>\n<p>No dia 30 de outubro de 2025, os alunos dos 1.\u00ba e 3.\u00ba anos do curso de Log\u00edstica realizaram uma visita de estudo ao <strong>Banco Alimentar Contra a Fome<\/strong>, de \u00c9vora, acompanhados pelos professores V\u00edtor Rosa e Ana Cordovil Costa. Uma iniciativa que permitiu aliar a aprendizagem te\u00f3rica \u00e0 realidade pr\u00e1tica de uma das institui\u00e7\u00f5es mais relevantes no combate \u00e0 fome e ao desperd\u00edcio alimentar em Portugal.<\/p>\n<p>Durante a visita, os estudantes tiveram oportunidade de conhecer de perto o funcionamento das <strong>opera\u00e7\u00f5es log\u00edsticas<\/strong> que sustentam o trabalho di\u00e1rio do Banco Alimentar \u2013 desde a<strong> rece\u00e7\u00e3o<\/strong>, <strong>triagem<\/strong> e <strong>armazenamento<\/strong> dos produtos alimentares, at\u00e9 \u00e0 <strong>gest\u00e3o dos stocks<\/strong> e \u00e0 <strong>distribui\u00e7\u00e3o eficiente<\/strong> dos donativos \u00e0s institui\u00e7\u00f5es parceiras da regi\u00e3o.<\/p>\n<p><strong>Os respons\u00e1veis do Banco Alimentar destacaram a import\u00e2ncia da log\u00edstica para o sucesso da miss\u00e3o solid\u00e1ria da organiza\u00e7\u00e3o<\/strong>. A efici\u00eancia na gest\u00e3o de armaz\u00e9ns, o planeamento das rotas de distribui\u00e7\u00e3o e o controlo de prazos de validade s\u00e3o fatores determinantes para garantir que os alimentos chegam em tempo \u00fatil a quem mais precisa, minimizando perdas e maximizando o impacto social.<\/p>\n<p>Para os alunos, esta experi\u00eancia representou uma valiosa aprendizagem pr\u00e1tica, permitindo compreender como as <strong>compet\u00eancias log\u00edsticas<\/strong> \u2013 muitas vezes associadas ao setor empresarial \u2013 <strong>podem ter um papel crucial na \u00e1rea social e humanit\u00e1ria.<\/strong><\/p>\n<p>A visita terminou com uma conversa aberta entre os estudantes e os t\u00e9cnicos da institui\u00e7\u00e3o, onde se destacou a import\u00e2ncia da <strong>responsabilidade social<\/strong> e do <strong>compromisso coletivo<\/strong> na constru\u00e7\u00e3o de uma sociedade mais justa e solid\u00e1ria.<\/p>\n<p><img loading=\"lazy\" decoding=\"async\" class=\"size-medium wp-image-4240 aligncenter\" src=\"https:\/\/jornaloassobio.pt\/wp-content\/uploads\/2025\/11\/IMG_4912-300x218-1.jpeg\" alt=\"\" width=\"300\" height=\"218\" \/><\/p>\n<p class=\"s3\">Dia 05 de novembro de 2025, os alunos do 12.\u00ba ano do curso profissional de Log\u00edstica realizaram uma visita de estudo \u00e0 <strong>Refood \u00c9vora<\/strong>, uma organiza\u00e7\u00e3o de voluntariado dedicada \u00e0 recolha e redistribui\u00e7\u00e3o de alimentos a fam\u00edlias em situa\u00e7\u00e3o de vulnerabilidade social.<\/p>\n<p class=\"s3\">A atividade teve como principal objetivo aproximar os estudantes da realidade social e operacional de uma institui\u00e7\u00e3o que, tal como as empresas log\u00edsticas, depende de uma gest\u00e3o eficiente de recursos, planeamento e trabalho em equipa \u2014 mas com uma miss\u00e3o profundamente humana: <strong>eliminar o desperd\u00edcio alimentar e combater a fome.<\/strong><\/p>\n<p class=\"s3\">Durante a visita, os alunos puderam observar de perto todo o processo de funcionamento da Refood, desde a<strong> recolha<\/strong> dos excedentes alimentares junto de restaurantes e supermercados, at\u00e9 \u00e0 <strong>organiza\u00e7\u00e3o<\/strong>, <strong>armazenamento<\/strong> e <strong>distribui\u00e7\u00e3o<\/strong> dos bens pelas fam\u00edlias apoiadas.<\/p>\n<p class=\"s3\">Segundo o professor acompanhante, V\u00edtor Rosa, esta experi\u00eancia permitiu aos alunos compreender que a log\u00edstica vai muito al\u00e9m dos armaz\u00e9ns e dos transportes \u2013\u00e9 tamb\u00e9m uma ferramenta poderosa para criar <strong>impacto social<\/strong> e promover a <strong>sustentabilidade.<\/strong><\/p>\n<p class=\"s3\">Muitos estudantes referiram ter ficado impressionados com o <strong>comprometimento dos volunt\u00e1rios<\/strong> e com a <strong>dimens\u00e3o humana<\/strong> do trabalho desenvolvido pela Refood.\u00a0A visita terminou com uma breve conversa com uma das respons\u00e1veis da Refood \u00c9vora, que agradeceu o interesse e o entusiasmo dos jovens, refor\u00e7ando a import\u00e2ncia da participa\u00e7\u00e3o ativa dos cidad\u00e3os na constru\u00e7\u00e3o de uma sociedade mais justa e solid\u00e1ria.<\/p>\n<p class=\"s3\">Quem quiser participar como volunt\u00e1rio \u00e9 muito bem-vindo! A Refood \u00c9vora tamb\u00e9m agradece a doa\u00e7\u00e3o de caixas para embalar os alimentos que ser\u00e3o distribu\u00eddos.<\/p>\n<p class=\"s3\">Em s\u00edntese, esta visita de estudo foi uma verdadeira <strong>li\u00e7\u00e3o de cidadania e empatia<\/strong>, onde os futuros profissionais de Log\u00edstica aprenderam que a gest\u00e3o eficiente de recursos pode \u2013 e deve \u2013 caminhar lado a lado com a responsabilidade social.<\/p>\n<p>&nbsp;<\/p>\n        <div class=\"booster-block booster-reactions-block\">\r\n            <div class=\"twp-reactions-icons\">\r\n                \r\n                <div class=\"twp-reacts-wrap\">\r\n                    <a react-data=\"be-react-1\" post-id=\"4236\" class=\"be-face-icons un-reacted\" href=\"javascript:void(0)\">\r\n                        <img decoding=\"async\" src=\"https:\/\/jornaloassobio.pt\/wp-content\/plugins\/booster-extension\/\/assets\/icon\/happy.svg\" alt=\"Happy\">\r\n                    <\/a>\r\n                    <div class=\"twp-reaction-title\">\r\n                        Happy                    <\/div>\r\n                    <div class=\"twp-count-percent\">\r\n                                                    <span style=\"display: none;\" class=\"twp-react-count\">0<\/span>\r\n                        \r\n                                                <span class=\"twp-react-percent\"><span>0<\/span> %<\/span>\r\n                                            <\/div>\r\n                <\/div>\r\n\r\n                <div class=\"twp-reacts-wrap\">\r\n                    <a react-data=\"be-react-2\" post-id=\"4236\" class=\"be-face-icons un-reacted\" href=\"javascript:void(0)\">\r\n                        <img decoding=\"async\" src=\"https:\/\/jornaloassobio.pt\/wp-content\/plugins\/booster-extension\/\/assets\/icon\/sad.svg\" alt=\"Sad\">\r\n                    <\/a>\r\n                    <div class=\"twp-reaction-title\">\r\n                        Sad                    <\/div>\r\n                    <div class=\"twp-count-percent\">\r\n                                                    <span style=\"display: none;\" class=\"twp-react-count\">0<\/span>\r\n                                                                        <span class=\"twp-react-percent\"><span>0<\/span> %<\/span>\r\n                                            <\/div>\r\n                <\/div>\r\n\r\n                <div class=\"twp-reacts-wrap\">\r\n                    <a react-data=\"be-react-3\" post-id=\"4236\" class=\"be-face-icons un-reacted\" href=\"javascript:void(0)\">\r\n                        <img decoding=\"async\" src=\"https:\/\/jornaloassobio.pt\/wp-content\/plugins\/booster-extension\/\/assets\/icon\/excited.svg\" alt=\"Excited\">\r\n                    <\/a>\r\n                    <div class=\"twp-reaction-title\">\r\n                        Excited                    <\/div>\r\n                    <div class=\"twp-count-percent\">\r\n                                                    <span style=\"display: none;\" class=\"twp-react-count\">0<\/span>\r\n                                                                        <span class=\"twp-react-percent\"><span>0<\/span> %<\/span>\r\n                                            <\/div>\r\n                <\/div>\r\n\r\n                <div class=\"twp-reacts-wrap\">\r\n                    <a react-data=\"be-react-6\" post-id=\"4236\" class=\"be-face-icons un-reacted\" href=\"javascript:void(0)\">\r\n                        <img decoding=\"async\" src=\"https:\/\/jornaloassobio.pt\/wp-content\/plugins\/booster-extension\/\/assets\/icon\/sleepy.svg\" alt=\"Sleepy\">\r\n                    <\/a>\r\n                    <div class=\"twp-reaction-title\">\r\n                        Sleepy                    <\/div>\r\n                    <div class=\"twp-count-percent\">\r\n                                                    <span style=\"display: none;\" class=\"twp-react-count\">0<\/span>\r\n                        \r\n                                                <span class=\"twp-react-percent\"><span>0<\/span> %<\/span>\r\n                                            <\/div>\r\n                <\/div>\r\n\r\n                <div class=\"twp-reacts-wrap\">\r\n                    <a react-data=\"be-react-4\" post-id=\"4236\" class=\"be-face-icons un-reacted\" href=\"javascript:void(0)\">\r\n                        <img decoding=\"async\" src=\"https:\/\/jornaloassobio.pt\/wp-content\/plugins\/booster-extension\/\/assets\/icon\/angry.svg\" alt=\"Angry\">\r\n                    <\/a>\r\n                    <div class=\"twp-reaction-title\">Angry<\/div>\r\n                    <div class=\"twp-count-percent\">\r\n                                                    <span style=\"display: none;\" class=\"twp-react-count\">0<\/span>\r\n                                                                        <span class=\"twp-react-percent\"><span>0<\/span> %<\/span>\r\n                        \r\n                    <\/div>\r\n                <\/div>\r\n\r\n                <div class=\"twp-reacts-wrap\">\r\n                    <a react-data=\"be-react-5\" post-id=\"4236\" class=\"be-face-icons un-reacted\" href=\"javascript:void(0)\">\r\n                        <img decoding=\"async\" src=\"https:\/\/jornaloassobio.pt\/wp-content\/plugins\/booster-extension\/\/assets\/icon\/surprise.svg\" alt=\"Surprise\">\r\n                    <\/a>\r\n                    <div class=\"twp-reaction-title\">Surprise<\/div>\r\n                    <div class=\"twp-count-percent\">\r\n                                                    <span style=\"display: none;\" class=\"twp-react-count\">0<\/span>\r\n                                                                        <span class=\"twp-react-percent\"><span>0<\/span> %<\/span>\r\n                                            <\/div>\r\n                <\/div>\r\n\r\n            <\/div>\r\n        <\/div>\r\n\r\n    ","protected":false},"excerpt":{"rendered":"<p>No dia 30 de outubro de 2025, os alunos dos 1.\u00ba e 3.\u00ba anos do curso de Log\u00edstica realizaram uma visita de estudo ao Banco Alimentar Contra a Fome, de \u00c9vora, acompanhados pelos professores V\u00edtor Rosa e Ana Cordovil Costa. Uma iniciativa que permitiu aliar a aprendizagem te\u00f3rica \u00e0 realidade pr\u00e1tica de uma das institui\u00e7\u00f5es [&hellip;]<\/p>\n","protected":false},"author":6,"featured_media":4239,"comment_status":"open","ping_status":"open","sticky":false,"template":"","format":"standard","meta":{"footnotes":""},"categories":[4],"tags":[],"class_list":["post-4236","post","type-post","status-publish","format-standard","has-post-thumbnail","hentry","category-noticias"],"_links":{"self":[{"href":"https:\/\/jornaloassobio.pt\/index.php?rest_route=\/wp\/v2\/posts\/4236","targetHints":{"allow":["GET"]}}],"collection":[{"href":"https:\/\/jornaloassobio.pt\/index.php?rest_route=\/wp\/v2\/posts"}],"about":[{"href":"https:\/\/jornaloassobio.pt\/index.php?rest_route=\/wp\/v2\/types\/post"}],"author":[{"embeddable":true,"href":"https:\/\/jornaloassobio.pt\/index.php?rest_route=\/wp\/v2\/users\/6"}],"replies":[{"embeddable":true,"href":"https:\/\/jornaloassobio.pt\/index.php?rest_route=%2Fwp%2Fv2%2Fcomments&post=4236"}],"version-history":[{"count":4,"href":"https:\/\/jornaloassobio.pt\/index.php?rest_route=\/wp\/v2\/posts\/4236\/revisions"}],"predecessor-version":[{"id":4243,"href":"https:\/\/jornaloassobio.pt\/index.php?rest_route=\/wp\/v2\/posts\/4236\/revisions\/4243"}],"wp:featuredmedia":[{"embeddable":true,"href":"https:\/\/jornaloassobio.pt\/index.php?rest_route=\/wp\/v2\/media\/4239"}],"wp:attachment":[{"href":"https:\/\/jornaloassobio.pt\/index.php?rest_route=%2Fwp%2Fv2%2Fmedia&parent=4236"}],"wp:term":[{"taxonomy":"category","embeddable":true,"href":"https:\/\/jornaloassobio.pt\/index.php?rest_route=%2Fwp%2Fv2%2Fcategories&post=4236"},{"taxonomy":"post_tag","embeddable":true,"href":"https:\/\/jornaloassobio.pt\/index.php?rest_route=%2Fwp%2Fv2%2Ftags&post=4236"}],"curies":[{"name":"wp","href":"https:\/\/api.w.org\/{rel}","templated":true}]}}