{"id":4245,"date":"2025-11-07T13:07:46","date_gmt":"2025-11-07T13:07:46","guid":{"rendered":"https:\/\/jornaloassobio.pt\/?p=4245"},"modified":"2025-11-07T13:48:06","modified_gmt":"2025-11-07T13:48:06","slug":"alunos-do-secundario-da-escola-severim-de-faria-no-naboj-fisica-competicoes-internacionais-de-fisica","status":"publish","type":"post","link":"https:\/\/jornaloassobio.pt\/?p=4245","title":{"rendered":"Alunos do Ensino Secund\u00e1rio da Escola Severim de Faria no N\u00c1BOJ F\u00cdSICA-Competi\u00e7\u00f5es Internacionais de F\u00edsica"},"content":{"rendered":"<div class='booster-block booster-read-block'>\r\n                <div class=\"twp-read-time\">\r\n                \t<i class=\"booster-icon twp-clock\"><\/i> <span>Read Time:<\/span>1 Minute, 12 Second                <\/div>\r\n\r\n            <\/div><p><strong><img loading=\"lazy\" decoding=\"async\" class=\"size-medium wp-image-4247 aligncenter\" src=\"https:\/\/jornaloassobio.pt\/wp-content\/uploads\/2025\/11\/IMG-20251107-WA0000-300x225.jpg\" alt=\"\" width=\"300\" height=\"225\" srcset=\"https:\/\/jornaloassobio.pt\/wp-content\/uploads\/2025\/11\/IMG-20251107-WA0000-300x225.jpg 300w, https:\/\/jornaloassobio.pt\/wp-content\/uploads\/2025\/11\/IMG-20251107-WA0000-1024x768.jpg 1024w, https:\/\/jornaloassobio.pt\/wp-content\/uploads\/2025\/11\/IMG-20251107-WA0000-768x576.jpg 768w, https:\/\/jornaloassobio.pt\/wp-content\/uploads\/2025\/11\/IMG-20251107-WA0000-1536x1152.jpg 1536w, https:\/\/jornaloassobio.pt\/wp-content\/uploads\/2025\/11\/IMG-20251107-WA0000.jpg 1600w\" sizes=\"auto, (max-width: 300px) 100vw, 300px\" \/><img loading=\"lazy\" decoding=\"async\" class=\"wp-image-4248 aligncenter\" src=\"https:\/\/jornaloassobio.pt\/wp-content\/uploads\/2025\/11\/IMG-20251107-WA0001-300x197.jpg\" alt=\"\" width=\"300\" height=\"197\" srcset=\"https:\/\/jornaloassobio.pt\/wp-content\/uploads\/2025\/11\/IMG-20251107-WA0001-300x197.jpg 300w, https:\/\/jornaloassobio.pt\/wp-content\/uploads\/2025\/11\/IMG-20251107-WA0001-1024x673.jpg 1024w, https:\/\/jornaloassobio.pt\/wp-content\/uploads\/2025\/11\/IMG-20251107-WA0001-768x505.jpg 768w, https:\/\/jornaloassobio.pt\/wp-content\/uploads\/2025\/11\/IMG-20251107-WA0001-1536x1010.jpg 1536w, https:\/\/jornaloassobio.pt\/wp-content\/uploads\/2025\/11\/IMG-20251107-WA0001.jpg 1600w\" sizes=\"auto, (max-width: 300px) 100vw, 300px\" \/><\/strong><\/p>\n<p><strong>Um grupo de cinco alunos do 12\u00ba ano de F\u00edsica e Qu\u00edmica, os melhores entre os melhores, foram selecionados para participar na Competi\u00e7\u00e3o Internacional de F\u00edsica &#8211; N\u00e1boj F\u00edsica- primeira edi\u00e7\u00e3o a ser realizada em Portugal, no Instituto Superior T\u00e9cnico, em Lisboa.\u00a0<\/strong><\/p>\n<p><strong>Acompanhados pelo professor Jos\u00e9 Ant\u00f3nio Figueira encontram-se, hoje, dia 7 de novembro, a demonstrar as suas capacidades na resolu\u00e7\u00e3o de problemas de grande complexidade na \u00e1rea da F\u00edsica.\u00a0<\/strong><\/p>\n<p><strong>Muitos Parab\u00e9ns e desejos de Bom Trabalho!\u00a0<\/strong><\/p>\n<p><strong>Data<\/strong>: 7 de novembro<br \/>\n<strong>Hora<\/strong>: Das 9h30 \u00e0s 16h45<br \/>\n<strong>Local<\/strong>: T\u00e9cnico Innovation Center powered by Fidelidade, Lisboa<br \/>\n<strong>Mais<\/strong>\u00a0<strong>informa\u00e7\u00f5es<\/strong>:\u00a0<a href=\"https:\/\/physics.naboj.org\/pt\/pt\/\" target=\"_blank\" rel=\"noopener\">Site Oficial<\/a>\u00a0I Email:\u00a0<a href=\"mailto:info-pt@physics.naboj.org\">info-pt@physics.naboj.org<\/a><\/p>\n<h4>\u00abO N\u00e1boj F\u00edsica \u00e9 uma competi\u00e7\u00e3o de resolu\u00e7\u00e3o de problemas para alunos do ensino secund\u00e1rio. As equipas (4 ou 5 estudantes) recebem um conjunto inicial de quest\u00f5es e, sempre que acertam numa, recebem a seguinte, durante 120 minutos. No final, s\u00e3o publicados resultados locais, nacionais e internacionais.<\/h4>\n<h4><strong>O Instituto Superior T\u00e9cnico, atrav\u00e9s do\u00a0<a href=\"https:\/\/fisica.tecnico.ulisboa.pt\/pt\/\" target=\"_blank\" rel=\"noopener\">Departamento de F\u00edsica<\/a>, associa-se \u00e0 organiza\u00e7\u00e3o da primeira edi\u00e7\u00e3o em Portugal desta competi\u00e7\u00e3o, que ter\u00e1 lugar no dia 7 de novembro de 2025, no T\u00e9cnico Innovation Center powered by Fidelidade.<\/strong><\/h4>\n<h4><strong>Depois da primeira edi\u00e7\u00e3o de N\u00e1boj Matem\u00e1tica no T\u00e9cnico (mar\u00e7o de 2025, 32 equipas), segue-se o N\u00e1boj F\u00edsica, com 60 equipas previstas e presen\u00e7a de escolas de v\u00e1rias regi\u00f5es (Norte, Centro e Sul).\u00bb<\/strong><\/h4>\n<h4><strong>in https:\/\/tecnico.ulisboa.pt\/pt\/eventos\/naboj-fisica-edicao-portugal\/, consultado a 7 de novembro de 2025<\/strong><\/h4>\n        <div class=\"booster-block booster-reactions-block\">\r\n            <div class=\"twp-reactions-icons\">\r\n                \r\n                <div class=\"twp-reacts-wrap\">\r\n                    <a react-data=\"be-react-1\" post-id=\"4245\" class=\"be-face-icons un-reacted\" href=\"javascript:void(0)\">\r\n                        <img decoding=\"async\" src=\"https:\/\/jornaloassobio.pt\/wp-content\/plugins\/booster-extension\/\/assets\/icon\/happy.svg\" alt=\"Happy\">\r\n                    <\/a>\r\n                    <div class=\"twp-reaction-title\">\r\n                        Happy                    <\/div>\r\n                    <div class=\"twp-count-percent\">\r\n                                                    <span style=\"display: none;\" class=\"twp-react-count\">0<\/span>\r\n                        \r\n                                                <span class=\"twp-react-percent\"><span>0<\/span> %<\/span>\r\n                                            <\/div>\r\n                <\/div>\r\n\r\n                <div class=\"twp-reacts-wrap\">\r\n                    <a react-data=\"be-react-2\" post-id=\"4245\" class=\"be-face-icons un-reacted\" href=\"javascript:void(0)\">\r\n                        <img decoding=\"async\" src=\"https:\/\/jornaloassobio.pt\/wp-content\/plugins\/booster-extension\/\/assets\/icon\/sad.svg\" alt=\"Sad\">\r\n                    <\/a>\r\n                    <div class=\"twp-reaction-title\">\r\n                        Sad                    <\/div>\r\n                    <div class=\"twp-count-percent\">\r\n                                                    <span style=\"display: none;\" class=\"twp-react-count\">0<\/span>\r\n                                                                        <span class=\"twp-react-percent\"><span>0<\/span> %<\/span>\r\n                                            <\/div>\r\n                <\/div>\r\n\r\n                <div class=\"twp-reacts-wrap\">\r\n                    <a react-data=\"be-react-3\" post-id=\"4245\" class=\"be-face-icons un-reacted\" href=\"javascript:void(0)\">\r\n                        <img decoding=\"async\" src=\"https:\/\/jornaloassobio.pt\/wp-content\/plugins\/booster-extension\/\/assets\/icon\/excited.svg\" alt=\"Excited\">\r\n                    <\/a>\r\n                    <div class=\"twp-reaction-title\">\r\n                        Excited                    <\/div>\r\n                    <div class=\"twp-count-percent\">\r\n                                                    <span style=\"display: none;\" class=\"twp-react-count\">0<\/span>\r\n                                                                        <span class=\"twp-react-percent\"><span>0<\/span> %<\/span>\r\n                                            <\/div>\r\n                <\/div>\r\n\r\n                <div class=\"twp-reacts-wrap\">\r\n                    <a react-data=\"be-react-6\" post-id=\"4245\" class=\"be-face-icons un-reacted\" href=\"javascript:void(0)\">\r\n                        <img decoding=\"async\" src=\"https:\/\/jornaloassobio.pt\/wp-content\/plugins\/booster-extension\/\/assets\/icon\/sleepy.svg\" alt=\"Sleepy\">\r\n                    <\/a>\r\n                    <div class=\"twp-reaction-title\">\r\n                        Sleepy                    <\/div>\r\n                    <div class=\"twp-count-percent\">\r\n                                                    <span style=\"display: none;\" class=\"twp-react-count\">0<\/span>\r\n                        \r\n                                                <span class=\"twp-react-percent\"><span>0<\/span> %<\/span>\r\n                                            <\/div>\r\n                <\/div>\r\n\r\n                <div class=\"twp-reacts-wrap\">\r\n                    <a react-data=\"be-react-4\" post-id=\"4245\" class=\"be-face-icons un-reacted\" href=\"javascript:void(0)\">\r\n                        <img decoding=\"async\" src=\"https:\/\/jornaloassobio.pt\/wp-content\/plugins\/booster-extension\/\/assets\/icon\/angry.svg\" alt=\"Angry\">\r\n                    <\/a>\r\n                    <div class=\"twp-reaction-title\">Angry<\/div>\r\n                    <div class=\"twp-count-percent\">\r\n                                                    <span style=\"display: none;\" class=\"twp-react-count\">0<\/span>\r\n                                                                        <span class=\"twp-react-percent\"><span>0<\/span> %<\/span>\r\n                        \r\n                    <\/div>\r\n                <\/div>\r\n\r\n                <div class=\"twp-reacts-wrap\">\r\n                    <a react-data=\"be-react-5\" post-id=\"4245\" class=\"be-face-icons un-reacted\" href=\"javascript:void(0)\">\r\n                        <img decoding=\"async\" src=\"https:\/\/jornaloassobio.pt\/wp-content\/plugins\/booster-extension\/\/assets\/icon\/surprise.svg\" alt=\"Surprise\">\r\n                    <\/a>\r\n                    <div class=\"twp-reaction-title\">Surprise<\/div>\r\n                    <div class=\"twp-count-percent\">\r\n                                                    <span style=\"display: none;\" class=\"twp-react-count\">0<\/span>\r\n                                                                        <span class=\"twp-react-percent\"><span>0<\/span> %<\/span>\r\n                                            <\/div>\r\n                <\/div>\r\n\r\n            <\/div>\r\n        <\/div>\r\n\r\n    ","protected":false},"excerpt":{"rendered":"<p>Um grupo de cinco alunos do 12\u00ba ano de F\u00edsica e Qu\u00edmica, os melhores entre os melhores, foram selecionados para participar na Competi\u00e7\u00e3o Internacional de F\u00edsica &#8211; N\u00e1boj F\u00edsica- primeira edi\u00e7\u00e3o a ser realizada em Portugal, no Instituto Superior T\u00e9cnico, em Lisboa.\u00a0 Acompanhados pelo professor Jos\u00e9 Ant\u00f3nio Figueira encontram-se, hoje, dia 7 de novembro, a [&hellip;]<\/p>\n","protected":false},"author":6,"featured_media":4248,"comment_status":"open","ping_status":"open","sticky":false,"template":"","format":"standard","meta":{"footnotes":""},"categories":[4],"tags":[],"class_list":["post-4245","post","type-post","status-publish","format-standard","has-post-thumbnail","hentry","category-noticias"],"_links":{"self":[{"href":"https:\/\/jornaloassobio.pt\/index.php?rest_route=\/wp\/v2\/posts\/4245","targetHints":{"allow":["GET"]}}],"collection":[{"href":"https:\/\/jornaloassobio.pt\/index.php?rest_route=\/wp\/v2\/posts"}],"about":[{"href":"https:\/\/jornaloassobio.pt\/index.php?rest_route=\/wp\/v2\/types\/post"}],"author":[{"embeddable":true,"href":"https:\/\/jornaloassobio.pt\/index.php?rest_route=\/wp\/v2\/users\/6"}],"replies":[{"embeddable":true,"href":"https:\/\/jornaloassobio.pt\/index.php?rest_route=%2Fwp%2Fv2%2Fcomments&post=4245"}],"version-history":[{"count":10,"href":"https:\/\/jornaloassobio.pt\/index.php?rest_route=\/wp\/v2\/posts\/4245\/revisions"}],"predecessor-version":[{"id":4257,"href":"https:\/\/jornaloassobio.pt\/index.php?rest_route=\/wp\/v2\/posts\/4245\/revisions\/4257"}],"wp:featuredmedia":[{"embeddable":true,"href":"https:\/\/jornaloassobio.pt\/index.php?rest_route=\/wp\/v2\/media\/4248"}],"wp:attachment":[{"href":"https:\/\/jornaloassobio.pt\/index.php?rest_route=%2Fwp%2Fv2%2Fmedia&parent=4245"}],"wp:term":[{"taxonomy":"category","embeddable":true,"href":"https:\/\/jornaloassobio.pt\/index.php?rest_route=%2Fwp%2Fv2%2Fcategories&post=4245"},{"taxonomy":"post_tag","embeddable":true,"href":"https:\/\/jornaloassobio.pt\/index.php?rest_route=%2Fwp%2Fv2%2Ftags&post=4245"}],"curies":[{"name":"wp","href":"https:\/\/api.w.org\/{rel}","templated":true}]}}