{"id":4291,"date":"2025-11-18T10:32:56","date_gmt":"2025-11-18T10:32:56","guid":{"rendered":"https:\/\/jornaloassobio.pt\/?p=4291"},"modified":"2025-11-18T10:33:14","modified_gmt":"2025-11-18T10:33:14","slug":"a-logistica-ao-servico-da-comunidade","status":"publish","type":"post","link":"https:\/\/jornaloassobio.pt\/?p=4291","title":{"rendered":"A LOG\u00cdSTICA AO SERVI\u00c7O DA COMUNIDADE"},"content":{"rendered":"<div class='booster-block booster-read-block'>\r\n                <div class=\"twp-read-time\">\r\n                \t<i class=\"booster-icon twp-clock\"><\/i> <span>Read Time:<\/span>2 Minute, 6 Second                <\/div>\r\n\r\n            <\/div><p><span style=\"color: #000000;\">Os alunos do 2.\u00ba ano do curso de Log\u00edstica realizaram uma visita de estudo aos <strong>Bombeiros Volunt\u00e1rios de \u00c9vora,<\/strong> numa iniciativa que teve como objetivo aproximar os estudantes da realidade operacional e organizacional de uma corpora\u00e7\u00e3o de socorro.<\/span><\/p>\n<p><span style=\"color: #000000;\">A turma foi recebida pelo adjunto de comando, Jo\u00e3o Pedro Ratinho, que apresentou o funcionamento interno da institui\u00e7\u00e3o, desde a gest\u00e3o de ocorr\u00eancias ao planeamento log\u00edstico que sustenta cada interven\u00e7\u00e3o. Os alunos puderam conhecer de perto a central de comunica\u00e7\u00f5es, o parque de viaturas, os equipamentos de prote\u00e7\u00e3o individual e os procedimentos que permitem uma resposta r\u00e1pida e eficaz em situa\u00e7\u00f5es de emerg\u00eancia.<\/span><\/p>\n<p><span style=\"color: #000000;\">Durante a visita, foi destacado a<strong> import\u00e2ncia da log\u00edstica na coordena\u00e7\u00e3o de meios, controlo de stocks, manuten\u00e7\u00e3o de equipamentos e efici\u00eancia das opera\u00e7\u00f5es,<\/strong> refor\u00e7ando que \u201csalvar vidas depende tamb\u00e9m de um planeamento rigoroso\u201d. Os estudantes tiveram ainda a oportunidade de esclarecer d\u00favidas e observar demonstra\u00e7\u00f5es pr\u00e1ticas de prepara\u00e7\u00e3o para o socorro.<\/span><\/p>\n<p><span style=\"color: #000000;\">A iniciativa foi considerada \u201cmuito enriquecedora\u201d pelos participantes, que referiram ter compreendido melhor a <strong>dimens\u00e3o humana e t\u00e9cnica do trabalho dos bombeiros<\/strong>.<\/span><\/p>\n<p><span style=\"color: #000000;\">Para o docente que acompanhou, V\u00edtor Rosa, a visita refor\u00e7a a liga\u00e7\u00e3o entre a forma\u00e7\u00e3o te\u00f3rica e a aplica\u00e7\u00e3o real no terreno.<\/span><\/p>\n<p><span style=\"color: #000000;\">A atividade terminou com um agradecimento especial \u00e0 corpora\u00e7\u00e3o dos Bombeiros Volunt\u00e1rios de \u00c9vora pela <strong>disponibilidade, miss\u00e3o e servi\u00e7o prestado \u00e0 comunidade<\/strong>.<\/span><img loading=\"lazy\" decoding=\"async\" class=\"size-medium wp-image-4292 aligncenter\" src=\"https:\/\/jornaloassobio.pt\/wp-content\/uploads\/2025\/11\/Foto3-scaled-1024x589-1-300x173.jpg\" alt=\"\" width=\"300\" height=\"173\" srcset=\"https:\/\/jornaloassobio.pt\/wp-content\/uploads\/2025\/11\/Foto3-scaled-1024x589-1-300x173.jpg 300w, https:\/\/jornaloassobio.pt\/wp-content\/uploads\/2025\/11\/Foto3-scaled-1024x589-1-768x442.jpg 768w, https:\/\/jornaloassobio.pt\/wp-content\/uploads\/2025\/11\/Foto3-scaled-1024x589-1.jpg 1024w\" sizes=\"auto, (max-width: 300px) 100vw, 300px\" \/><\/p>\n<p>No dia 13 de novembro de 2025, os alunos do 12.\u00ba ano do curso profissional de Log\u00edstica realizaram uma visita de estudo \u00e0 <strong>Queijaria Cachopas, em \u00c9vora<\/strong>, acompanhados pelo professor V\u00edtor Rosa. A atividade decorreu durante a tarde e teve como principal objetivo aprofundar o conhecimento sobre a cadeia log\u00edstica da empresa, bem como compreender o processo produtivo e de distribui\u00e7\u00e3o dos seus produtos.<\/p>\n<p class=\"s3\">Durante a visita guiada, os alunos tiveram a oportunidade de observar de perto as <strong>diferentes etapas do fabrico do queijo, desde a rece\u00e7\u00e3o da mat\u00e9ria-prima at\u00e9 \u00e0 embalagem e armazenamento dos<\/strong> <strong>produtos finais<\/strong>. A equipa da Queijaria Cachopas apresentou ainda as pr\u00e1ticas de <strong>controlo de qualidade, rastreabilidade e gest\u00e3o de\u00a0<span class=\"s4\">stocks<\/span><\/strong>, fundamentais para garantir a efici\u00eancia log\u00edstica e a satisfa\u00e7\u00e3o do cliente.<\/p>\n<p class=\"s3\">A iniciativa revelou-se uma experi\u00eancia enriquecedora, permitindo aos alunos relacionar os conte\u00fados abordados em sala de aula com a realidade empresarial. Os participantes mostraram grande interesse e curiosidade, destacando a <strong>import\u00e2ncia da log\u00edstica no funcionamento global do setor agroalimentar<\/strong>.<\/p>\n<p class=\"s3\">Esta visita de estudo constituiu mais um contributo para a forma\u00e7\u00e3o t\u00e9cnica e profissional dos futuros t\u00e9cnicos de log\u00edstica, refor\u00e7ando a liga\u00e7\u00e3o entre a escola e o tecido empresarial da regi\u00e3o.<\/p>\n<p><img loading=\"lazy\" decoding=\"async\" class=\"size-full wp-image-4293 aligncenter\" src=\"https:\/\/jornaloassobio.pt\/wp-content\/uploads\/2025\/11\/IMG_5067-300x225-1.jpeg\" alt=\"\" width=\"300\" height=\"225\" \/><\/p>\n<p>&nbsp;<\/p>\n        <div class=\"booster-block booster-reactions-block\">\r\n            <div class=\"twp-reactions-icons\">\r\n                \r\n                <div class=\"twp-reacts-wrap\">\r\n                    <a react-data=\"be-react-1\" post-id=\"4291\" class=\"be-face-icons un-reacted\" href=\"javascript:void(0)\">\r\n                        <img decoding=\"async\" src=\"https:\/\/jornaloassobio.pt\/wp-content\/plugins\/booster-extension\/\/assets\/icon\/happy.svg\" alt=\"Happy\">\r\n                    <\/a>\r\n                    <div class=\"twp-reaction-title\">\r\n                        Happy                    <\/div>\r\n                    <div class=\"twp-count-percent\">\r\n                                                    <span style=\"display: none;\" class=\"twp-react-count\">0<\/span>\r\n                        \r\n                                                <span class=\"twp-react-percent\"><span>0<\/span> %<\/span>\r\n                                            <\/div>\r\n                <\/div>\r\n\r\n                <div class=\"twp-reacts-wrap\">\r\n                    <a react-data=\"be-react-2\" post-id=\"4291\" class=\"be-face-icons un-reacted\" href=\"javascript:void(0)\">\r\n                        <img decoding=\"async\" src=\"https:\/\/jornaloassobio.pt\/wp-content\/plugins\/booster-extension\/\/assets\/icon\/sad.svg\" alt=\"Sad\">\r\n                    <\/a>\r\n                    <div class=\"twp-reaction-title\">\r\n                        Sad                    <\/div>\r\n                    <div class=\"twp-count-percent\">\r\n                                                    <span style=\"display: none;\" class=\"twp-react-count\">0<\/span>\r\n                                                                        <span class=\"twp-react-percent\"><span>0<\/span> %<\/span>\r\n                                            <\/div>\r\n                <\/div>\r\n\r\n                <div class=\"twp-reacts-wrap\">\r\n                    <a react-data=\"be-react-3\" post-id=\"4291\" class=\"be-face-icons un-reacted\" href=\"javascript:void(0)\">\r\n                        <img decoding=\"async\" src=\"https:\/\/jornaloassobio.pt\/wp-content\/plugins\/booster-extension\/\/assets\/icon\/excited.svg\" alt=\"Excited\">\r\n                    <\/a>\r\n                    <div class=\"twp-reaction-title\">\r\n                        Excited                    <\/div>\r\n                    <div class=\"twp-count-percent\">\r\n                                                    <span style=\"display: none;\" class=\"twp-react-count\">0<\/span>\r\n                                                                        <span class=\"twp-react-percent\"><span>0<\/span> %<\/span>\r\n                                            <\/div>\r\n                <\/div>\r\n\r\n                <div class=\"twp-reacts-wrap\">\r\n                    <a react-data=\"be-react-6\" post-id=\"4291\" class=\"be-face-icons un-reacted\" href=\"javascript:void(0)\">\r\n                        <img decoding=\"async\" src=\"https:\/\/jornaloassobio.pt\/wp-content\/plugins\/booster-extension\/\/assets\/icon\/sleepy.svg\" alt=\"Sleepy\">\r\n                    <\/a>\r\n                    <div class=\"twp-reaction-title\">\r\n                        Sleepy                    <\/div>\r\n                    <div class=\"twp-count-percent\">\r\n                                                    <span style=\"display: none;\" class=\"twp-react-count\">0<\/span>\r\n                        \r\n                                                <span class=\"twp-react-percent\"><span>0<\/span> %<\/span>\r\n                                            <\/div>\r\n                <\/div>\r\n\r\n                <div class=\"twp-reacts-wrap\">\r\n                    <a react-data=\"be-react-4\" post-id=\"4291\" class=\"be-face-icons un-reacted\" href=\"javascript:void(0)\">\r\n                        <img decoding=\"async\" src=\"https:\/\/jornaloassobio.pt\/wp-content\/plugins\/booster-extension\/\/assets\/icon\/angry.svg\" alt=\"Angry\">\r\n                    <\/a>\r\n                    <div class=\"twp-reaction-title\">Angry<\/div>\r\n                    <div class=\"twp-count-percent\">\r\n                                                    <span style=\"display: none;\" class=\"twp-react-count\">0<\/span>\r\n                                                                        <span class=\"twp-react-percent\"><span>0<\/span> %<\/span>\r\n                        \r\n                    <\/div>\r\n                <\/div>\r\n\r\n                <div class=\"twp-reacts-wrap\">\r\n                    <a react-data=\"be-react-5\" post-id=\"4291\" class=\"be-face-icons un-reacted\" href=\"javascript:void(0)\">\r\n                        <img decoding=\"async\" src=\"https:\/\/jornaloassobio.pt\/wp-content\/plugins\/booster-extension\/\/assets\/icon\/surprise.svg\" alt=\"Surprise\">\r\n                    <\/a>\r\n                    <div class=\"twp-reaction-title\">Surprise<\/div>\r\n                    <div class=\"twp-count-percent\">\r\n                                                    <span style=\"display: none;\" class=\"twp-react-count\">0<\/span>\r\n                                                                        <span class=\"twp-react-percent\"><span>0<\/span> %<\/span>\r\n                                            <\/div>\r\n                <\/div>\r\n\r\n            <\/div>\r\n        <\/div>\r\n\r\n    ","protected":false},"excerpt":{"rendered":"<p>Os alunos do 2.\u00ba ano do curso de Log\u00edstica realizaram uma visita de estudo aos Bombeiros Volunt\u00e1rios de \u00c9vora, numa iniciativa que teve como objetivo aproximar os estudantes da realidade operacional e organizacional de uma corpora\u00e7\u00e3o de socorro. A turma foi recebida pelo adjunto de comando, Jo\u00e3o Pedro Ratinho, que apresentou o funcionamento interno da [&hellip;]<\/p>\n","protected":false},"author":6,"featured_media":4292,"comment_status":"open","ping_status":"open","sticky":false,"template":"","format":"standard","meta":{"footnotes":""},"categories":[4],"tags":[],"class_list":["post-4291","post","type-post","status-publish","format-standard","has-post-thumbnail","hentry","category-noticias"],"_links":{"self":[{"href":"https:\/\/jornaloassobio.pt\/index.php?rest_route=\/wp\/v2\/posts\/4291","targetHints":{"allow":["GET"]}}],"collection":[{"href":"https:\/\/jornaloassobio.pt\/index.php?rest_route=\/wp\/v2\/posts"}],"about":[{"href":"https:\/\/jornaloassobio.pt\/index.php?rest_route=\/wp\/v2\/types\/post"}],"author":[{"embeddable":true,"href":"https:\/\/jornaloassobio.pt\/index.php?rest_route=\/wp\/v2\/users\/6"}],"replies":[{"embeddable":true,"href":"https:\/\/jornaloassobio.pt\/index.php?rest_route=%2Fwp%2Fv2%2Fcomments&post=4291"}],"version-history":[{"count":1,"href":"https:\/\/jornaloassobio.pt\/index.php?rest_route=\/wp\/v2\/posts\/4291\/revisions"}],"predecessor-version":[{"id":4294,"href":"https:\/\/jornaloassobio.pt\/index.php?rest_route=\/wp\/v2\/posts\/4291\/revisions\/4294"}],"wp:featuredmedia":[{"embeddable":true,"href":"https:\/\/jornaloassobio.pt\/index.php?rest_route=\/wp\/v2\/media\/4292"}],"wp:attachment":[{"href":"https:\/\/jornaloassobio.pt\/index.php?rest_route=%2Fwp%2Fv2%2Fmedia&parent=4291"}],"wp:term":[{"taxonomy":"category","embeddable":true,"href":"https:\/\/jornaloassobio.pt\/index.php?rest_route=%2Fwp%2Fv2%2Fcategories&post=4291"},{"taxonomy":"post_tag","embeddable":true,"href":"https:\/\/jornaloassobio.pt\/index.php?rest_route=%2Fwp%2Fv2%2Ftags&post=4291"}],"curies":[{"name":"wp","href":"https:\/\/api.w.org\/{rel}","templated":true}]}}