{"id":4295,"date":"2025-11-18T10:46:04","date_gmt":"2025-11-18T10:46:04","guid":{"rendered":"https:\/\/jornaloassobio.pt\/?p=4295"},"modified":"2025-11-18T11:18:38","modified_gmt":"2025-11-18T11:18:38","slug":"alunos-do-3o-ciclo-deram-voz-a-cor-e-a-imaginacao","status":"publish","type":"post","link":"https:\/\/jornaloassobio.pt\/?p=4295","title":{"rendered":"ALUNOS DO 3\u00ba CICLO DERAM VOZ E COR \u00c0 IMAGINA\u00c7\u00c3O"},"content":{"rendered":"<div class='booster-block booster-read-block'>\r\n                <div class=\"twp-read-time\">\r\n                \t<i class=\"booster-icon twp-clock\"><\/i> <span>Read Time:<\/span>1 Minute, 25 Second                <\/div>\r\n\r\n            <\/div><div><span style=\"color: #000000;\"><i data-olk-copy-source=\"MessageBody\">Os alunos do 8.\u00ba ano da Escola Severim de Faria e os dos 8.\u00ba e 9.\u00ba anos da Escola Santa Clara deram asas \u00e0 imagina\u00e7\u00e3o e criaram propostas art\u00edsticas cheias de criatividade e express\u00e3o.<\/i><\/span><\/div>\n<div><\/div>\n<div><span style=\"color: #000000;\"><i>Os cartuchos, concebidos pelos alunos das turmas A e C do 8.\u00ba ano na disciplina de Oficina de Artes Pl\u00e1sticas da Escola Severim de Faria, nasceram da explora\u00e7\u00e3o do m\u00f3dulo e do padr\u00e3o, conceitos fundamentais na linguagem visual. Atrav\u00e9s da repeti\u00e7\u00e3o, da varia\u00e7\u00e3o e do ritmo das formas, os alunos criaram composi\u00e7\u00f5es \u00fanicas que revelam o <strong>equil\u00edbrio entre criatividade<\/strong> <strong>individual e harmonia coletiva<\/strong>. Cada cartucho \u00e9 uma prova de como <strong>a geometria e a arte podem dialogar de forma expressiva e contempor\u00e2nea.<\/strong><\/i><\/span><\/div>\n<div><\/div>\n<div><span style=\"color: #000000;\"><i>No \u00e2mbito da disciplina de Educa\u00e7\u00e3o Visual, as turmas A, B e C do 8.\u00ba ano e as turmas A e B do 9.\u00ba ano da Escola Santa Clara embarcaram numa viagem ao universo criativo de Edvard Munch e Frida Kahlo. Inspirados por &#8220;O Grito&#8221; e pelas intensas obras da artista mexicana, <strong>os alunos deram voz \u00e0 cor e \u00e0 imagina\u00e7\u00e3o, reinterpretando essas cria\u00e7\u00f5es com a sensibilidade de quem descobre o mundo atrav\u00e9s da arte.<\/strong><\/i><\/span><\/div>\n<div><span style=\"color: #000000;\"><i>Movidos pela for\u00e7a expressiva desses mestres, exploraram o estilo Pop Art, transformando sentimentos e identidades em composi\u00e7\u00f5es vibrantes, repletas de emo\u00e7\u00e3o, energia e personalidade.<\/i><\/span><\/div>\n<div><\/div>\n<div><span style=\"color: #000000;\"><i>Foram ainda expostos os trabalhos das turmas A, B e C do 9.\u00ba ano , do ano letivo 2024\/25, que reinterpretaram a poderosa obra \u201cGuernica\u201d de Picasso, <strong>refletindo sobre a dor, a esperan\u00e7a e a for\u00e7a da arte em tempos desafiantes.\u00a0<\/strong><\/i><\/span><\/div>\n<div><span style=\"color: #000000;\"><i> <img loading=\"lazy\" decoding=\"async\" class=\"size-medium wp-image-4297 aligncenter\" src=\"https:\/\/jornaloassobio.pt\/wp-content\/uploads\/2025\/11\/1000031532-1024x768-1-300x225.jpg\" alt=\"\" width=\"300\" height=\"225\" srcset=\"https:\/\/jornaloassobio.pt\/wp-content\/uploads\/2025\/11\/1000031532-1024x768-1-300x225.jpg 300w, https:\/\/jornaloassobio.pt\/wp-content\/uploads\/2025\/11\/1000031532-1024x768-1-768x576.jpg 768w, https:\/\/jornaloassobio.pt\/wp-content\/uploads\/2025\/11\/1000031532-1024x768-1.jpg 1024w\" sizes=\"auto, (max-width: 300px) 100vw, 300px\" \/><img loading=\"lazy\" decoding=\"async\" class=\"size-medium wp-image-4296 aligncenter\" src=\"https:\/\/jornaloassobio.pt\/wp-content\/uploads\/2025\/11\/1000031534-1024x768-1-300x225.jpg\" alt=\"\" width=\"300\" height=\"225\" srcset=\"https:\/\/jornaloassobio.pt\/wp-content\/uploads\/2025\/11\/1000031534-1024x768-1-300x225.jpg 300w, https:\/\/jornaloassobio.pt\/wp-content\/uploads\/2025\/11\/1000031534-1024x768-1-768x576.jpg 768w, https:\/\/jornaloassobio.pt\/wp-content\/uploads\/2025\/11\/1000031534-1024x768-1.jpg 1024w\" sizes=\"auto, (max-width: 300px) 100vw, 300px\" \/><br \/>\n<\/i><\/span><\/div>\n<div><span style=\"color: #000000;\"><i>N\u00e3o deixe de visitar a exposi\u00e7\u00e3o na Escola Santa Clara.\u00a0 Vale mesmo a pena ver de perto tanta for\u00e7a criadora!<\/i><\/span><\/div>\n<div><\/div>\n        <div class=\"booster-block booster-reactions-block\">\r\n            <div class=\"twp-reactions-icons\">\r\n                \r\n                <div class=\"twp-reacts-wrap\">\r\n                    <a react-data=\"be-react-1\" post-id=\"4295\" class=\"be-face-icons un-reacted\" href=\"javascript:void(0)\">\r\n                        <img decoding=\"async\" src=\"https:\/\/jornaloassobio.pt\/wp-content\/plugins\/booster-extension\/\/assets\/icon\/happy.svg\" alt=\"Happy\">\r\n                    <\/a>\r\n                    <div class=\"twp-reaction-title\">\r\n                        Happy                    <\/div>\r\n                    <div class=\"twp-count-percent\">\r\n                                                    <span style=\"display: none;\" class=\"twp-react-count\">0<\/span>\r\n                        \r\n                                                <span class=\"twp-react-percent\"><span>0<\/span> %<\/span>\r\n                                            <\/div>\r\n                <\/div>\r\n\r\n                <div class=\"twp-reacts-wrap\">\r\n                    <a react-data=\"be-react-2\" post-id=\"4295\" class=\"be-face-icons un-reacted\" href=\"javascript:void(0)\">\r\n                        <img decoding=\"async\" src=\"https:\/\/jornaloassobio.pt\/wp-content\/plugins\/booster-extension\/\/assets\/icon\/sad.svg\" alt=\"Sad\">\r\n                    <\/a>\r\n                    <div class=\"twp-reaction-title\">\r\n                        Sad                    <\/div>\r\n                    <div class=\"twp-count-percent\">\r\n                                                    <span style=\"display: none;\" class=\"twp-react-count\">0<\/span>\r\n                                                                        <span class=\"twp-react-percent\"><span>0<\/span> %<\/span>\r\n                                            <\/div>\r\n                <\/div>\r\n\r\n                <div class=\"twp-reacts-wrap\">\r\n                    <a react-data=\"be-react-3\" post-id=\"4295\" class=\"be-face-icons un-reacted\" href=\"javascript:void(0)\">\r\n                        <img decoding=\"async\" src=\"https:\/\/jornaloassobio.pt\/wp-content\/plugins\/booster-extension\/\/assets\/icon\/excited.svg\" alt=\"Excited\">\r\n                    <\/a>\r\n                    <div class=\"twp-reaction-title\">\r\n                        Excited                    <\/div>\r\n                    <div class=\"twp-count-percent\">\r\n                                                    <span style=\"display: none;\" class=\"twp-react-count\">0<\/span>\r\n                                                                        <span class=\"twp-react-percent\"><span>0<\/span> %<\/span>\r\n                                            <\/div>\r\n                <\/div>\r\n\r\n                <div class=\"twp-reacts-wrap\">\r\n                    <a react-data=\"be-react-6\" post-id=\"4295\" class=\"be-face-icons un-reacted\" href=\"javascript:void(0)\">\r\n                        <img decoding=\"async\" src=\"https:\/\/jornaloassobio.pt\/wp-content\/plugins\/booster-extension\/\/assets\/icon\/sleepy.svg\" alt=\"Sleepy\">\r\n                    <\/a>\r\n                    <div class=\"twp-reaction-title\">\r\n                        Sleepy                    <\/div>\r\n                    <div class=\"twp-count-percent\">\r\n                                                    <span style=\"display: none;\" class=\"twp-react-count\">0<\/span>\r\n                        \r\n                                                <span class=\"twp-react-percent\"><span>0<\/span> %<\/span>\r\n                                            <\/div>\r\n                <\/div>\r\n\r\n                <div class=\"twp-reacts-wrap\">\r\n                    <a react-data=\"be-react-4\" post-id=\"4295\" class=\"be-face-icons un-reacted\" href=\"javascript:void(0)\">\r\n                        <img decoding=\"async\" src=\"https:\/\/jornaloassobio.pt\/wp-content\/plugins\/booster-extension\/\/assets\/icon\/angry.svg\" alt=\"Angry\">\r\n                    <\/a>\r\n                    <div class=\"twp-reaction-title\">Angry<\/div>\r\n                    <div class=\"twp-count-percent\">\r\n                                                    <span style=\"display: none;\" class=\"twp-react-count\">0<\/span>\r\n                                                                        <span class=\"twp-react-percent\"><span>0<\/span> %<\/span>\r\n                        \r\n                    <\/div>\r\n                <\/div>\r\n\r\n                <div class=\"twp-reacts-wrap\">\r\n                    <a react-data=\"be-react-5\" post-id=\"4295\" class=\"be-face-icons un-reacted\" href=\"javascript:void(0)\">\r\n                        <img decoding=\"async\" src=\"https:\/\/jornaloassobio.pt\/wp-content\/plugins\/booster-extension\/\/assets\/icon\/surprise.svg\" alt=\"Surprise\">\r\n                    <\/a>\r\n                    <div class=\"twp-reaction-title\">Surprise<\/div>\r\n                    <div class=\"twp-count-percent\">\r\n                                                    <span style=\"display: none;\" class=\"twp-react-count\">0<\/span>\r\n                                                                        <span class=\"twp-react-percent\"><span>0<\/span> %<\/span>\r\n                                            <\/div>\r\n                <\/div>\r\n\r\n            <\/div>\r\n        <\/div>\r\n\r\n    ","protected":false},"excerpt":{"rendered":"<p>Os alunos do 8.\u00ba ano da Escola Severim de Faria e os dos 8.\u00ba e 9.\u00ba anos da Escola Santa Clara deram asas \u00e0 imagina\u00e7\u00e3o e criaram propostas art\u00edsticas cheias de criatividade e express\u00e3o. Os cartuchos, concebidos pelos alunos das turmas A e C do 8.\u00ba ano na disciplina de Oficina de Artes Pl\u00e1sticas da [&hellip;]<\/p>\n","protected":false},"author":6,"featured_media":4296,"comment_status":"open","ping_status":"open","sticky":false,"template":"","format":"standard","meta":{"footnotes":""},"categories":[4],"tags":[],"class_list":["post-4295","post","type-post","status-publish","format-standard","has-post-thumbnail","hentry","category-noticias"],"_links":{"self":[{"href":"https:\/\/jornaloassobio.pt\/index.php?rest_route=\/wp\/v2\/posts\/4295","targetHints":{"allow":["GET"]}}],"collection":[{"href":"https:\/\/jornaloassobio.pt\/index.php?rest_route=\/wp\/v2\/posts"}],"about":[{"href":"https:\/\/jornaloassobio.pt\/index.php?rest_route=\/wp\/v2\/types\/post"}],"author":[{"embeddable":true,"href":"https:\/\/jornaloassobio.pt\/index.php?rest_route=\/wp\/v2\/users\/6"}],"replies":[{"embeddable":true,"href":"https:\/\/jornaloassobio.pt\/index.php?rest_route=%2Fwp%2Fv2%2Fcomments&post=4295"}],"version-history":[{"count":4,"href":"https:\/\/jornaloassobio.pt\/index.php?rest_route=\/wp\/v2\/posts\/4295\/revisions"}],"predecessor-version":[{"id":4305,"href":"https:\/\/jornaloassobio.pt\/index.php?rest_route=\/wp\/v2\/posts\/4295\/revisions\/4305"}],"wp:featuredmedia":[{"embeddable":true,"href":"https:\/\/jornaloassobio.pt\/index.php?rest_route=\/wp\/v2\/media\/4296"}],"wp:attachment":[{"href":"https:\/\/jornaloassobio.pt\/index.php?rest_route=%2Fwp%2Fv2%2Fmedia&parent=4295"}],"wp:term":[{"taxonomy":"category","embeddable":true,"href":"https:\/\/jornaloassobio.pt\/index.php?rest_route=%2Fwp%2Fv2%2Fcategories&post=4295"},{"taxonomy":"post_tag","embeddable":true,"href":"https:\/\/jornaloassobio.pt\/index.php?rest_route=%2Fwp%2Fv2%2Ftags&post=4295"}],"curies":[{"name":"wp","href":"https:\/\/api.w.org\/{rel}","templated":true}]}}