{"id":4301,"date":"2025-11-18T11:17:15","date_gmt":"2025-11-18T11:17:15","guid":{"rendered":"https:\/\/jornaloassobio.pt\/?p=4301"},"modified":"2025-11-18T11:17:29","modified_gmt":"2025-11-18T11:17:29","slug":"sustentabilidade-insustentavel","status":"publish","type":"post","link":"https:\/\/jornaloassobio.pt\/?p=4301","title":{"rendered":"SUSTENTABILIDADE INSUSTENT\u00c1VEL !?"},"content":{"rendered":"<div class='booster-block booster-read-block'>\r\n                <div class=\"twp-read-time\">\r\n                \t<i class=\"booster-icon twp-clock\"><\/i> <span>Read Time:<\/span>1 Minute, 6 Second                <\/div>\r\n\r\n            <\/div><p>&nbsp;<\/p>\n<p><img loading=\"lazy\" decoding=\"async\" class=\"size-medium wp-image-4302 aligncenter\" src=\"https:\/\/jornaloassobio.pt\/wp-content\/uploads\/2025\/11\/IMG_5101-scaled-1024x768-1-300x225.png\" alt=\"\" width=\"300\" height=\"225\" srcset=\"https:\/\/jornaloassobio.pt\/wp-content\/uploads\/2025\/11\/IMG_5101-scaled-1024x768-1-300x225.png 300w, https:\/\/jornaloassobio.pt\/wp-content\/uploads\/2025\/11\/IMG_5101-scaled-1024x768-1-768x576.png 768w, https:\/\/jornaloassobio.pt\/wp-content\/uploads\/2025\/11\/IMG_5101-scaled-1024x768-1.png 1024w\" sizes=\"auto, (max-width: 300px) 100vw, 300px\" \/><\/p>\n<p><span style=\"color: #000000;\">No dia 17 de Novembro, realizou-se uma <strong>Confer\u00eancia<\/strong>, organizada pelo <strong>Clube Ci\u00eancia Viva \u2013 Ci\u00eancia em A\u00e7\u00e3o<\/strong> e pelo programa <strong>Eco Escolas<\/strong> do Agrupamento de Escolas Severim de Faria, dedicada a um tema que nos desafia diariamente e que, mais do que nunca, exige conhecimento, reflex\u00e3o e a\u00e7\u00e3o: <strong>a Sustentabilidade.<\/strong><\/span><\/p>\n<p><span style=\"color: #000000;\">No nosso Agrupamento, a promo\u00e7\u00e3o permanente de uma <strong>cidadania ativa e respons\u00e1vel<\/strong> n\u00e3o \u00e9 apenas um princ\u00edpio orientador \u2014 \u00e9 uma <strong>pr\u00e1tica di\u00e1ria<\/strong>. Os nossos alunos, professores e funcion\u00e1rios debatem recorrentemente este temas e desenvolvem, ao longo de todo o ano letivo, projetos que procuram transformar a escola num espa\u00e7o mais sustent\u00e1vel e consciente. Acreditamos que a mudan\u00e7a se constr\u00f3i com conhecimento e participa\u00e7\u00e3o, mas tamb\u00e9m com o esp\u00edrito cr\u00edtico que permite distinguir informa\u00e7\u00e3o rigorosa de ideias simplistas ou, pior ainda, de desinforma\u00e7\u00e3o.<\/span><\/p>\n<p><span style=\"color: #000000;\">\u00c9 por isso que tivemos um convidado muito especial: o <strong>Professor Doutor Rui Dias<\/strong>. \u00c9 professor e investigador no Instituto de Ci\u00eancias da Terra da Universidade de \u00c9vora, preside a Comiss\u00e3o Cient\u00edfica do Centro de Ci\u00eancia Viva de Estremoz e publicou recentemente o livro \u201c<strong>A Sustentabilidade Insustent\u00e1vel<\/strong>\u201d, uma obra que procura desmistificar muitas das d\u00favidas e certezas que nos chegam atrav\u00e9s das redes sociais.<\/span><\/p>\n<p><span style=\"color: #000000;\">Um futuro mais sustent\u00e1vel depende de cada um de n\u00f3s.<\/span><\/p>\n<p><span style=\"color: #000000;\">Agrademos \u00e0 CCDR Alentejo a ced\u00eancia deste audit\u00f3rio, que t\u00e3o generosamente acolheu esta iniciativa.<\/span><\/p>\n        <div class=\"booster-block booster-reactions-block\">\r\n            <div class=\"twp-reactions-icons\">\r\n                \r\n                <div class=\"twp-reacts-wrap\">\r\n                    <a react-data=\"be-react-1\" post-id=\"4301\" class=\"be-face-icons un-reacted\" href=\"javascript:void(0)\">\r\n                        <img decoding=\"async\" src=\"https:\/\/jornaloassobio.pt\/wp-content\/plugins\/booster-extension\/\/assets\/icon\/happy.svg\" alt=\"Happy\">\r\n                    <\/a>\r\n                    <div class=\"twp-reaction-title\">\r\n                        Happy                    <\/div>\r\n                    <div class=\"twp-count-percent\">\r\n                                                    <span style=\"display: none;\" class=\"twp-react-count\">0<\/span>\r\n                        \r\n                                                <span class=\"twp-react-percent\"><span>0<\/span> %<\/span>\r\n                                            <\/div>\r\n                <\/div>\r\n\r\n                <div class=\"twp-reacts-wrap\">\r\n                    <a react-data=\"be-react-2\" post-id=\"4301\" class=\"be-face-icons un-reacted\" href=\"javascript:void(0)\">\r\n                        <img decoding=\"async\" src=\"https:\/\/jornaloassobio.pt\/wp-content\/plugins\/booster-extension\/\/assets\/icon\/sad.svg\" alt=\"Sad\">\r\n                    <\/a>\r\n                    <div class=\"twp-reaction-title\">\r\n                        Sad                    <\/div>\r\n                    <div class=\"twp-count-percent\">\r\n                                                    <span style=\"display: none;\" class=\"twp-react-count\">0<\/span>\r\n                                                                        <span class=\"twp-react-percent\"><span>0<\/span> %<\/span>\r\n                                            <\/div>\r\n                <\/div>\r\n\r\n                <div class=\"twp-reacts-wrap\">\r\n                    <a react-data=\"be-react-3\" post-id=\"4301\" class=\"be-face-icons un-reacted\" href=\"javascript:void(0)\">\r\n                        <img decoding=\"async\" src=\"https:\/\/jornaloassobio.pt\/wp-content\/plugins\/booster-extension\/\/assets\/icon\/excited.svg\" alt=\"Excited\">\r\n                    <\/a>\r\n                    <div class=\"twp-reaction-title\">\r\n                        Excited                    <\/div>\r\n                    <div class=\"twp-count-percent\">\r\n                                                    <span style=\"display: none;\" class=\"twp-react-count\">0<\/span>\r\n                                                                        <span class=\"twp-react-percent\"><span>0<\/span> %<\/span>\r\n                                            <\/div>\r\n                <\/div>\r\n\r\n                <div class=\"twp-reacts-wrap\">\r\n                    <a react-data=\"be-react-6\" post-id=\"4301\" class=\"be-face-icons un-reacted\" href=\"javascript:void(0)\">\r\n                        <img decoding=\"async\" src=\"https:\/\/jornaloassobio.pt\/wp-content\/plugins\/booster-extension\/\/assets\/icon\/sleepy.svg\" alt=\"Sleepy\">\r\n                    <\/a>\r\n                    <div class=\"twp-reaction-title\">\r\n                        Sleepy                    <\/div>\r\n                    <div class=\"twp-count-percent\">\r\n                                                    <span style=\"display: none;\" class=\"twp-react-count\">0<\/span>\r\n                        \r\n                                                <span class=\"twp-react-percent\"><span>0<\/span> %<\/span>\r\n                                            <\/div>\r\n                <\/div>\r\n\r\n                <div class=\"twp-reacts-wrap\">\r\n                    <a react-data=\"be-react-4\" post-id=\"4301\" class=\"be-face-icons un-reacted\" href=\"javascript:void(0)\">\r\n                        <img decoding=\"async\" src=\"https:\/\/jornaloassobio.pt\/wp-content\/plugins\/booster-extension\/\/assets\/icon\/angry.svg\" alt=\"Angry\">\r\n                    <\/a>\r\n                    <div class=\"twp-reaction-title\">Angry<\/div>\r\n                    <div class=\"twp-count-percent\">\r\n                                                    <span style=\"display: none;\" class=\"twp-react-count\">0<\/span>\r\n                                                                        <span class=\"twp-react-percent\"><span>0<\/span> %<\/span>\r\n                        \r\n                    <\/div>\r\n                <\/div>\r\n\r\n                <div class=\"twp-reacts-wrap\">\r\n                    <a react-data=\"be-react-5\" post-id=\"4301\" class=\"be-face-icons un-reacted\" href=\"javascript:void(0)\">\r\n                        <img decoding=\"async\" src=\"https:\/\/jornaloassobio.pt\/wp-content\/plugins\/booster-extension\/\/assets\/icon\/surprise.svg\" alt=\"Surprise\">\r\n                    <\/a>\r\n                    <div class=\"twp-reaction-title\">Surprise<\/div>\r\n                    <div class=\"twp-count-percent\">\r\n                                                    <span style=\"display: none;\" class=\"twp-react-count\">0<\/span>\r\n                                                                        <span class=\"twp-react-percent\"><span>0<\/span> %<\/span>\r\n                                            <\/div>\r\n                <\/div>\r\n\r\n            <\/div>\r\n        <\/div>\r\n\r\n    ","protected":false},"excerpt":{"rendered":"<p>&nbsp; No dia 17 de Novembro, realizou-se uma Confer\u00eancia, organizada pelo Clube Ci\u00eancia Viva \u2013 Ci\u00eancia em A\u00e7\u00e3o e pelo programa Eco Escolas do Agrupamento de Escolas Severim de Faria, dedicada a um tema que nos desafia diariamente e que, mais do que nunca, exige conhecimento, reflex\u00e3o e a\u00e7\u00e3o: a Sustentabilidade. No nosso Agrupamento, a [&hellip;]<\/p>\n","protected":false},"author":6,"featured_media":4302,"comment_status":"open","ping_status":"open","sticky":false,"template":"","format":"standard","meta":{"footnotes":""},"categories":[4],"tags":[],"class_list":["post-4301","post","type-post","status-publish","format-standard","has-post-thumbnail","hentry","category-noticias"],"_links":{"self":[{"href":"https:\/\/jornaloassobio.pt\/index.php?rest_route=\/wp\/v2\/posts\/4301","targetHints":{"allow":["GET"]}}],"collection":[{"href":"https:\/\/jornaloassobio.pt\/index.php?rest_route=\/wp\/v2\/posts"}],"about":[{"href":"https:\/\/jornaloassobio.pt\/index.php?rest_route=\/wp\/v2\/types\/post"}],"author":[{"embeddable":true,"href":"https:\/\/jornaloassobio.pt\/index.php?rest_route=\/wp\/v2\/users\/6"}],"replies":[{"embeddable":true,"href":"https:\/\/jornaloassobio.pt\/index.php?rest_route=%2Fwp%2Fv2%2Fcomments&post=4301"}],"version-history":[{"count":2,"href":"https:\/\/jornaloassobio.pt\/index.php?rest_route=\/wp\/v2\/posts\/4301\/revisions"}],"predecessor-version":[{"id":4304,"href":"https:\/\/jornaloassobio.pt\/index.php?rest_route=\/wp\/v2\/posts\/4301\/revisions\/4304"}],"wp:featuredmedia":[{"embeddable":true,"href":"https:\/\/jornaloassobio.pt\/index.php?rest_route=\/wp\/v2\/media\/4302"}],"wp:attachment":[{"href":"https:\/\/jornaloassobio.pt\/index.php?rest_route=%2Fwp%2Fv2%2Fmedia&parent=4301"}],"wp:term":[{"taxonomy":"category","embeddable":true,"href":"https:\/\/jornaloassobio.pt\/index.php?rest_route=%2Fwp%2Fv2%2Fcategories&post=4301"},{"taxonomy":"post_tag","embeddable":true,"href":"https:\/\/jornaloassobio.pt\/index.php?rest_route=%2Fwp%2Fv2%2Ftags&post=4301"}],"curies":[{"name":"wp","href":"https:\/\/api.w.org\/{rel}","templated":true}]}}