{"id":4307,"date":"2025-11-20T12:11:31","date_gmt":"2025-11-20T12:11:31","guid":{"rendered":"https:\/\/jornaloassobio.pt\/?p=4307"},"modified":"2025-11-20T12:39:22","modified_gmt":"2025-11-20T12:39:22","slug":"dia-mundial-da-filosofia-livros-e-filmes-perguntadores","status":"publish","type":"post","link":"https:\/\/jornaloassobio.pt\/?p=4307","title":{"rendered":"DIA MUNDIAL DA FILOSOFIA : LIVROS E FILMES &#8220;PERGUNTADORES&#8221;"},"content":{"rendered":"<div class='booster-block booster-read-block'>\r\n                <div class=\"twp-read-time\">\r\n                \t<i class=\"booster-icon twp-clock\"><\/i> <span>Read Time:<\/span>3 Minute, 34 Second                <\/div>\r\n\r\n            <\/div><p><span style=\"color: #000000;\">Hoje, dia <strong>20 de novembro<\/strong>, comemora-se o <strong>Dia Mundial da Filosofia<\/strong>.<\/span><\/p>\n<p><span style=\"color: #000000;\">Em 2002, a UNESCO instituiu o Dia Mundial da Filosofia, fazendo a apologia da <strong>reflex\u00e3o<\/strong> e fomentando o <strong>pensamento cr\u00edtico<\/strong>, contribuindo desta forma para a <strong>promo\u00e7\u00e3o da toler\u00e2ncia e da<\/strong> <strong>paz<\/strong>. Desde ent\u00e3o, este dia \u00e9 celebrado em todo o mundo na <strong>terceira quinta-feira do m\u00eas de novembro.<\/strong><\/span><\/p>\n<p><img loading=\"lazy\" decoding=\"async\" class=\" wp-image-4309 aligncenter\" src=\"https:\/\/jornaloassobio.pt\/wp-content\/uploads\/2025\/11\/Escola_de_Atenas_-_Vaticano_2-300x203.jpg\" alt=\"\" width=\"340\" height=\"230\" srcset=\"https:\/\/jornaloassobio.pt\/wp-content\/uploads\/2025\/11\/Escola_de_Atenas_-_Vaticano_2-300x203.jpg 300w, https:\/\/jornaloassobio.pt\/wp-content\/uploads\/2025\/11\/Escola_de_Atenas_-_Vaticano_2-768x518.jpg 768w, https:\/\/jornaloassobio.pt\/wp-content\/uploads\/2025\/11\/Escola_de_Atenas_-_Vaticano_2.jpg 800w\" sizes=\"auto, (max-width: 340px) 100vw, 340px\" \/><\/p>\n<h6 style=\"text-align: center;\">Escola de Atenas (1509) Rafael<\/h6>\n<p><span style=\"color: #000000;\">O <strong>PNL (Plano Nacional de Leitura)<\/strong> associa-se a esta data atrav\u00e9s de uma sele\u00e7\u00e3o de livros que ajudam a refletir sobre o objetivo da filosofia &#8211; a busca de respostas para as grandes quest\u00f5es do nosso tempo\u00a0 e tamb\u00e9m para as pequenas quest\u00f5es individuais.<\/span><\/p>\n<p><span style=\"color: #000000;\">Alguns exemplos de <strong>livros &#8220;perguntadores<\/strong>&#8221;\u00a0 s\u00e3o os que se apresentam a seguir, com alguns excertos significativos.<\/span><\/p>\n<p><strong><span style=\"color: #993366;\">\u201cQual \u00e9 o prop\u00f3sito, o objeto pr\u00f3prio do filosofar?<\/span><\/strong><br \/>\n<strong><span style=\"color: #993366;\">O que estamos a fazer?<\/span><\/strong><br \/>\n<strong><span style=\"color: #993366;\">N\u00e3o estamos, evidentemente, a come\u00e7ar a partir do nada, nem estamos apenas a percorrer ideias ao acaso. Estamos sempre \u00e0 procura de algo em particular \u2013 uma liga\u00e7\u00e3o, uma conex\u00e3o, um contexto que dar\u00e1 sentido \u00e0s nossas no\u00e7\u00f5es presentemente obscuras. Os pensamentos que vagueiam agora por a\u00ed \u00e0 solta e desligados precisam de algum modo de ser atra\u00eddos para um padr\u00e3o \u2013 talvez mesmo um padr\u00e3o \u00fanico, uma conce\u00e7\u00e3o explicativas global. E, quando um destes padr\u00f5es parece tornar-se mais completo, aprovamo-lo e come\u00e7amos a referir-nos esperan\u00e7adamente a ele como uma filosofia. \u201c<\/span><\/strong><\/p>\n<h5><span style=\"color: #000000;\">in Mary Midgley (2019)\u00a0<strong><em>Para que serve a f\u00edlosofia?<\/em><\/strong>\u00a0Lisboa: Temas e debates<\/span><\/h5>\n<p><strong><span style=\"color: #993366;\">\u201cSe a filosofia se apagar, se a voz dos fil\u00f3sofos se extinguir, o esp\u00edrito tornar-se-\u00e1 cada vez mais vulner\u00e1vel \u00e0s manipula\u00e7\u00f5es dos mercadores de \u00eddolos e dos fabricantes de opini\u00e3o.\u201d<\/span><\/strong><\/p>\n<h5><span style=\"color: #000000;\"><strong><em>Manifesto dos intelectuais franceses em prol da Filosofia<\/em><\/strong>, publicado no &#8220;Le Monde&#8221;, em julho de 1975<\/span><\/h5>\n<p><strong><span style=\"color: #993366;\">\u201cA filosofia quer saber o que significa para n\u00f3s o conjunto dos nossos saberes \u2026e at\u00e9 se s\u00e3o verdadeiros saberes ou ignor\u00e2ncias disfar\u00e7adas! Porque a filosofia costuma questionar-se principalmente sobre perguntas que os cientistas (e com certeza as pessoas comuns) d\u00e3o j\u00e1 por supostas ou evidentes. Thomas Nagel, atualmente professor de Filosofia numa universidade de Nova Iorque, refere-se a isso deste modo: \u00abA principal ocupa\u00e7\u00e3o da filosofia \u00e9 questionar e esclarecer algumas ideias muito comuns que usamos todos os dias sem pensar nelas. Um historiador pode perguntar-nos o que aconteceu num determinado momento do passado, mas um fil\u00f3sofo perguntar\u00e1: o que \u00e9 o tempo? Um matem\u00e1tico pode investigar as rela\u00e7\u00f5es entre os n\u00fameros, mas um fil\u00f3sofo perguntar\u00e1: o que \u00e9 um n\u00famero? Um f\u00edsico perguntar-se-\u00e1 de que s\u00e3o feitos os \u00e1tomos ou o que \u00e9 que explica a gravidade, mas um fil\u00f3sofo perguntar\u00e1: como podemos saber que existe algo fora das nossas mentes? Um psic\u00f3logo pode investigar como \u00e9 que as crian\u00e7as aprendem uma linguagem, mas um fil\u00f3sofo perguntar\u00e1: porque \u00e9 que uma palavra significa alguma coisa? Qualquer pessoa pode perguntar se est\u00e1 mal introduzir-se no cinema sem pagar, mas um fil\u00f3sofo perguntar\u00e1 primeiro: por que \u00e9 que uma a\u00e7\u00e3o \u00e9 boa ou m\u00e1?\u00bb<\/span><\/strong><\/p>\n<h5><span style=\"color: #000000;\">in Fernando Savater (1999).\u00a0<em><strong>As Perguntas da Vida<\/strong><\/em>. Lisboa: D. Quixote<img loading=\"lazy\" decoding=\"async\" class=\"size-full wp-image-4311 alignright\" src=\"https:\/\/jornaloassobio.pt\/wp-content\/uploads\/2025\/11\/As-Perguntas-da-Vida.jpg\" alt=\"\" width=\"200\" height=\"200\" srcset=\"https:\/\/jornaloassobio.pt\/wp-content\/uploads\/2025\/11\/As-Perguntas-da-Vida.jpg 200w, https:\/\/jornaloassobio.pt\/wp-content\/uploads\/2025\/11\/As-Perguntas-da-Vida-150x150.jpg 150w\" sizes=\"auto, (max-width: 200px) 100vw, 200px\" \/><\/span><\/h5>\n<p><span style=\"color: #000000;\"><a style=\"color: #000000;\" title=\"Livros Perguntadores\" href=\"https:\/\/www.pnl2027.gov.pt\/np4\/livrosperguntadorespnl2027.html\" target=\"_blank\" rel=\"noopener\"><img loading=\"lazy\" decoding=\"async\" title=\"Livros PNL\" src=\"https:\/\/www.pnl2027.gov.pt\/np4\/file\/74\/livrospnl.jpeg\" alt=\"Livros PNL\" width=\"500\" height=\"281\" \/><\/a><\/span><\/p>\n<p><span style=\"color: #000000;\">in https:\/\/www.pnl2027.gov.pt\/np4\/diamundialdafilosofia2021.html, consultado em 20\/11\/2025<\/span><\/p>\n<p><span style=\"color: #000000;\">A <strong>&#8220;S\u00e9tima Arte&#8221;<\/strong> tamb\u00e9m esteve sempre associada ao questionamento da realidade e \u00e0 procura de respostas sobre a exist\u00eancia humana.\u00a0\u00a0<\/span><\/p>\n<p><span style=\"color: #000000;\">Alguns dos\u00a0 <strong>filmes &#8220;perguntadores&#8221;<\/strong>, recomendados para ajudar\u00a0 a refletir sobre a vida e sobre a humanidade s\u00e3o, entre muitos outros, os seguintes:<\/span><img loading=\"lazy\" decoding=\"async\" class=\"size-medium wp-image-4310 alignright\" src=\"https:\/\/jornaloassobio.pt\/wp-content\/uploads\/2025\/11\/1df87f04-eab0-4af5-a2c7-0bba6d7f5c73-snapshot-1590662573-300x169.jpeg\" alt=\"\" width=\"300\" height=\"169\" srcset=\"https:\/\/jornaloassobio.pt\/wp-content\/uploads\/2025\/11\/1df87f04-eab0-4af5-a2c7-0bba6d7f5c73-snapshot-1590662573-300x169.jpeg 300w, https:\/\/jornaloassobio.pt\/wp-content\/uploads\/2025\/11\/1df87f04-eab0-4af5-a2c7-0bba6d7f5c73-snapshot-1590662573.jpeg 680w\" sizes=\"auto, (max-width: 300px) 100vw, 300px\" \/><\/p>\n<p><img loading=\"lazy\" decoding=\"async\" class=\"size-medium wp-image-4313 alignright\" src=\"https:\/\/jornaloassobio.pt\/wp-content\/uploads\/2025\/11\/70x100_Loving-Vincent-209x300.jpg\" alt=\"\" width=\"209\" height=\"300\" srcset=\"https:\/\/jornaloassobio.pt\/wp-content\/uploads\/2025\/11\/70x100_Loving-Vincent-209x300.jpg 209w, https:\/\/jornaloassobio.pt\/wp-content\/uploads\/2025\/11\/70x100_Loving-Vincent-712x1024.jpg 712w, https:\/\/jornaloassobio.pt\/wp-content\/uploads\/2025\/11\/70x100_Loving-Vincent-768x1104.jpg 768w, https:\/\/jornaloassobio.pt\/wp-content\/uploads\/2025\/11\/70x100_Loving-Vincent.jpg 789w\" sizes=\"auto, (max-width: 209px) 100vw, 209px\" \/><\/p>\n<p style=\"text-align: left;\"><span style=\"color: #000080;\">al-Mansour, H. (Realizador). (2019). <strong>O sonho de Wadja<\/strong> [Filme].<\/span><br \/>\n<span style=\"color: #000080;\">Aronotsky, D. (Realizador). (2010). <strong>Cisne Negro<\/strong> [Filme].<\/span><br \/>\n<span style=\"color: #000080;\">Burton, T. (Realizador). (2014). <strong>Big Eyes<\/strong> [Filme].<\/span><br \/>\n<span style=\"color: #000080;\">Fuqua, A. (Realizador). (2021). <strong>O Culpado<\/strong> [Filme].<\/span><br \/>\n<span style=\"color: #000080;\">George, T. (Realizador). (2004). <strong>Hotel Ruanda<\/strong> [Filme].<\/span><br \/>\n<span style=\"color: #000080;\">Howard, J. (Realizador). (2001). <strong>Uma Mente Brilhante<\/strong> [Filme].<\/span><br \/>\n<span style=\"color: #000080;\">Hugh, D. (Realizador). (1999). <strong>Um Conto de Natal<\/strong> [Filme].<\/span><br \/>\n<span style=\"color: #000080;\">Kobiela, D., &amp; Welchman, H. (Realizadores). (2017). <strong>A paix\u00e3o de Van Gogh<\/strong> [Filme].<\/span><br \/>\n<span style=\"color: #000080;\">Lucas, G. (Realizador). (1977). <strong>A Guerra das Estrelas<\/strong> [Filme].<\/span><br \/>\n<span style=\"color: #000080;\">Nolan, C. (Realizador). (2010). <strong>A Origem<\/strong> [Filme].<\/span><br \/>\n<span style=\"color: #000080;\">Proyas, A. (Realizador). (1998). <strong>A Cidade Misteriosa<\/strong> [Filme].<\/span><br \/>\n<span style=\"color: #000080;\">Scruton, R. (Realizador). (2009). <strong>Porque a beleza importa?<\/strong> [Filme].<\/span><br \/>\n<span style=\"color: #000080;\">Shadyac, T. (Realizador). (2003). <strong>Bruce, o Todo Poderoso<\/strong> [Filme].<\/span><br \/>\n<span style=\"color: #000080;\">Wachowski, L., &amp; Wachowski, L. (Realizadores). (1999). <strong>Matrix<\/strong> [Filme].<\/span><\/p>\n<p>&nbsp;<\/p>\n<p>in https:\/\/minedu.gov.cv\/media\/manuais\/2024\/10\/16\/PROGRAMA_FILOSOFIA_11%C2%BA_ANO_DE_ESCOLARIDADE_-_VERSAO_FINAL.pdf, consultado em 20\/11\/2025<\/p>\n        <div class=\"booster-block booster-reactions-block\">\r\n            <div class=\"twp-reactions-icons\">\r\n                \r\n                <div class=\"twp-reacts-wrap\">\r\n                    <a react-data=\"be-react-1\" post-id=\"4307\" class=\"be-face-icons un-reacted\" href=\"javascript:void(0)\">\r\n                        <img decoding=\"async\" src=\"https:\/\/jornaloassobio.pt\/wp-content\/plugins\/booster-extension\/\/assets\/icon\/happy.svg\" alt=\"Happy\">\r\n                    <\/a>\r\n                    <div class=\"twp-reaction-title\">\r\n                        Happy                    <\/div>\r\n                    <div class=\"twp-count-percent\">\r\n                                                    <span style=\"display: none;\" class=\"twp-react-count\">0<\/span>\r\n                        \r\n                                                <span class=\"twp-react-percent\"><span>0<\/span> %<\/span>\r\n                                            <\/div>\r\n                <\/div>\r\n\r\n                <div class=\"twp-reacts-wrap\">\r\n                    <a react-data=\"be-react-2\" post-id=\"4307\" class=\"be-face-icons un-reacted\" href=\"javascript:void(0)\">\r\n                        <img decoding=\"async\" src=\"https:\/\/jornaloassobio.pt\/wp-content\/plugins\/booster-extension\/\/assets\/icon\/sad.svg\" alt=\"Sad\">\r\n                    <\/a>\r\n                    <div class=\"twp-reaction-title\">\r\n                        Sad                    <\/div>\r\n                    <div class=\"twp-count-percent\">\r\n                                                    <span style=\"display: none;\" class=\"twp-react-count\">0<\/span>\r\n                                                                        <span class=\"twp-react-percent\"><span>0<\/span> %<\/span>\r\n                                            <\/div>\r\n                <\/div>\r\n\r\n                <div class=\"twp-reacts-wrap\">\r\n                    <a react-data=\"be-react-3\" post-id=\"4307\" class=\"be-face-icons un-reacted\" href=\"javascript:void(0)\">\r\n                        <img decoding=\"async\" src=\"https:\/\/jornaloassobio.pt\/wp-content\/plugins\/booster-extension\/\/assets\/icon\/excited.svg\" alt=\"Excited\">\r\n                    <\/a>\r\n                    <div class=\"twp-reaction-title\">\r\n                        Excited                    <\/div>\r\n                    <div class=\"twp-count-percent\">\r\n                                                    <span style=\"display: none;\" class=\"twp-react-count\">0<\/span>\r\n                                                                        <span class=\"twp-react-percent\"><span>0<\/span> %<\/span>\r\n                                            <\/div>\r\n                <\/div>\r\n\r\n                <div class=\"twp-reacts-wrap\">\r\n                    <a react-data=\"be-react-6\" post-id=\"4307\" class=\"be-face-icons un-reacted\" href=\"javascript:void(0)\">\r\n                        <img decoding=\"async\" src=\"https:\/\/jornaloassobio.pt\/wp-content\/plugins\/booster-extension\/\/assets\/icon\/sleepy.svg\" alt=\"Sleepy\">\r\n                    <\/a>\r\n                    <div class=\"twp-reaction-title\">\r\n                        Sleepy                    <\/div>\r\n                    <div class=\"twp-count-percent\">\r\n                                                    <span style=\"display: none;\" class=\"twp-react-count\">0<\/span>\r\n                        \r\n                                                <span class=\"twp-react-percent\"><span>0<\/span> %<\/span>\r\n                                            <\/div>\r\n                <\/div>\r\n\r\n                <div class=\"twp-reacts-wrap\">\r\n                    <a react-data=\"be-react-4\" post-id=\"4307\" class=\"be-face-icons un-reacted\" href=\"javascript:void(0)\">\r\n                        <img decoding=\"async\" src=\"https:\/\/jornaloassobio.pt\/wp-content\/plugins\/booster-extension\/\/assets\/icon\/angry.svg\" alt=\"Angry\">\r\n                    <\/a>\r\n                    <div class=\"twp-reaction-title\">Angry<\/div>\r\n                    <div class=\"twp-count-percent\">\r\n                                                    <span style=\"display: none;\" class=\"twp-react-count\">0<\/span>\r\n                                                                        <span class=\"twp-react-percent\"><span>0<\/span> %<\/span>\r\n                        \r\n                    <\/div>\r\n                <\/div>\r\n\r\n                <div class=\"twp-reacts-wrap\">\r\n                    <a react-data=\"be-react-5\" post-id=\"4307\" class=\"be-face-icons un-reacted\" href=\"javascript:void(0)\">\r\n                        <img decoding=\"async\" src=\"https:\/\/jornaloassobio.pt\/wp-content\/plugins\/booster-extension\/\/assets\/icon\/surprise.svg\" alt=\"Surprise\">\r\n                    <\/a>\r\n                    <div class=\"twp-reaction-title\">Surprise<\/div>\r\n                    <div class=\"twp-count-percent\">\r\n                                                    <span style=\"display: none;\" class=\"twp-react-count\">0<\/span>\r\n                                                                        <span class=\"twp-react-percent\"><span>0<\/span> %<\/span>\r\n                                            <\/div>\r\n                <\/div>\r\n\r\n            <\/div>\r\n        <\/div>\r\n\r\n    ","protected":false},"excerpt":{"rendered":"<p>Hoje, dia 20 de novembro, comemora-se o Dia Mundial da Filosofia. Em 2002, a UNESCO instituiu o Dia Mundial da Filosofia, fazendo a apologia da reflex\u00e3o e fomentando o pensamento cr\u00edtico, contribuindo desta forma para a promo\u00e7\u00e3o da toler\u00e2ncia e da paz. Desde ent\u00e3o, este dia \u00e9 celebrado em todo o mundo na terceira quinta-feira [&hellip;]<\/p>\n","protected":false},"author":6,"featured_media":4310,"comment_status":"open","ping_status":"open","sticky":false,"template":"","format":"standard","meta":{"footnotes":""},"categories":[4],"tags":[],"class_list":["post-4307","post","type-post","status-publish","format-standard","has-post-thumbnail","hentry","category-noticias"],"_links":{"self":[{"href":"https:\/\/jornaloassobio.pt\/index.php?rest_route=\/wp\/v2\/posts\/4307","targetHints":{"allow":["GET"]}}],"collection":[{"href":"https:\/\/jornaloassobio.pt\/index.php?rest_route=\/wp\/v2\/posts"}],"about":[{"href":"https:\/\/jornaloassobio.pt\/index.php?rest_route=\/wp\/v2\/types\/post"}],"author":[{"embeddable":true,"href":"https:\/\/jornaloassobio.pt\/index.php?rest_route=\/wp\/v2\/users\/6"}],"replies":[{"embeddable":true,"href":"https:\/\/jornaloassobio.pt\/index.php?rest_route=%2Fwp%2Fv2%2Fcomments&post=4307"}],"version-history":[{"count":15,"href":"https:\/\/jornaloassobio.pt\/index.php?rest_route=\/wp\/v2\/posts\/4307\/revisions"}],"predecessor-version":[{"id":4326,"href":"https:\/\/jornaloassobio.pt\/index.php?rest_route=\/wp\/v2\/posts\/4307\/revisions\/4326"}],"wp:featuredmedia":[{"embeddable":true,"href":"https:\/\/jornaloassobio.pt\/index.php?rest_route=\/wp\/v2\/media\/4310"}],"wp:attachment":[{"href":"https:\/\/jornaloassobio.pt\/index.php?rest_route=%2Fwp%2Fv2%2Fmedia&parent=4307"}],"wp:term":[{"taxonomy":"category","embeddable":true,"href":"https:\/\/jornaloassobio.pt\/index.php?rest_route=%2Fwp%2Fv2%2Fcategories&post=4307"},{"taxonomy":"post_tag","embeddable":true,"href":"https:\/\/jornaloassobio.pt\/index.php?rest_route=%2Fwp%2Fv2%2Ftags&post=4307"}],"curies":[{"name":"wp","href":"https:\/\/api.w.org\/{rel}","templated":true}]}}