{"id":4327,"date":"2025-11-24T11:01:30","date_gmt":"2025-11-24T11:01:30","guid":{"rendered":"https:\/\/jornaloassobio.pt\/?p=4327"},"modified":"2025-11-27T12:39:35","modified_gmt":"2025-11-27T12:39:35","slug":"op-art-arte-em-movimento-na-escola-severim-de-faria","status":"publish","type":"post","link":"https:\/\/jornaloassobio.pt\/?p=4327","title":{"rendered":"&#8220;OP-ART&#8221; &#8211; ARTE EM MOVIMENTO NA ESCOLA SEVERIM DE FARIA"},"content":{"rendered":"<div class='booster-block booster-read-block'>\r\n                <div class=\"twp-read-time\">\r\n                \t<i class=\"booster-icon twp-clock\"><\/i> <span>Read Time:<\/span>2 Minute, 3 Second                <\/div>\r\n\r\n            <\/div><h3><span style=\"color: #000000;\">A sele\u00e7\u00e3o de trabalhos expostos na entrada da Escola Severim de Faria parte do universo visual da <strong>Op-Art<\/strong> e tem como refer\u00eancia direta a obra de Bridget Riley, cuja investiga\u00e7\u00e3o sobre ritmo, contraste e instabilidade percetiva serviu de ponto de partida para os alunos.\u00a0<\/span><span style=\"color: #000000;\">Estas explora\u00e7\u00f5es visuais desafiam a estabilidade do olhar e convocam ilus\u00f5es de movimento e profundidade.\u00a0<\/span><\/h3>\n<h3><span style=\"color: #000000;\">Realizados pelos alunos do 9.\u00ba ano, em Educa\u00e7\u00e3o Visual, os trabalhos revelam n\u00e3o s\u00f3 dom\u00ednio gr\u00e1fico, mas tamb\u00e9m uma reflex\u00e3o l\u00facida sobre a forma como vemos e sobre a capacidade da imagem, mesmo quando m\u00ednima, de desestabilizar o evidente.<\/span><\/h3>\n<h3><img loading=\"lazy\" decoding=\"async\" class=\"size-medium wp-image-4335 aligncenter\" src=\"https:\/\/jornaloassobio.pt\/wp-content\/uploads\/2025\/11\/00-768x1024-1-225x300.jpeg\" alt=\"\" width=\"225\" height=\"300\" srcset=\"https:\/\/jornaloassobio.pt\/wp-content\/uploads\/2025\/11\/00-768x1024-1-225x300.jpeg 225w, https:\/\/jornaloassobio.pt\/wp-content\/uploads\/2025\/11\/00-768x1024-1.jpeg 768w\" sizes=\"auto, (max-width: 225px) 100vw, 225px\" \/><\/h3>\n<p><img loading=\"lazy\" decoding=\"async\" class=\"size-medium wp-image-4328 alignnone\" src=\"https:\/\/jornaloassobio.pt\/wp-content\/uploads\/2025\/11\/07-scaled-771x1024-1-226x300.jpg\" alt=\"\" width=\"226\" height=\"300\" srcset=\"https:\/\/jornaloassobio.pt\/wp-content\/uploads\/2025\/11\/07-scaled-771x1024-1-226x300.jpg 226w, https:\/\/jornaloassobio.pt\/wp-content\/uploads\/2025\/11\/07-scaled-771x1024-1-768x1020.jpg 768w, https:\/\/jornaloassobio.pt\/wp-content\/uploads\/2025\/11\/07-scaled-771x1024-1.jpg 771w\" sizes=\"auto, (max-width: 226px) 100vw, 226px\" \/> \u00a0\u00a0<img loading=\"lazy\" decoding=\"async\" class=\"size-medium wp-image-4331 alignnone\" src=\"https:\/\/jornaloassobio.pt\/wp-content\/uploads\/2025\/11\/02-scaled-771x1024-1-226x300.jpg\" alt=\"\" width=\"226\" height=\"300\" srcset=\"https:\/\/jornaloassobio.pt\/wp-content\/uploads\/2025\/11\/02-scaled-771x1024-1-226x300.jpg 226w, https:\/\/jornaloassobio.pt\/wp-content\/uploads\/2025\/11\/02-scaled-771x1024-1-768x1020.jpg 768w, https:\/\/jornaloassobio.pt\/wp-content\/uploads\/2025\/11\/02-scaled-771x1024-1.jpg 771w\" sizes=\"auto, (max-width: 226px) 100vw, 226px\" \/> <img loading=\"lazy\" decoding=\"async\" class=\"size-medium wp-image-4332 alignnone\" src=\"https:\/\/jornaloassobio.pt\/wp-content\/uploads\/2025\/11\/06-scaled-771x1024-1-226x300.jpg\" alt=\"\" width=\"226\" height=\"300\" srcset=\"https:\/\/jornaloassobio.pt\/wp-content\/uploads\/2025\/11\/06-scaled-771x1024-1-226x300.jpg 226w, https:\/\/jornaloassobio.pt\/wp-content\/uploads\/2025\/11\/06-scaled-771x1024-1-768x1020.jpg 768w, https:\/\/jornaloassobio.pt\/wp-content\/uploads\/2025\/11\/06-scaled-771x1024-1.jpg 771w\" sizes=\"auto, (max-width: 226px) 100vw, 226px\" \/> \u00a0<img loading=\"lazy\" decoding=\"async\" class=\"size-medium wp-image-4334 alignnone\" src=\"https:\/\/jornaloassobio.pt\/wp-content\/uploads\/2025\/11\/03-765x1024-1-224x300.jpg\" alt=\"\" width=\"224\" height=\"300\" srcset=\"https:\/\/jornaloassobio.pt\/wp-content\/uploads\/2025\/11\/03-765x1024-1-224x300.jpg 224w, https:\/\/jornaloassobio.pt\/wp-content\/uploads\/2025\/11\/03-765x1024-1.jpg 765w\" sizes=\"auto, (max-width: 224px) 100vw, 224px\" \/><\/p>\n<h3 class=\"wp-block-heading\"><span style=\"color: #000000;\">O que significa <em>op-art<\/em>?<\/span><\/h3>\n<p><span style=\"color: #000000;\">A express\u00e3o vem do ingl\u00eas \u201coptical art\u201d (um termo cunhado em 1964 pela revista Time), e significa \u201carte \u00f3tica\u201d.Ela defendia a arte \u201cmenos express\u00e3o e mais visualiza\u00e7\u00e3o\u201d. Apesar do rigor com que \u00e9 constru\u00edda, simboliza um mundo mut\u00e1vel e inst\u00e1vel, que n\u00e3o se mant\u00e9m nunca o mesmo.<\/span><\/p>\n<p><span style=\"color: #000000;\">Os artistas usam formas, cores e padr\u00f5es de maneiras especiais para criar imagens que parecem estar em movimento e a desfocar-se.<\/span><\/p>\n<p><span style=\"color: #000000;\">Historicamente, pode-se dizer que o estilo Op-Art se originou na obra do artista cin\u00e9tico Victor Vasarely (1908-97), e tamb\u00e9m no Expressionismo Abstrato. Outra grande artista \u00e9 a pintora brit\u00e2nica Bridget Riley (n.1931).<\/span><\/p>\n<p><span style=\"color: #000000;\">O interesse moderno no movimento teve origem em 1965, quando uma grande exposi\u00e7\u00e3o com este tema \u00e9 aberta no <a style=\"color: #000000;\" href=\"https:\/\/www.moma.org\/\" target=\"_blank\" rel=\"noreferrer noopener\">MoMa<\/a>\u00a0em Nova York, com o t\u00edtulo\u00a0<a class=\"broken_link\" style=\"color: #000000;\" href=\"https:\/\/www.moma.org\/calendar\/exhibitions\/2914?installation_image_index=0\" target=\"_blank\" rel=\"noreferrer noopener\">\u201cThe Responsive Eye\u201d e<\/a> chamou a aten\u00e7\u00e3o do p\u00fablico.\u00a0Como consequ\u00eancia, o estilo come\u00e7ou a aparecer nos gr\u00e1ficos impressos, na publicidade e na arte dos \u00e1lbuns, assim como no design de moda e decora\u00e7\u00e3o de interiores. No final da d\u00e9cada de 1960, o movimento Op-Art terminou, dando espa\u00e7o a outras tend\u00eancias.<\/span><\/p>\n<figure class=\"wp-block-embed aligncenter is-type-wp-embed is-provider-arteref wp-block-embed-arteref\">\n<div class=\"wp-block-embed__wrapper\">\n<blockquote class=\"wp-embedded-content\" data-secret=\"WFDBn9sEkn\"><p><a href=\"https:\/\/arteref.com\/arte\/a-op-art-e-os-8-principais-artistas-representantes-que-voce-precisa-conhecer\/\">A Op Art e os 8 principais artistas representantes que voc\u00ea precisa conhecer!<\/a><\/p><\/blockquote>\n<p><iframe loading=\"lazy\" class=\"wp-embedded-content\" title=\"\u201cA Op Art e os 8 principais artistas representantes que voc\u00ea precisa conhecer!\u201d \u2014 ArteRef\" src=\"https:\/\/arteref.com\/arte\/a-op-art-e-os-8-principais-artistas-representantes-que-voce-precisa-conhecer\/embed\/#?secret=zJ3XydT6Ek#?secret=WFDBn9sEkn\" width=\"500\" height=\"282\" frameborder=\"0\" marginwidth=\"0\" marginheight=\"0\" scrolling=\"no\" sandbox=\"allow-scripts\" data-secret=\"WFDBn9sEkn\" data-gtm-yt-inspected-12=\"true\" data-mce-fragment=\"1\"><\/iframe><\/p>\n<\/div>\n<\/figure>\n<h3 class=\"wp-block-heading\"><span style=\"color: #000000;\">Caracter\u00edsticas<\/span><\/h3>\n<p><span style=\"color: #000000;\">A Op Art pode ser definida como um tipo de arte abstrata ou concreta que consiste em formas geom\u00e9tricas n\u00e3o representacionais que criam v\u00e1rios tipos de ilus\u00e3o de \u00f3tica.\u00a0Por exemplo, quando vistas, as imagens podem fazer com que os olhos detetem uma sensa\u00e7\u00e3o de movimento (por exemplo, incha\u00e7o, piscar, vibra\u00e7\u00e3o) na superf\u00edcie da pintura. E os padr\u00f5es, formas e cores usados nessas fotos s\u00e3o normalmente selecionados pelas suas qualidades ilus\u00f3rias, e n\u00e3o pelo seu conte\u00fado emocional. Al\u00e9m disso, os artistas Op usam espa\u00e7os positivos e negativos para criar as ilus\u00f5es desejadas.<\/span><\/p>\n<p>in\u00a0 https:\/\/arteref.com\/movimentos\/op-art-um-guia-completo-sobre-este-movimento\/, consultado em 24\/11\/25<\/p>\n        <div class=\"booster-block booster-reactions-block\">\r\n            <div class=\"twp-reactions-icons\">\r\n                \r\n                <div class=\"twp-reacts-wrap\">\r\n                    <a react-data=\"be-react-1\" post-id=\"4327\" class=\"be-face-icons un-reacted\" href=\"javascript:void(0)\">\r\n                        <img decoding=\"async\" src=\"https:\/\/jornaloassobio.pt\/wp-content\/plugins\/booster-extension\/\/assets\/icon\/happy.svg\" alt=\"Happy\">\r\n                    <\/a>\r\n                    <div class=\"twp-reaction-title\">\r\n                        Happy                    <\/div>\r\n                    <div class=\"twp-count-percent\">\r\n                                                    <span style=\"display: none;\" class=\"twp-react-count\">0<\/span>\r\n                        \r\n                                                <span class=\"twp-react-percent\"><span>0<\/span> %<\/span>\r\n                                            <\/div>\r\n                <\/div>\r\n\r\n                <div class=\"twp-reacts-wrap\">\r\n                    <a react-data=\"be-react-2\" post-id=\"4327\" class=\"be-face-icons un-reacted\" href=\"javascript:void(0)\">\r\n                        <img decoding=\"async\" src=\"https:\/\/jornaloassobio.pt\/wp-content\/plugins\/booster-extension\/\/assets\/icon\/sad.svg\" alt=\"Sad\">\r\n                    <\/a>\r\n                    <div class=\"twp-reaction-title\">\r\n                        Sad                    <\/div>\r\n                    <div class=\"twp-count-percent\">\r\n                                                    <span style=\"display: none;\" class=\"twp-react-count\">0<\/span>\r\n                                                                        <span class=\"twp-react-percent\"><span>0<\/span> %<\/span>\r\n                                            <\/div>\r\n                <\/div>\r\n\r\n                <div class=\"twp-reacts-wrap\">\r\n                    <a react-data=\"be-react-3\" post-id=\"4327\" class=\"be-face-icons un-reacted\" href=\"javascript:void(0)\">\r\n                        <img decoding=\"async\" src=\"https:\/\/jornaloassobio.pt\/wp-content\/plugins\/booster-extension\/\/assets\/icon\/excited.svg\" alt=\"Excited\">\r\n                    <\/a>\r\n                    <div class=\"twp-reaction-title\">\r\n                        Excited                    <\/div>\r\n                    <div class=\"twp-count-percent\">\r\n                                                    <span style=\"display: none;\" class=\"twp-react-count\">0<\/span>\r\n                                                                        <span class=\"twp-react-percent\"><span>0<\/span> %<\/span>\r\n                                            <\/div>\r\n                <\/div>\r\n\r\n                <div class=\"twp-reacts-wrap\">\r\n                    <a react-data=\"be-react-6\" post-id=\"4327\" class=\"be-face-icons un-reacted\" href=\"javascript:void(0)\">\r\n                        <img decoding=\"async\" src=\"https:\/\/jornaloassobio.pt\/wp-content\/plugins\/booster-extension\/\/assets\/icon\/sleepy.svg\" alt=\"Sleepy\">\r\n                    <\/a>\r\n                    <div class=\"twp-reaction-title\">\r\n                        Sleepy                    <\/div>\r\n                    <div class=\"twp-count-percent\">\r\n                                                    <span style=\"display: none;\" class=\"twp-react-count\">0<\/span>\r\n                        \r\n                                                <span class=\"twp-react-percent\"><span>0<\/span> %<\/span>\r\n                                            <\/div>\r\n                <\/div>\r\n\r\n                <div class=\"twp-reacts-wrap\">\r\n                    <a react-data=\"be-react-4\" post-id=\"4327\" class=\"be-face-icons un-reacted\" href=\"javascript:void(0)\">\r\n                        <img decoding=\"async\" src=\"https:\/\/jornaloassobio.pt\/wp-content\/plugins\/booster-extension\/\/assets\/icon\/angry.svg\" alt=\"Angry\">\r\n                    <\/a>\r\n                    <div class=\"twp-reaction-title\">Angry<\/div>\r\n                    <div class=\"twp-count-percent\">\r\n                                                    <span style=\"display: none;\" class=\"twp-react-count\">0<\/span>\r\n                                                                        <span class=\"twp-react-percent\"><span>0<\/span> %<\/span>\r\n                        \r\n                    <\/div>\r\n                <\/div>\r\n\r\n                <div class=\"twp-reacts-wrap\">\r\n                    <a react-data=\"be-react-5\" post-id=\"4327\" class=\"be-face-icons un-reacted\" href=\"javascript:void(0)\">\r\n                        <img decoding=\"async\" src=\"https:\/\/jornaloassobio.pt\/wp-content\/plugins\/booster-extension\/\/assets\/icon\/surprise.svg\" alt=\"Surprise\">\r\n                    <\/a>\r\n                    <div class=\"twp-reaction-title\">Surprise<\/div>\r\n                    <div class=\"twp-count-percent\">\r\n                                                    <span style=\"display: none;\" class=\"twp-react-count\">0<\/span>\r\n                                                                        <span class=\"twp-react-percent\"><span>0<\/span> %<\/span>\r\n                                            <\/div>\r\n                <\/div>\r\n\r\n            <\/div>\r\n        <\/div>\r\n\r\n    ","protected":false},"excerpt":{"rendered":"<p>A sele\u00e7\u00e3o de trabalhos expostos na entrada da Escola Severim de Faria parte do universo visual da Op-Art e tem como refer\u00eancia direta a obra de Bridget Riley, cuja investiga\u00e7\u00e3o sobre ritmo, contraste e instabilidade percetiva serviu de ponto de partida para os alunos.\u00a0Estas explora\u00e7\u00f5es visuais desafiam a estabilidade do olhar e convocam ilus\u00f5es de [&hellip;]<\/p>\n","protected":false},"author":6,"featured_media":4332,"comment_status":"open","ping_status":"open","sticky":false,"template":"","format":"standard","meta":{"footnotes":""},"categories":[4],"tags":[],"class_list":["post-4327","post","type-post","status-publish","format-standard","has-post-thumbnail","hentry","category-noticias"],"_links":{"self":[{"href":"https:\/\/jornaloassobio.pt\/index.php?rest_route=\/wp\/v2\/posts\/4327","targetHints":{"allow":["GET"]}}],"collection":[{"href":"https:\/\/jornaloassobio.pt\/index.php?rest_route=\/wp\/v2\/posts"}],"about":[{"href":"https:\/\/jornaloassobio.pt\/index.php?rest_route=\/wp\/v2\/types\/post"}],"author":[{"embeddable":true,"href":"https:\/\/jornaloassobio.pt\/index.php?rest_route=\/wp\/v2\/users\/6"}],"replies":[{"embeddable":true,"href":"https:\/\/jornaloassobio.pt\/index.php?rest_route=%2Fwp%2Fv2%2Fcomments&post=4327"}],"version-history":[{"count":11,"href":"https:\/\/jornaloassobio.pt\/index.php?rest_route=\/wp\/v2\/posts\/4327\/revisions"}],"predecessor-version":[{"id":4346,"href":"https:\/\/jornaloassobio.pt\/index.php?rest_route=\/wp\/v2\/posts\/4327\/revisions\/4346"}],"wp:featuredmedia":[{"embeddable":true,"href":"https:\/\/jornaloassobio.pt\/index.php?rest_route=\/wp\/v2\/media\/4332"}],"wp:attachment":[{"href":"https:\/\/jornaloassobio.pt\/index.php?rest_route=%2Fwp%2Fv2%2Fmedia&parent=4327"}],"wp:term":[{"taxonomy":"category","embeddable":true,"href":"https:\/\/jornaloassobio.pt\/index.php?rest_route=%2Fwp%2Fv2%2Fcategories&post=4327"},{"taxonomy":"post_tag","embeddable":true,"href":"https:\/\/jornaloassobio.pt\/index.php?rest_route=%2Fwp%2Fv2%2Ftags&post=4327"}],"curies":[{"name":"wp","href":"https:\/\/api.w.org\/{rel}","templated":true}]}}