{"id":4374,"date":"2025-11-27T11:24:39","date_gmt":"2025-11-27T11:24:39","guid":{"rendered":"https:\/\/jornaloassobio.pt\/?p=4374"},"modified":"2025-11-27T11:38:38","modified_gmt":"2025-11-27T11:38:38","slug":"cante-alentejano-11-anos-de-patrimonio-cultural-imaterial-da-humanidade","status":"publish","type":"post","link":"https:\/\/jornaloassobio.pt\/?p=4374","title":{"rendered":"CANTE ALENTEJANO-11 ANOS DE PATRIM\u00d3NIO CULTURAL IMATERIAL DA HUMANIDADE"},"content":{"rendered":"<div class='booster-block booster-read-block'>\r\n                <div class=\"twp-read-time\">\r\n                \t<i class=\"booster-icon twp-clock\"><\/i> <span>Read Time:<\/span>2 Minute, 45 Second                <\/div>\r\n\r\n            <\/div><p><img loading=\"lazy\" decoding=\"async\" class=\"size-medium wp-image-4375 aligncenter\" src=\"https:\/\/jornaloassobio.pt\/wp-content\/uploads\/2025\/11\/cante_alentejano-300x200.jpg\" alt=\"\" width=\"300\" height=\"200\" srcset=\"https:\/\/jornaloassobio.pt\/wp-content\/uploads\/2025\/11\/cante_alentejano-300x200.jpg 300w, https:\/\/jornaloassobio.pt\/wp-content\/uploads\/2025\/11\/cante_alentejano.jpg 450w\" sizes=\"auto, (max-width: 300px) 100vw, 300px\" \/><\/p>\n<p><span style=\"color: #000000;\">O <strong>cante alentejano<\/strong>, um <strong>canto coletivo<\/strong>, <strong>sem recurso a instrumentos<\/strong> e que <strong>incorpora m\u00fasica e poesia<\/strong>, foi classificado como <strong>Patrim\u00f3nio Cultural Imaterial da Humanidade<\/strong> pela <strong>Organiza\u00e7\u00e3o das Na\u00e7\u00f5es Unidas para a Educa\u00e7\u00e3o, Ci\u00eancia e Cultura<\/strong> (UNESCO) no dia <strong>27 de novembro de 2014<\/strong>, <strong>h\u00e1 11 anos<\/strong>.<\/span><\/p>\n<p><span style=\"color: #000000;\">A distin\u00e7\u00e3o foi aprovada pelo Comit\u00e9 Intergovernamental da UNESCO para a Salvaguarda do Patrim\u00f3nio Cultural Imaterial da Humanidade, reunido em Paris (Fran\u00e7a).\u00a0<\/span><span style=\"color: #000000;\">Durante a fase de an\u00e1lise, na reuni\u00e3o do comit\u00e9 da UNESCO, a candidatura portuguesa foi considerada como um dos &#8220;bons exemplos de candidaturas selecionadas pelo comit\u00e9&#8221;.<\/span><\/p>\n<p><span style=\"color: #000000;\">Logo ap\u00f3s a decis\u00e3o, as vozes de cantadores alentejanos fizeram-se ouvir na sala onde estava reunido o comit\u00e9, na capital francesa, tendo a atua\u00e7\u00e3o sido amplamente aplaudida, no final.<\/span><\/p>\n<p><span style=\"color: #000000;\"><strong>A candidatura<\/strong> do cante alentejano a Patrim\u00f3nio da Humanidade <strong>foi entregue \u00e0 UNESCO em mar\u00e7o de 2013,<\/strong> depois de, em 2012, o Minist\u00e9rio dos Neg\u00f3cios Estrangeiros ter decidido adiar a sua apresenta\u00e7\u00e3o, por considerar que o processo n\u00e3o reunia condi\u00e7\u00f5es para ser aceite.<\/span><\/p>\n<p><span style=\"color: #000000;\">No final de outubro de 2014, uma comiss\u00e3o internacional de especialistas da UNESCO deu um parecer positivo \u00e0 candidatura, que classificou como \u201cexemplar\u201d.<\/span><\/p>\n<p><strong><span style=\"color: #000000;\">A candidatura foi promovida pela C\u00e2mara Municipal de Serpa\/Casa do Cante, com o contributo da Entidade Regional de Turismo do Alentejo e Ribatejo, da Casa do Alentejo, em Lisboa, da Confraria do Cante Alentejano e da Moda &#8211; Associa\u00e7\u00e3o do Cante Alentejano.<\/span><\/strong><\/p>\n<p><span style=\"color: #000000;\">O \u201c<strong>canto da terra<\/strong>\u201d, que \u201cretrata a <strong>liga\u00e7\u00e3o umbilical do trabalhador com a terra-m\u00e3e<\/strong>\u201d, est\u00e1 <strong>associado geograficamente ao Baixo Alentejo<\/strong>, segundo os promotores da candidatura.<\/span><\/p>\n<p><span style=\"color: #000000;\">O <strong>concelho de<\/strong> <strong>Serpa<\/strong> tem <strong>11 grupos corais<\/strong> de cante alentejano, a saber:<\/span><\/p>\n<ul>\n<li><span style=\"color: #000000;\"><strong>Grupo Coral e Etnogr\u00e1fico da Academia S\u00e9nior de Serpa, Grupo Coral Feminino \u201cAs Ceifeiras de Pias\u201d, Grupo Coral Feminino Flores do Chan\u00e7a, Grupo Coral Feminino Madrigal, Rancho Coral Feminino Papoilas do Enxo\u00e9, Rancho de Cantadores de Aldeia Nova de S\u00e3o Bento, Grupo Coral e Etnogr\u00e1fico Os Camponeses de Pias, Rancho Coral e Etnogr\u00e1fico Os Camponeses de Vale de Vargo, Grupo Coral \u201cOs Arraianos\u201d de Vila Verde de Ficalho, Rancho Coral e Etnogr\u00e1fico de Vila Nova de S\u00e3o Bento e Grupo Coral e Etnogr\u00e1fico da Casa do Povo de Serpa.<\/strong><\/span><\/li>\n<\/ul>\n<p><span style=\"color: #000000;\">Dois dos grupos corais alentejanos do <strong>concelho de Portel<\/strong> s\u00e3o os seguintes:<\/span><\/p>\n<ul>\n<li><span style=\"color: #000000;\"><strong>Grupo Coral \u201cEstrelas do Sul\u201d \u2013 Portel<\/strong><\/span><\/li>\n<\/ul>\n<p><span style=\"color: #000000;\">Em 1985, um grupo de amigos conhecidos como os \u201c 7 magn\u00edficos\u201d juntaram-se nos Bombeiros Volunt\u00e1rios de Portel e come\u00e7aram a cantar em festas. Desde ent\u00e3o, o grupo tem assistido ao despertar do interesse dos mais novos pelo cante alentejano, contando atualmente com 10 elementos e tendo j\u00e1 participado em diversos eventos no Alentejo e em Lisboa. Um dos alunos do Agrupamento de Escolas Severim de Faria integra este Grupo Coral.<\/span><\/p>\n<p><img loading=\"lazy\" decoding=\"async\" class=\"size-medium wp-image-4377 aligncenter\" src=\"https:\/\/jornaloassobio.pt\/wp-content\/uploads\/2025\/11\/sddefault-300x225.jpg\" alt=\"\" width=\"300\" height=\"225\" srcset=\"https:\/\/jornaloassobio.pt\/wp-content\/uploads\/2025\/11\/sddefault-300x225.jpg 300w, https:\/\/jornaloassobio.pt\/wp-content\/uploads\/2025\/11\/sddefault.jpg 640w\" sizes=\"auto, (max-width: 300px) 100vw, 300px\" \/><\/p>\n<ul>\n<li><span style=\"color: #000000;\"><strong>Grupo de Cante Tradicional Alentejano \u201cOs Almocreves\u201d \u2013 Amieira<\/strong><\/span><\/li>\n<\/ul>\n<p><span style=\"color: #000000;\">Foi fundado em Julho de 1987, contando atualmente com cerca de 35 elementos. A riqueza do seu cante e a heterogeneidade da sua forma\u00e7\u00e3o, trazendo influ\u00eancia de v\u00e1rios locais da regi\u00e3o fazem deste grupo um dos melhores corais do Alentejo. A sua atua\u00e7\u00e3o \u00e9 uma constante em diversos eventos nacionais e internacionais.<\/span><\/p>\n<p><img loading=\"lazy\" decoding=\"async\" class=\"size-medium wp-image-4378 aligncenter\" src=\"https:\/\/jornaloassobio.pt\/wp-content\/uploads\/2025\/11\/1544001924_Os-almocreves-300x180.png\" alt=\"\" width=\"300\" height=\"180\" srcset=\"https:\/\/jornaloassobio.pt\/wp-content\/uploads\/2025\/11\/1544001924_Os-almocreves-300x180.png 300w, https:\/\/jornaloassobio.pt\/wp-content\/uploads\/2025\/11\/1544001924_Os-almocreves-768x461.png 768w, https:\/\/jornaloassobio.pt\/wp-content\/uploads\/2025\/11\/1544001924_Os-almocreves-500x300.png 500w, https:\/\/jornaloassobio.pt\/wp-content\/uploads\/2025\/11\/1544001924_Os-almocreves.png 1022w\" sizes=\"auto, (max-width: 300px) 100vw, 300px\" \/><\/p>\n<p><span style=\"color: #000000;\">Fonte: Ag\u00eancia Lusa<\/span><\/p>\n<p>https:\/\/www.cm-serpa.pt\/pt\/menu\/495\/cante-alentejano.aspx<\/p>\n<blockquote class=\"wp-embedded-content\" data-secret=\"uVMdIFSwxm\"><p><a href=\"https:\/\/www.cm-portel.pt\/municipe\/patrimonio-humanidade\/\">Patrim\u00f3nio Humanidade<\/a><\/p><\/blockquote>\n<p><iframe loading=\"lazy\" class=\"wp-embedded-content\" sandbox=\"allow-scripts\" security=\"restricted\" style=\"position: absolute; visibility: hidden;\" title=\"&#8220;Patrim\u00f3nio Humanidade&#8221; &#8212; Portal Institucional do Munic\u00edpio de Portel\" src=\"https:\/\/www.cm-portel.pt\/municipe\/patrimonio-humanidade\/embed\/#?secret=sDdHJ6ASWq#?secret=uVMdIFSwxm\" data-secret=\"uVMdIFSwxm\" width=\"600\" height=\"338\" frameborder=\"0\" marginwidth=\"0\" marginheight=\"0\" scrolling=\"no\"><\/iframe><\/p>\n<p>in https:\/\/www.instituto-camoes.pt\/sobre\/comunicacao\/noticias\/cante-alentejano-na-unesco, consultado em 27 de novembro de 2025<\/p>\n        <div class=\"booster-block booster-reactions-block\">\r\n            <div class=\"twp-reactions-icons\">\r\n                \r\n                <div class=\"twp-reacts-wrap\">\r\n                    <a react-data=\"be-react-1\" post-id=\"4374\" class=\"be-face-icons un-reacted\" href=\"javascript:void(0)\">\r\n                        <img decoding=\"async\" src=\"https:\/\/jornaloassobio.pt\/wp-content\/plugins\/booster-extension\/\/assets\/icon\/happy.svg\" alt=\"Happy\">\r\n                    <\/a>\r\n                    <div class=\"twp-reaction-title\">\r\n                        Happy                    <\/div>\r\n                    <div class=\"twp-count-percent\">\r\n                                                    <span style=\"display: none;\" class=\"twp-react-count\">0<\/span>\r\n                        \r\n                                                <span class=\"twp-react-percent\"><span>0<\/span> %<\/span>\r\n                                            <\/div>\r\n                <\/div>\r\n\r\n                <div class=\"twp-reacts-wrap\">\r\n                    <a react-data=\"be-react-2\" post-id=\"4374\" class=\"be-face-icons un-reacted\" href=\"javascript:void(0)\">\r\n                        <img decoding=\"async\" src=\"https:\/\/jornaloassobio.pt\/wp-content\/plugins\/booster-extension\/\/assets\/icon\/sad.svg\" alt=\"Sad\">\r\n                    <\/a>\r\n                    <div class=\"twp-reaction-title\">\r\n                        Sad                    <\/div>\r\n                    <div class=\"twp-count-percent\">\r\n                                                    <span style=\"display: none;\" class=\"twp-react-count\">0<\/span>\r\n                                                                        <span class=\"twp-react-percent\"><span>0<\/span> %<\/span>\r\n                                            <\/div>\r\n                <\/div>\r\n\r\n                <div class=\"twp-reacts-wrap\">\r\n                    <a react-data=\"be-react-3\" post-id=\"4374\" class=\"be-face-icons un-reacted\" href=\"javascript:void(0)\">\r\n                        <img decoding=\"async\" src=\"https:\/\/jornaloassobio.pt\/wp-content\/plugins\/booster-extension\/\/assets\/icon\/excited.svg\" alt=\"Excited\">\r\n                    <\/a>\r\n                    <div class=\"twp-reaction-title\">\r\n                        Excited                    <\/div>\r\n                    <div class=\"twp-count-percent\">\r\n                                                    <span style=\"display: none;\" class=\"twp-react-count\">0<\/span>\r\n                                                                        <span class=\"twp-react-percent\"><span>0<\/span> %<\/span>\r\n                                            <\/div>\r\n                <\/div>\r\n\r\n                <div class=\"twp-reacts-wrap\">\r\n                    <a react-data=\"be-react-6\" post-id=\"4374\" class=\"be-face-icons un-reacted\" href=\"javascript:void(0)\">\r\n                        <img decoding=\"async\" src=\"https:\/\/jornaloassobio.pt\/wp-content\/plugins\/booster-extension\/\/assets\/icon\/sleepy.svg\" alt=\"Sleepy\">\r\n                    <\/a>\r\n                    <div class=\"twp-reaction-title\">\r\n                        Sleepy                    <\/div>\r\n                    <div class=\"twp-count-percent\">\r\n                                                    <span style=\"display: none;\" class=\"twp-react-count\">0<\/span>\r\n                        \r\n                                                <span class=\"twp-react-percent\"><span>0<\/span> %<\/span>\r\n                                            <\/div>\r\n                <\/div>\r\n\r\n                <div class=\"twp-reacts-wrap\">\r\n                    <a react-data=\"be-react-4\" post-id=\"4374\" class=\"be-face-icons un-reacted\" href=\"javascript:void(0)\">\r\n                        <img decoding=\"async\" src=\"https:\/\/jornaloassobio.pt\/wp-content\/plugins\/booster-extension\/\/assets\/icon\/angry.svg\" alt=\"Angry\">\r\n                    <\/a>\r\n                    <div class=\"twp-reaction-title\">Angry<\/div>\r\n                    <div class=\"twp-count-percent\">\r\n                                                    <span style=\"display: none;\" class=\"twp-react-count\">0<\/span>\r\n                                                                        <span class=\"twp-react-percent\"><span>0<\/span> %<\/span>\r\n                        \r\n                    <\/div>\r\n                <\/div>\r\n\r\n                <div class=\"twp-reacts-wrap\">\r\n                    <a react-data=\"be-react-5\" post-id=\"4374\" class=\"be-face-icons un-reacted\" href=\"javascript:void(0)\">\r\n                        <img decoding=\"async\" src=\"https:\/\/jornaloassobio.pt\/wp-content\/plugins\/booster-extension\/\/assets\/icon\/surprise.svg\" alt=\"Surprise\">\r\n                    <\/a>\r\n                    <div class=\"twp-reaction-title\">Surprise<\/div>\r\n                    <div class=\"twp-count-percent\">\r\n                                                    <span style=\"display: none;\" class=\"twp-react-count\">0<\/span>\r\n                                                                        <span class=\"twp-react-percent\"><span>0<\/span> %<\/span>\r\n                                            <\/div>\r\n                <\/div>\r\n\r\n            <\/div>\r\n        <\/div>\r\n\r\n    ","protected":false},"excerpt":{"rendered":"<p>O cante alentejano, um canto coletivo, sem recurso a instrumentos e que incorpora m\u00fasica e poesia, foi classificado como Patrim\u00f3nio Cultural Imaterial da Humanidade pela Organiza\u00e7\u00e3o das Na\u00e7\u00f5es Unidas para a Educa\u00e7\u00e3o, Ci\u00eancia e Cultura (UNESCO) no dia 27 de novembro de 2014, h\u00e1 11 anos. A distin\u00e7\u00e3o foi aprovada pelo Comit\u00e9 Intergovernamental da UNESCO [&hellip;]<\/p>\n","protected":false},"author":6,"featured_media":4377,"comment_status":"open","ping_status":"open","sticky":false,"template":"","format":"standard","meta":{"footnotes":""},"categories":[4],"tags":[],"class_list":["post-4374","post","type-post","status-publish","format-standard","has-post-thumbnail","hentry","category-noticias"],"_links":{"self":[{"href":"https:\/\/jornaloassobio.pt\/index.php?rest_route=\/wp\/v2\/posts\/4374","targetHints":{"allow":["GET"]}}],"collection":[{"href":"https:\/\/jornaloassobio.pt\/index.php?rest_route=\/wp\/v2\/posts"}],"about":[{"href":"https:\/\/jornaloassobio.pt\/index.php?rest_route=\/wp\/v2\/types\/post"}],"author":[{"embeddable":true,"href":"https:\/\/jornaloassobio.pt\/index.php?rest_route=\/wp\/v2\/users\/6"}],"replies":[{"embeddable":true,"href":"https:\/\/jornaloassobio.pt\/index.php?rest_route=%2Fwp%2Fv2%2Fcomments&post=4374"}],"version-history":[{"count":14,"href":"https:\/\/jornaloassobio.pt\/index.php?rest_route=\/wp\/v2\/posts\/4374\/revisions"}],"predecessor-version":[{"id":4391,"href":"https:\/\/jornaloassobio.pt\/index.php?rest_route=\/wp\/v2\/posts\/4374\/revisions\/4391"}],"wp:featuredmedia":[{"embeddable":true,"href":"https:\/\/jornaloassobio.pt\/index.php?rest_route=\/wp\/v2\/media\/4377"}],"wp:attachment":[{"href":"https:\/\/jornaloassobio.pt\/index.php?rest_route=%2Fwp%2Fv2%2Fmedia&parent=4374"}],"wp:term":[{"taxonomy":"category","embeddable":true,"href":"https:\/\/jornaloassobio.pt\/index.php?rest_route=%2Fwp%2Fv2%2Fcategories&post=4374"},{"taxonomy":"post_tag","embeddable":true,"href":"https:\/\/jornaloassobio.pt\/index.php?rest_route=%2Fwp%2Fv2%2Ftags&post=4374"}],"curies":[{"name":"wp","href":"https:\/\/api.w.org\/{rel}","templated":true}]}}