{"id":4397,"date":"2025-11-27T12:34:09","date_gmt":"2025-11-27T12:34:09","guid":{"rendered":"https:\/\/jornaloassobio.pt\/?p=4397"},"modified":"2025-12-04T10:10:27","modified_gmt":"2025-12-04T10:10:27","slug":"evora-27-a-arte-do-vagar-para-desenhar-o-futuro","status":"publish","type":"post","link":"https:\/\/jornaloassobio.pt\/?p=4397","title":{"rendered":"\u00c9VORA \/27 &#8211; A &#8220;ARTE DO VAGAR&#8221; PARA REDESENHAR O FUTURO"},"content":{"rendered":"<div class='booster-block booster-read-block'>\r\n                <div class=\"twp-read-time\">\r\n                \t<i class=\"booster-icon twp-clock\"><\/i> <span>Read Time:<\/span>2 Minute, 31 Second                <\/div>\r\n\r\n            <\/div><p>&nbsp;<\/p>\n<p><img loading=\"lazy\" decoding=\"async\" class=\" wp-image-4398 aligncenter\" src=\"https:\/\/jornaloassobio.pt\/wp-content\/uploads\/2025\/11\/cultura_evora27_a-scaled-1-300x169.jpg\" alt=\"\" width=\"391\" height=\"220\" srcset=\"https:\/\/jornaloassobio.pt\/wp-content\/uploads\/2025\/11\/cultura_evora27_a-scaled-1-300x169.jpg 300w, https:\/\/jornaloassobio.pt\/wp-content\/uploads\/2025\/11\/cultura_evora27_a-scaled-1-1024x576.jpg 1024w, https:\/\/jornaloassobio.pt\/wp-content\/uploads\/2025\/11\/cultura_evora27_a-scaled-1-768x432.jpg 768w, https:\/\/jornaloassobio.pt\/wp-content\/uploads\/2025\/11\/cultura_evora27_a-scaled-1-1536x864.jpg 1536w, https:\/\/jornaloassobio.pt\/wp-content\/uploads\/2025\/11\/cultura_evora27_a-scaled-1-2048x1152.jpg 2048w\" sizes=\"auto, (max-width: 391px) 100vw, 391px\" \/><\/p>\n<p><span style=\"color: #000000;\">A escolha de <strong>\u00c9vora<\/strong> como <strong>Capital Europeia da Cultura 2027<\/strong> foi <strong>anunciada a 7 de dezembro de 2022<\/strong>, marcando o culminar de um processo iniciado em 2017 com o an\u00fancio da sua candidatura. Na fase final, \u00c9vora destacou-se entre 12 cidades concorrentes, entre as quais se encontravam\u00a0<strong>Aveiro<\/strong>,\u00a0<strong>Braga<\/strong>\u00a0e\u00a0<strong>Ponta Delgada<\/strong>. A cidade partilhar\u00e1 o t\u00edtulo com\u00a0<strong>Liep\u0101ja<\/strong>, na Let\u00f3nia.<\/span><\/p>\n<p><span style=\"color: #000000;\">A ideia central da candidatura assentou no <strong>conceito de &#8220;vagar&#8221;<\/strong> \u2014 uma proposta enraizada no <strong>modo cultural de ser e estar alentejano<\/strong>. A pergunta que guiou o processo foi:\u00a0<strong>Como \u00e9 que podemos ressignificar o Alentejo na Europa e no mundo a partir da Cultura?<\/strong><\/span><\/p>\n<p><span style=\"color: #000000;\">Dessa pergunta nasceu um projeto centrado na convic\u00e7\u00e3o de que a <strong>criatividade das comunidades alentejanas<\/strong>, o seu ritmo distinto e o seu olhar sobre o mundo podem contribuir para solu\u00e7\u00f5es sustent\u00e1veis, inclusivas e belas para os desafios atuais da Europa.<\/span><\/p>\n<p><span style=\"color: #000000;\">A candidatura baseou-se em tr\u00eas eixos estrat\u00e9gicos:\u00a0<strong>heran\u00e7a cultural<\/strong>,\u00a0<strong>intangibilidade<\/strong>\u00a0e\u00a0<strong>biodiversidade<\/strong>, promovendo projetos de artistas e organiza\u00e7\u00f5es locais que cruzam arte e ci\u00eancia, e fortalecem o tecido cultural de \u00c9vora e do Alentejo.<\/span><\/p>\n<p><span style=\"color: #000000;\">A comiss\u00e1ria europeia para a Inova\u00e7\u00e3o,<strong>\u00a0<\/strong>Investiga\u00e7\u00e3o, Cultura, Educa\u00e7\u00e3o e Juventude,\u00a0<strong>Mariya Gabriel<\/strong>, declarou aquando do an\u00fancio da escolha de \u00c9vora: \u201cAp\u00f3s Lisboa em 1994, o Porto em 2001 e Guimar\u00e3es em 2012, \u00c9vora ser\u00e1 a <strong>quarta cidade portuguesa a receber o t\u00edtulo<\/strong>. Trata-se de uma oportunidade \u00fanica para que uma cidade e os seus arredores tragam a cultura e a Europa para o centro das suas comunidades. Espero que \u00c9vora possa colher a longo prazo todos os benef\u00edcios culturais, econ\u00f3micos e sociais que a Capital Europeia da Cultura pode trazer.\u201d<\/span><\/p>\n<p><span style=\"color: #000000;\">A candidatura foi promovida por uma\u00a0<strong>Comiss\u00e3o Executiva<\/strong>\u00a0composta por diversas entidades regionais, p\u00fablicas e acad\u00e9micas, incluindo a\u00a0<strong>C\u00e2mara Municipal de \u00c9vora<\/strong>, a\u00a0<strong>Universidade de \u00c9vora<\/strong>, a\u00a0<strong>Dire\u00e7\u00e3o Regional de Cultura do Alentejo<\/strong>, entre outras.<\/span><br \/>\n<span style=\"color: #000000;\">\u00a0<\/span><br \/>\n<span class=\"font-18\" style=\"color: #000000;\"><strong>Desafios para \u00c9vora 2027<\/strong><\/span><\/p>\n<p><span style=\"color: #000000;\">Ser\u00a0<strong>Capital Europeia da Cultura<\/strong>\u00a0\u00e9, claramente, uma <strong>oportunidade \u00fanica<\/strong> para a cidade de \u00c9vora e para a regi\u00e3o do Alentejo, mas tamb\u00e9m exige planeamento, envolvimento e capacidade de execu\u00e7\u00e3o. Com menos de dois anos at\u00e9 ao arranque oficial, \u00c9vora 2027 entra numa fase determinante para o seu desiderato.<\/span><\/p>\n<p><span style=\"color: #000000;\">A nova dire\u00e7\u00e3o tem agora o desafio de dar vida ao projeto cultural, fortalecendo os la\u00e7os com os agentes culturais locais, ouvindo as comunidades e construindo um programa art\u00edstico que possa marcar o futuro da cidade.<\/span><\/p>\n<p><span style=\"color: #000000;\"><strong>\u00c9vora 2027<\/strong>\u00a0n\u00e3o ser\u00e1 apenas uma celebra\u00e7\u00e3o, mas um <strong>tempo de encontro, cria\u00e7\u00e3o e transforma\u00e7\u00e3o<\/strong>. Um momento \u00fanico de afirma\u00e7\u00e3o da cultura feita de e para as pessoas, de lugares e de hist\u00f3rias que se entrela\u00e7am. Um <strong>tempo para desenhar o futuro<\/strong>, a partir do que sempre foi e onde tudo poder\u00e1 ser.<\/span><br \/>\n<span style=\"color: #000000;\">\u00a0<\/span><br \/>\nMais informa\u00e7\u00f5es:<\/p>\n<ul>\n<li><a title=\"Visitar website\" href=\"https:\/\/www.ecoc2027.mc.gov.pt\/\" target=\"_blank\" rel=\"noopener\">Website Capital Europeia da Cultura 2027<\/a><\/li>\n<li><a title=\"Visitar website\" href=\"https:\/\/culture.ec.europa.eu\/latvia-and-portugal\" target=\"_blank\" rel=\"noopener\">Website Comiss\u00e3o Europeia -latvia-and-portugal<\/a><\/li>\n<li><a title=\"Visitar website\" href=\"https:\/\/culture.ec.europa.eu\/policies\/culture-in-cities-and-regions\/european-capitals-of-culture\" target=\"_blank\" rel=\"noopener\">Website Comiss\u00e3o Europeia\u00a0 &#8211; policies\/culture-in-cities-and-regions\/european-capitals-of-culture<\/a><\/li>\n<li><a title=\"Visitar website\" href=\"https:\/\/europacriativa.eu\/europa-criativa-2021-2027\/premios-e-iniciativas\/capitais-europeias-da-cultura\" target=\"_blank\" rel=\"noopener\">Website Centro de Informa\u00e7\u00e3o Europa Criativa<\/a><\/li>\n<\/ul>\n<p>in https:\/\/www.sg.pcm.gov.pt\/a-sgpcm\/noticias\/2025\/maio\/evora-2027\/, consultado em 27\/11\/25<\/p>\n        <div class=\"booster-block booster-reactions-block\">\r\n            <div class=\"twp-reactions-icons\">\r\n                \r\n                <div class=\"twp-reacts-wrap\">\r\n                    <a react-data=\"be-react-1\" post-id=\"4397\" class=\"be-face-icons un-reacted\" href=\"javascript:void(0)\">\r\n                        <img decoding=\"async\" src=\"https:\/\/jornaloassobio.pt\/wp-content\/plugins\/booster-extension\/\/assets\/icon\/happy.svg\" alt=\"Happy\">\r\n                    <\/a>\r\n                    <div class=\"twp-reaction-title\">\r\n                        Happy                    <\/div>\r\n                    <div class=\"twp-count-percent\">\r\n                                                    <span style=\"display: none;\" class=\"twp-react-count\">0<\/span>\r\n                        \r\n                                                <span class=\"twp-react-percent\"><span>0<\/span> %<\/span>\r\n                                            <\/div>\r\n                <\/div>\r\n\r\n                <div class=\"twp-reacts-wrap\">\r\n                    <a react-data=\"be-react-2\" post-id=\"4397\" class=\"be-face-icons un-reacted\" href=\"javascript:void(0)\">\r\n                        <img decoding=\"async\" src=\"https:\/\/jornaloassobio.pt\/wp-content\/plugins\/booster-extension\/\/assets\/icon\/sad.svg\" alt=\"Sad\">\r\n                    <\/a>\r\n                    <div class=\"twp-reaction-title\">\r\n                        Sad                    <\/div>\r\n                    <div class=\"twp-count-percent\">\r\n                                                    <span style=\"display: none;\" class=\"twp-react-count\">0<\/span>\r\n                                                                        <span class=\"twp-react-percent\"><span>0<\/span> %<\/span>\r\n                                            <\/div>\r\n                <\/div>\r\n\r\n                <div class=\"twp-reacts-wrap\">\r\n                    <a react-data=\"be-react-3\" post-id=\"4397\" class=\"be-face-icons un-reacted\" href=\"javascript:void(0)\">\r\n                        <img decoding=\"async\" src=\"https:\/\/jornaloassobio.pt\/wp-content\/plugins\/booster-extension\/\/assets\/icon\/excited.svg\" alt=\"Excited\">\r\n                    <\/a>\r\n                    <div class=\"twp-reaction-title\">\r\n                        Excited                    <\/div>\r\n                    <div class=\"twp-count-percent\">\r\n                                                    <span style=\"display: none;\" class=\"twp-react-count\">0<\/span>\r\n                                                                        <span class=\"twp-react-percent\"><span>0<\/span> %<\/span>\r\n                                            <\/div>\r\n                <\/div>\r\n\r\n                <div class=\"twp-reacts-wrap\">\r\n                    <a react-data=\"be-react-6\" post-id=\"4397\" class=\"be-face-icons un-reacted\" href=\"javascript:void(0)\">\r\n                        <img decoding=\"async\" src=\"https:\/\/jornaloassobio.pt\/wp-content\/plugins\/booster-extension\/\/assets\/icon\/sleepy.svg\" alt=\"Sleepy\">\r\n                    <\/a>\r\n                    <div class=\"twp-reaction-title\">\r\n                        Sleepy                    <\/div>\r\n                    <div class=\"twp-count-percent\">\r\n                                                    <span style=\"display: none;\" class=\"twp-react-count\">0<\/span>\r\n                        \r\n                                                <span class=\"twp-react-percent\"><span>0<\/span> %<\/span>\r\n                                            <\/div>\r\n                <\/div>\r\n\r\n                <div class=\"twp-reacts-wrap\">\r\n                    <a react-data=\"be-react-4\" post-id=\"4397\" class=\"be-face-icons un-reacted\" href=\"javascript:void(0)\">\r\n                        <img decoding=\"async\" src=\"https:\/\/jornaloassobio.pt\/wp-content\/plugins\/booster-extension\/\/assets\/icon\/angry.svg\" alt=\"Angry\">\r\n                    <\/a>\r\n                    <div class=\"twp-reaction-title\">Angry<\/div>\r\n                    <div class=\"twp-count-percent\">\r\n                                                    <span style=\"display: none;\" class=\"twp-react-count\">0<\/span>\r\n                                                                        <span class=\"twp-react-percent\"><span>0<\/span> %<\/span>\r\n                        \r\n                    <\/div>\r\n                <\/div>\r\n\r\n                <div class=\"twp-reacts-wrap\">\r\n                    <a react-data=\"be-react-5\" post-id=\"4397\" class=\"be-face-icons un-reacted\" href=\"javascript:void(0)\">\r\n                        <img decoding=\"async\" src=\"https:\/\/jornaloassobio.pt\/wp-content\/plugins\/booster-extension\/\/assets\/icon\/surprise.svg\" alt=\"Surprise\">\r\n                    <\/a>\r\n                    <div class=\"twp-reaction-title\">Surprise<\/div>\r\n                    <div class=\"twp-count-percent\">\r\n                                                    <span style=\"display: none;\" class=\"twp-react-count\">0<\/span>\r\n                                                                        <span class=\"twp-react-percent\"><span>0<\/span> %<\/span>\r\n                                            <\/div>\r\n                <\/div>\r\n\r\n            <\/div>\r\n        <\/div>\r\n\r\n    ","protected":false},"excerpt":{"rendered":"<p>&nbsp; A escolha de \u00c9vora como Capital Europeia da Cultura 2027 foi anunciada a 7 de dezembro de 2022, marcando o culminar de um processo iniciado em 2017 com o an\u00fancio da sua candidatura. Na fase final, \u00c9vora destacou-se entre 12 cidades concorrentes, entre as quais se encontravam\u00a0Aveiro,\u00a0Braga\u00a0e\u00a0Ponta Delgada. A cidade partilhar\u00e1 o t\u00edtulo com\u00a0Liep\u0101ja, [&hellip;]<\/p>\n","protected":false},"author":6,"featured_media":4398,"comment_status":"open","ping_status":"open","sticky":false,"template":"","format":"standard","meta":{"footnotes":""},"categories":[4],"tags":[],"class_list":["post-4397","post","type-post","status-publish","format-standard","has-post-thumbnail","hentry","category-noticias"],"_links":{"self":[{"href":"https:\/\/jornaloassobio.pt\/index.php?rest_route=\/wp\/v2\/posts\/4397","targetHints":{"allow":["GET"]}}],"collection":[{"href":"https:\/\/jornaloassobio.pt\/index.php?rest_route=\/wp\/v2\/posts"}],"about":[{"href":"https:\/\/jornaloassobio.pt\/index.php?rest_route=\/wp\/v2\/types\/post"}],"author":[{"embeddable":true,"href":"https:\/\/jornaloassobio.pt\/index.php?rest_route=\/wp\/v2\/users\/6"}],"replies":[{"embeddable":true,"href":"https:\/\/jornaloassobio.pt\/index.php?rest_route=%2Fwp%2Fv2%2Fcomments&post=4397"}],"version-history":[{"count":3,"href":"https:\/\/jornaloassobio.pt\/index.php?rest_route=\/wp\/v2\/posts\/4397\/revisions"}],"predecessor-version":[{"id":4446,"href":"https:\/\/jornaloassobio.pt\/index.php?rest_route=\/wp\/v2\/posts\/4397\/revisions\/4446"}],"wp:featuredmedia":[{"embeddable":true,"href":"https:\/\/jornaloassobio.pt\/index.php?rest_route=\/wp\/v2\/media\/4398"}],"wp:attachment":[{"href":"https:\/\/jornaloassobio.pt\/index.php?rest_route=%2Fwp%2Fv2%2Fmedia&parent=4397"}],"wp:term":[{"taxonomy":"category","embeddable":true,"href":"https:\/\/jornaloassobio.pt\/index.php?rest_route=%2Fwp%2Fv2%2Fcategories&post=4397"},{"taxonomy":"post_tag","embeddable":true,"href":"https:\/\/jornaloassobio.pt\/index.php?rest_route=%2Fwp%2Fv2%2Ftags&post=4397"}],"curies":[{"name":"wp","href":"https:\/\/api.w.org\/{rel}","templated":true}]}}