{"id":440,"date":"2023-11-03T18:29:42","date_gmt":"2023-11-03T18:29:42","guid":{"rendered":"https:\/\/jornaloassobio.pt\/?p=440"},"modified":"2023-12-04T09:48:39","modified_gmt":"2023-12-04T09:48:39","slug":"gilberto-gil-e-aquele-abraco","status":"publish","type":"post","link":"https:\/\/jornaloassobio.pt\/?p=440","title":{"rendered":"GILBERTO GIL E &#8220;AQUELE ABRA\u00c7O&#8221;"},"content":{"rendered":"<div class='booster-block booster-read-block'>\r\n                <div class=\"twp-read-time\">\r\n                \t<i class=\"booster-icon twp-clock\"><\/i> <span>Read Time:<\/span>1 Minute, 9 Second                <\/div>\r\n\r\n            <\/div><p><img loading=\"lazy\" decoding=\"async\" class=\"\" src=\"https:\/\/altamont.pt\/wp-content\/uploads\/2023\/10\/gilberto_gil_coliseu_lisboa17.jpg\" alt=\"Gilberto Gil || Coliseu dos Recreios: o lume brando da serenidade adulta de Gilberto Gil \u2013 Altamont\" width=\"340\" height=\"227\" \/>\u00a0 \u00a0 \u00a0 <img loading=\"lazy\" decoding=\"async\" class=\"alignright\" src=\"https:\/\/imagens.publico.pt\/imagens.aspx\/1855446?tp=UH&amp;db=IMAGENS&amp;type=JPG&amp;w=320&amp;act=resize\" alt=\"Gilberto Gil volta a conquistar o Coliseu de Lisboa, numa celebra\u00e7\u00e3o em fam\u00edlia | Cr\u00edtica | P\u00daBLICO\" width=\"337\" height=\"224\" \/><\/p>\n<p>No dia 30 de outubro de 2023, Gilberto Gil, acompanhado de dois filhos, de um neto e de uma neta, &#8220;abra\u00e7ou&#8221; o p\u00fablico do Coliseu de Lisboa, numa noite em que a m\u00fasica foi s\u00edmbolo de uni\u00e3o entre o povo portugu\u00eas e o brasileiro.<\/p>\n<p>Apesar dos seus oitenta e um anos, o c\u00e9lebre cantor brasileiro manteve um ritmo constante e uma voz forte e potente, auxiliado pelos seus familiares m\u00fasicos.<\/p>\n<p>Com mais de 50 \u00e1lbuns publicados e de 600 can\u00e7\u00f5es escritas, Gilberto Gil \u00e9 considerado um dos maiores artistas do Brasil. Ganhou dois\u00a0 Grammy Awards e dois Grammy Latino.<\/p>\n<p>Foi tamb\u00e9m nomeado \u201cArtista pela Paz\u201d, pela Unesco, em 1999.<\/p>\n<p>Para al\u00e9m de cantor, compositor e produtor, tamb\u00e9m \u00e9 escritor. Publicou o livro \u201cTodas as letras\u201d, em 1996.<\/p>\n<p>Entre 2002 e 2003, foi ministro da Cultura do primeiro governo de Lula da Silva.<\/p>\n<p>Atualmente, \u00e9 membro vital\u00edcio da Academia Brasileira de Letras.<\/p>\n<p>No dia 31 de outubro, em Lisboa, foi agraciado, &#8220;numa homenagem aos valores da Arte e da Cidadania&#8221;, com o t\u00edtulo de &#8220;doutor honoris causa&#8221;, pela Universidade Nova.<\/p>\n<p><img loading=\"lazy\" decoding=\"async\" class=\"aligncenter\" src=\"https:\/\/static.globalnoticias.pt\/dn\/image.jpg?brand=DN&amp;type=generate&amp;guid=3b937c94-aa3d-4653-90fa-5ea9e1c2c645&amp;t=20231031204941\" width=\"359\" height=\"239\" \/><\/p>\n<p>\u00a9\u00a0Reinaldo Rodrigues\/Global Imagens<\/p>\n<p>htt:ps\/\/www.google.com\/search?sca_esv=579179295&amp;sxsrf=AM9HkKl-dO-RLjYMJ7qNGFsYFPB7YfJsPQ:1699033950834&amp;q=gilberto+gil+coliseu+lisboa+2023<\/p>\n<p>https:\/\/www.google.com\/search?sca_esv=579179295&#038;sxsrf=AM9HkKl-dO-RLjYMJ7qNGFsYFPB7YfJsPQ:1699033950834&#038;q=gilberto+gil+colbmiseu+lisboa+2023&#038;t<\/p>\n<p>&nbsp;<\/p>\n        <div class=\"booster-block booster-reactions-block\">\r\n            <div class=\"twp-reactions-icons\">\r\n                \r\n                <div class=\"twp-reacts-wrap\">\r\n                    <a react-data=\"be-react-1\" post-id=\"440\" class=\"be-face-icons un-reacted\" href=\"javascript:void(0)\">\r\n                        <img decoding=\"async\" src=\"https:\/\/jornaloassobio.pt\/wp-content\/plugins\/booster-extension\/\/assets\/icon\/happy.svg\" alt=\"Happy\">\r\n                    <\/a>\r\n                    <div class=\"twp-reaction-title\">\r\n                        Happy                    <\/div>\r\n                    <div class=\"twp-count-percent\">\r\n                                                    <span style=\"display: none;\" class=\"twp-react-count\">0<\/span>\r\n                        \r\n                                                <span class=\"twp-react-percent\"><span>0<\/span> %<\/span>\r\n                                            <\/div>\r\n                <\/div>\r\n\r\n                <div class=\"twp-reacts-wrap\">\r\n                    <a react-data=\"be-react-2\" post-id=\"440\" class=\"be-face-icons un-reacted\" href=\"javascript:void(0)\">\r\n                        <img decoding=\"async\" src=\"https:\/\/jornaloassobio.pt\/wp-content\/plugins\/booster-extension\/\/assets\/icon\/sad.svg\" alt=\"Sad\">\r\n                    <\/a>\r\n                    <div class=\"twp-reaction-title\">\r\n                        Sad                    <\/div>\r\n                    <div class=\"twp-count-percent\">\r\n                                                    <span style=\"display: none;\" class=\"twp-react-count\">0<\/span>\r\n                                                                        <span class=\"twp-react-percent\"><span>0<\/span> %<\/span>\r\n                                            <\/div>\r\n                <\/div>\r\n\r\n                <div class=\"twp-reacts-wrap\">\r\n                    <a react-data=\"be-react-3\" post-id=\"440\" class=\"be-face-icons un-reacted\" href=\"javascript:void(0)\">\r\n                        <img decoding=\"async\" src=\"https:\/\/jornaloassobio.pt\/wp-content\/plugins\/booster-extension\/\/assets\/icon\/excited.svg\" alt=\"Excited\">\r\n                    <\/a>\r\n                    <div class=\"twp-reaction-title\">\r\n                        Excited                    <\/div>\r\n                    <div class=\"twp-count-percent\">\r\n                                                    <span style=\"display: none;\" class=\"twp-react-count\">0<\/span>\r\n                                                                        <span class=\"twp-react-percent\"><span>0<\/span> %<\/span>\r\n                                            <\/div>\r\n                <\/div>\r\n\r\n                <div class=\"twp-reacts-wrap\">\r\n                    <a react-data=\"be-react-6\" post-id=\"440\" class=\"be-face-icons un-reacted\" href=\"javascript:void(0)\">\r\n                        <img decoding=\"async\" src=\"https:\/\/jornaloassobio.pt\/wp-content\/plugins\/booster-extension\/\/assets\/icon\/sleepy.svg\" alt=\"Sleepy\">\r\n                    <\/a>\r\n                    <div class=\"twp-reaction-title\">\r\n                        Sleepy                    <\/div>\r\n                    <div class=\"twp-count-percent\">\r\n                                                    <span style=\"display: none;\" class=\"twp-react-count\">0<\/span>\r\n                        \r\n                                                <span class=\"twp-react-percent\"><span>0<\/span> %<\/span>\r\n                                            <\/div>\r\n                <\/div>\r\n\r\n                <div class=\"twp-reacts-wrap\">\r\n                    <a react-data=\"be-react-4\" post-id=\"440\" class=\"be-face-icons un-reacted\" href=\"javascript:void(0)\">\r\n                        <img decoding=\"async\" src=\"https:\/\/jornaloassobio.pt\/wp-content\/plugins\/booster-extension\/\/assets\/icon\/angry.svg\" alt=\"Angry\">\r\n                    <\/a>\r\n                    <div class=\"twp-reaction-title\">Angry<\/div>\r\n                    <div class=\"twp-count-percent\">\r\n                                                    <span style=\"display: none;\" class=\"twp-react-count\">0<\/span>\r\n                                                                        <span class=\"twp-react-percent\"><span>0<\/span> %<\/span>\r\n                        \r\n                    <\/div>\r\n                <\/div>\r\n\r\n                <div class=\"twp-reacts-wrap\">\r\n                    <a react-data=\"be-react-5\" post-id=\"440\" class=\"be-face-icons un-reacted\" href=\"javascript:void(0)\">\r\n                        <img decoding=\"async\" src=\"https:\/\/jornaloassobio.pt\/wp-content\/plugins\/booster-extension\/\/assets\/icon\/surprise.svg\" alt=\"Surprise\">\r\n                    <\/a>\r\n                    <div class=\"twp-reaction-title\">Surprise<\/div>\r\n                    <div class=\"twp-count-percent\">\r\n                                                    <span style=\"display: none;\" class=\"twp-react-count\">0<\/span>\r\n                                                                        <span class=\"twp-react-percent\"><span>0<\/span> %<\/span>\r\n                                            <\/div>\r\n                <\/div>\r\n\r\n            <\/div>\r\n        <\/div>\r\n\r\n    ","protected":false},"excerpt":{"rendered":"<p>\u00a0 \u00a0 \u00a0 No dia 30 de outubro de 2023, Gilberto Gil, acompanhado de dois filhos, de um neto e de uma neta, &#8220;abra\u00e7ou&#8221; o p\u00fablico do Coliseu de Lisboa, numa noite em que a m\u00fasica foi s\u00edmbolo de uni\u00e3o entre o povo portugu\u00eas e o brasileiro. Apesar dos seus oitenta e um anos, o [&hellip;]<\/p>\n","protected":false},"author":6,"featured_media":758,"comment_status":"open","ping_status":"open","sticky":false,"template":"","format":"standard","meta":{"footnotes":""},"categories":[4],"tags":[],"class_list":["post-440","post","type-post","status-publish","format-standard","has-post-thumbnail","hentry","category-noticias"],"_links":{"self":[{"href":"https:\/\/jornaloassobio.pt\/index.php?rest_route=\/wp\/v2\/posts\/440","targetHints":{"allow":["GET"]}}],"collection":[{"href":"https:\/\/jornaloassobio.pt\/index.php?rest_route=\/wp\/v2\/posts"}],"about":[{"href":"https:\/\/jornaloassobio.pt\/index.php?rest_route=\/wp\/v2\/types\/post"}],"author":[{"embeddable":true,"href":"https:\/\/jornaloassobio.pt\/index.php?rest_route=\/wp\/v2\/users\/6"}],"replies":[{"embeddable":true,"href":"https:\/\/jornaloassobio.pt\/index.php?rest_route=%2Fwp%2Fv2%2Fcomments&post=440"}],"version-history":[{"count":5,"href":"https:\/\/jornaloassobio.pt\/index.php?rest_route=\/wp\/v2\/posts\/440\/revisions"}],"predecessor-version":[{"id":490,"href":"https:\/\/jornaloassobio.pt\/index.php?rest_route=\/wp\/v2\/posts\/440\/revisions\/490"}],"wp:featuredmedia":[{"embeddable":true,"href":"https:\/\/jornaloassobio.pt\/index.php?rest_route=\/wp\/v2\/media\/758"}],"wp:attachment":[{"href":"https:\/\/jornaloassobio.pt\/index.php?rest_route=%2Fwp%2Fv2%2Fmedia&parent=440"}],"wp:term":[{"taxonomy":"category","embeddable":true,"href":"https:\/\/jornaloassobio.pt\/index.php?rest_route=%2Fwp%2Fv2%2Fcategories&post=440"},{"taxonomy":"post_tag","embeddable":true,"href":"https:\/\/jornaloassobio.pt\/index.php?rest_route=%2Fwp%2Fv2%2Ftags&post=440"}],"curies":[{"name":"wp","href":"https:\/\/api.w.org\/{rel}","templated":true}]}}