{"id":444,"date":"2023-11-03T17:38:13","date_gmt":"2023-11-03T17:38:13","guid":{"rendered":"https:\/\/jornaloassobio.pt\/?p=444"},"modified":"2023-12-04T09:51:07","modified_gmt":"2023-12-04T09:51:07","slug":"dia-da-alimentacao-na-eb-s-mamede","status":"publish","type":"post","link":"https:\/\/jornaloassobio.pt\/?p=444","title":{"rendered":"DIA DA ALIMENTA\u00c7\u00c3O NA EB S. MAMEDE"},"content":{"rendered":"<div class='booster-block booster-read-block'>\r\n                <div class=\"twp-read-time\">\r\n                \t<i class=\"booster-icon twp-clock\"><\/i> <span>Read Time:<\/span>56 Second                <\/div>\r\n\r\n            <\/div><p>No dia 16 de outubro, Dia Mundial da Alimenta\u00e7\u00e3o, os alunos da EB de S\u00e3o Mamede estiveram a fazer uma salada de frutas para o almo\u00e7o.<\/p>\n<p><img loading=\"lazy\" decoding=\"async\" class=\"size-medium wp-image-474 alignright\" src=\"https:\/\/jornaloassobio.pt\/wp-content\/uploads\/2023\/11\/20231016_093855-1-135x300.jpg\" alt=\"\" width=\"135\" height=\"300\" srcset=\"https:\/\/jornaloassobio.pt\/wp-content\/uploads\/2023\/11\/20231016_093855-1-135x300.jpg 135w, https:\/\/jornaloassobio.pt\/wp-content\/uploads\/2023\/11\/20231016_093855-1-462x1024.jpg 462w, https:\/\/jornaloassobio.pt\/wp-content\/uploads\/2023\/11\/20231016_093855-1-768x1704.jpg 768w, https:\/\/jornaloassobio.pt\/wp-content\/uploads\/2023\/11\/20231016_093855-1-692x1536.jpg 692w, https:\/\/jornaloassobio.pt\/wp-content\/uploads\/2023\/11\/20231016_093855-1-923x2048.jpg 923w, https:\/\/jornaloassobio.pt\/wp-content\/uploads\/2023\/11\/20231016_093855-1-scaled.jpg 1154w\" sizes=\"auto, (max-width: 135px) 100vw, 135px\" \/><\/p>\n<p><img loading=\"lazy\" decoding=\"async\" class=\"size-medium wp-image-476 alignright\" src=\"https:\/\/jornaloassobio.pt\/wp-content\/uploads\/2023\/11\/20231016_095453-1-135x300.jpg\" alt=\"\" width=\"135\" height=\"300\" srcset=\"https:\/\/jornaloassobio.pt\/wp-content\/uploads\/2023\/11\/20231016_095453-1-135x300.jpg 135w, https:\/\/jornaloassobio.pt\/wp-content\/uploads\/2023\/11\/20231016_095453-1-462x1024.jpg 462w, https:\/\/jornaloassobio.pt\/wp-content\/uploads\/2023\/11\/20231016_095453-1-768x1704.jpg 768w, https:\/\/jornaloassobio.pt\/wp-content\/uploads\/2023\/11\/20231016_095453-1-692x1536.jpg 692w, https:\/\/jornaloassobio.pt\/wp-content\/uploads\/2023\/11\/20231016_095453-1-923x2048.jpg 923w, https:\/\/jornaloassobio.pt\/wp-content\/uploads\/2023\/11\/20231016_095453-1-scaled.jpg 1154w\" sizes=\"auto, (max-width: 135px) 100vw, 135px\" \/><\/p>\n<p>Logo de manh\u00e3, os alunos da turma M3B lavaram as m\u00e3os, descascaram e cortaram kiwis, para uma ta\u00e7a, com a ajuda das professoras.<\/p>\n<p>Os alunos das restantes turmas prepararam outros frutos muito saborosos.<\/p>\n<p>De seguida, foram ao p\u00e1tio deitar os kiwis num recipiente onde estava a ser confecionada uma salada de frutas.<\/p>\n<p><img loading=\"lazy\" decoding=\"async\" class=\"wp-image-480 alignnone\" src=\"https:\/\/jornaloassobio.pt\/wp-content\/uploads\/2023\/11\/20231016_102330-300x135.jpg\" alt=\"\" width=\"442\" height=\"199\" srcset=\"https:\/\/jornaloassobio.pt\/wp-content\/uploads\/2023\/11\/20231016_102330-300x135.jpg 300w, https:\/\/jornaloassobio.pt\/wp-content\/uploads\/2023\/11\/20231016_102330-1024x462.jpg 1024w, https:\/\/jornaloassobio.pt\/wp-content\/uploads\/2023\/11\/20231016_102330-768x346.jpg 768w, https:\/\/jornaloassobio.pt\/wp-content\/uploads\/2023\/11\/20231016_102330-1536x692.jpg 1536w, https:\/\/jornaloassobio.pt\/wp-content\/uploads\/2023\/11\/20231016_102330-2048x923.jpg 2048w\" sizes=\"auto, (max-width: 442px) 100vw, 442px\" \/><\/p>\n<p>Ap\u00f3s regressar \u00e0 sala, deitaram as cascas no compostor, viram um local onde ir\u00e1 ser a horta, cheiraram alfazema e viram os limoeiros, beldroegas e flores.<\/p>\n<p>Na sala de aula, falaram sobre a alimenta\u00e7\u00e3o, a roda dos alimentos e a import\u00e2ncia da alimenta\u00e7\u00e3o e lanches saud\u00e1veis.<\/p>\n<p>Registaram, no quadro, os alimentos que cada aluno trouxe para o seu lanche e analisaram os dados.<\/p>\n<p><img loading=\"lazy\" decoding=\"async\" class=\"wp-image-479 alignright\" src=\"https:\/\/jornaloassobio.pt\/wp-content\/uploads\/2023\/11\/20231016_095541-1-1-135x300.jpg\" alt=\"\" width=\"129\" height=\"287\" srcset=\"https:\/\/jornaloassobio.pt\/wp-content\/uploads\/2023\/11\/20231016_095541-1-1-135x300.jpg 135w, https:\/\/jornaloassobio.pt\/wp-content\/uploads\/2023\/11\/20231016_095541-1-1-462x1024.jpg 462w, https:\/\/jornaloassobio.pt\/wp-content\/uploads\/2023\/11\/20231016_095541-1-1-768x1704.jpg 768w, https:\/\/jornaloassobio.pt\/wp-content\/uploads\/2023\/11\/20231016_095541-1-1-692x1536.jpg 692w, https:\/\/jornaloassobio.pt\/wp-content\/uploads\/2023\/11\/20231016_095541-1-1-923x2048.jpg 923w, https:\/\/jornaloassobio.pt\/wp-content\/uploads\/2023\/11\/20231016_095541-1-1-scaled.jpg 1154w\" sizes=\"auto, (max-width: 129px) 100vw, 129px\" \/><\/p>\n<p><img loading=\"lazy\" decoding=\"async\" class=\" wp-image-475 alignright\" src=\"https:\/\/jornaloassobio.pt\/wp-content\/uploads\/2023\/11\/20231016_094616-1-135x300.jpg\" alt=\"\" width=\"129\" height=\"287\" srcset=\"https:\/\/jornaloassobio.pt\/wp-content\/uploads\/2023\/11\/20231016_094616-1-135x300.jpg 135w, https:\/\/jornaloassobio.pt\/wp-content\/uploads\/2023\/11\/20231016_094616-1-462x1024.jpg 462w, https:\/\/jornaloassobio.pt\/wp-content\/uploads\/2023\/11\/20231016_094616-1-768x1704.jpg 768w, https:\/\/jornaloassobio.pt\/wp-content\/uploads\/2023\/11\/20231016_094616-1-692x1536.jpg 692w, https:\/\/jornaloassobio.pt\/wp-content\/uploads\/2023\/11\/20231016_094616-1-923x2048.jpg 923w, https:\/\/jornaloassobio.pt\/wp-content\/uploads\/2023\/11\/20231016_094616-1-scaled.jpg 1154w\" sizes=\"auto, (max-width: 129px) 100vw, 129px\" \/><\/p>\n<p>Quando tocou, foram todos almo\u00e7ar. A salada de frutas estava muito boa. Os frutos desta salada saborosa e gigante eram: kiwi, pera; mel\u00e3o; banana, laranja, uva, ma\u00e7\u00e3, anan\u00e1s e p\u00eassego.<\/p>\n<p>Todos adoraram as atividades deste dia, na escola, e a salada de frutas estava uma del\u00edcia!<\/p>\n        <div class=\"booster-block booster-reactions-block\">\r\n            <div class=\"twp-reactions-icons\">\r\n                \r\n                <div class=\"twp-reacts-wrap\">\r\n                    <a react-data=\"be-react-1\" post-id=\"444\" class=\"be-face-icons un-reacted\" href=\"javascript:void(0)\">\r\n                        <img decoding=\"async\" src=\"https:\/\/jornaloassobio.pt\/wp-content\/plugins\/booster-extension\/\/assets\/icon\/happy.svg\" alt=\"Happy\">\r\n                    <\/a>\r\n                    <div class=\"twp-reaction-title\">\r\n                        Happy                    <\/div>\r\n                    <div class=\"twp-count-percent\">\r\n                                                    <span style=\"display: none;\" class=\"twp-react-count\">0<\/span>\r\n                        \r\n                                                <span class=\"twp-react-percent\"><span>0<\/span> %<\/span>\r\n                                            <\/div>\r\n                <\/div>\r\n\r\n                <div class=\"twp-reacts-wrap\">\r\n                    <a react-data=\"be-react-2\" post-id=\"444\" class=\"be-face-icons un-reacted\" href=\"javascript:void(0)\">\r\n                        <img decoding=\"async\" src=\"https:\/\/jornaloassobio.pt\/wp-content\/plugins\/booster-extension\/\/assets\/icon\/sad.svg\" alt=\"Sad\">\r\n                    <\/a>\r\n                    <div class=\"twp-reaction-title\">\r\n                        Sad                    <\/div>\r\n                    <div class=\"twp-count-percent\">\r\n                                                    <span style=\"display: none;\" class=\"twp-react-count\">0<\/span>\r\n                                                                        <span class=\"twp-react-percent\"><span>0<\/span> %<\/span>\r\n                                            <\/div>\r\n                <\/div>\r\n\r\n                <div class=\"twp-reacts-wrap\">\r\n                    <a react-data=\"be-react-3\" post-id=\"444\" class=\"be-face-icons un-reacted\" href=\"javascript:void(0)\">\r\n                        <img decoding=\"async\" src=\"https:\/\/jornaloassobio.pt\/wp-content\/plugins\/booster-extension\/\/assets\/icon\/excited.svg\" alt=\"Excited\">\r\n                    <\/a>\r\n                    <div class=\"twp-reaction-title\">\r\n                        Excited                    <\/div>\r\n                    <div class=\"twp-count-percent\">\r\n                                                    <span style=\"display: none;\" class=\"twp-react-count\">0<\/span>\r\n                                                                        <span class=\"twp-react-percent\"><span>0<\/span> %<\/span>\r\n                                            <\/div>\r\n                <\/div>\r\n\r\n                <div class=\"twp-reacts-wrap\">\r\n                    <a react-data=\"be-react-6\" post-id=\"444\" class=\"be-face-icons un-reacted\" href=\"javascript:void(0)\">\r\n                        <img decoding=\"async\" src=\"https:\/\/jornaloassobio.pt\/wp-content\/plugins\/booster-extension\/\/assets\/icon\/sleepy.svg\" alt=\"Sleepy\">\r\n                    <\/a>\r\n                    <div class=\"twp-reaction-title\">\r\n                        Sleepy                    <\/div>\r\n                    <div class=\"twp-count-percent\">\r\n                                                    <span style=\"display: none;\" class=\"twp-react-count\">0<\/span>\r\n                        \r\n                                                <span class=\"twp-react-percent\"><span>0<\/span> %<\/span>\r\n                                            <\/div>\r\n                <\/div>\r\n\r\n                <div class=\"twp-reacts-wrap\">\r\n                    <a react-data=\"be-react-4\" post-id=\"444\" class=\"be-face-icons un-reacted\" href=\"javascript:void(0)\">\r\n                        <img decoding=\"async\" src=\"https:\/\/jornaloassobio.pt\/wp-content\/plugins\/booster-extension\/\/assets\/icon\/angry.svg\" alt=\"Angry\">\r\n                    <\/a>\r\n                    <div class=\"twp-reaction-title\">Angry<\/div>\r\n                    <div class=\"twp-count-percent\">\r\n                                                    <span style=\"display: none;\" class=\"twp-react-count\">0<\/span>\r\n                                                                        <span class=\"twp-react-percent\"><span>0<\/span> %<\/span>\r\n                        \r\n                    <\/div>\r\n                <\/div>\r\n\r\n                <div class=\"twp-reacts-wrap\">\r\n                    <a react-data=\"be-react-5\" post-id=\"444\" class=\"be-face-icons un-reacted\" href=\"javascript:void(0)\">\r\n                        <img decoding=\"async\" src=\"https:\/\/jornaloassobio.pt\/wp-content\/plugins\/booster-extension\/\/assets\/icon\/surprise.svg\" alt=\"Surprise\">\r\n                    <\/a>\r\n                    <div class=\"twp-reaction-title\">Surprise<\/div>\r\n                    <div class=\"twp-count-percent\">\r\n                                                    <span style=\"display: none;\" class=\"twp-react-count\">0<\/span>\r\n                                                                        <span class=\"twp-react-percent\"><span>0<\/span> %<\/span>\r\n                                            <\/div>\r\n                <\/div>\r\n\r\n            <\/div>\r\n        <\/div>\r\n\r\n    ","protected":false},"excerpt":{"rendered":"<p>No dia 16 de outubro, Dia Mundial da Alimenta\u00e7\u00e3o, os alunos da EB de S\u00e3o Mamede estiveram a fazer uma salada de frutas para o almo\u00e7o. Logo de manh\u00e3, os alunos da turma M3B lavaram as m\u00e3os, descascaram e cortaram kiwis, para uma ta\u00e7a, com a ajuda das professoras. Os alunos das restantes turmas prepararam [&hellip;]<\/p>\n","protected":false},"author":6,"featured_media":476,"comment_status":"open","ping_status":"open","sticky":false,"template":"","format":"standard","meta":{"footnotes":""},"categories":[4],"tags":[],"class_list":["post-444","post","type-post","status-publish","format-standard","has-post-thumbnail","hentry","category-noticias"],"_links":{"self":[{"href":"https:\/\/jornaloassobio.pt\/index.php?rest_route=\/wp\/v2\/posts\/444","targetHints":{"allow":["GET"]}}],"collection":[{"href":"https:\/\/jornaloassobio.pt\/index.php?rest_route=\/wp\/v2\/posts"}],"about":[{"href":"https:\/\/jornaloassobio.pt\/index.php?rest_route=\/wp\/v2\/types\/post"}],"author":[{"embeddable":true,"href":"https:\/\/jornaloassobio.pt\/index.php?rest_route=\/wp\/v2\/users\/6"}],"replies":[{"embeddable":true,"href":"https:\/\/jornaloassobio.pt\/index.php?rest_route=%2Fwp%2Fv2%2Fcomments&post=444"}],"version-history":[{"count":6,"href":"https:\/\/jornaloassobio.pt\/index.php?rest_route=\/wp\/v2\/posts\/444\/revisions"}],"predecessor-version":[{"id":486,"href":"https:\/\/jornaloassobio.pt\/index.php?rest_route=\/wp\/v2\/posts\/444\/revisions\/486"}],"wp:featuredmedia":[{"embeddable":true,"href":"https:\/\/jornaloassobio.pt\/index.php?rest_route=\/wp\/v2\/media\/476"}],"wp:attachment":[{"href":"https:\/\/jornaloassobio.pt\/index.php?rest_route=%2Fwp%2Fv2%2Fmedia&parent=444"}],"wp:term":[{"taxonomy":"category","embeddable":true,"href":"https:\/\/jornaloassobio.pt\/index.php?rest_route=%2Fwp%2Fv2%2Fcategories&post=444"},{"taxonomy":"post_tag","embeddable":true,"href":"https:\/\/jornaloassobio.pt\/index.php?rest_route=%2Fwp%2Fv2%2Ftags&post=444"}],"curies":[{"name":"wp","href":"https:\/\/api.w.org\/{rel}","templated":true}]}}