{"id":4747,"date":"2026-02-20T12:28:35","date_gmt":"2026-02-20T12:28:35","guid":{"rendered":"https:\/\/jornaloassobio.pt\/?p=4747"},"modified":"2026-02-20T12:31:23","modified_gmt":"2026-02-20T12:31:23","slug":"alunos-de-turismo-na-feira-de-emprego-2026","status":"publish","type":"post","link":"https:\/\/jornaloassobio.pt\/?p=4747","title":{"rendered":"ALUNOS DE TURISMO NA FEIRA DE EMPREGO 2026"},"content":{"rendered":"<div class='booster-block booster-read-block'>\r\n                <div class=\"twp-read-time\">\r\n                \t<i class=\"booster-icon twp-clock\"><\/i> <span>Read Time:<\/span>1 Minute, 35 Second                <\/div>\r\n\r\n            <\/div><div><\/div>\n<div><span style=\"color: #000000;\"><img loading=\"lazy\" decoding=\"async\" class=\"size-full wp-image-4748 aligncenter\" src=\"https:\/\/jornaloassobio.pt\/wp-content\/uploads\/2026\/02\/Foto-3-Feira-de-Emprego-do-Turismo-2026-225x300-1.jpg\" alt=\"\" width=\"225\" height=\"300\" \/><\/span><\/div>\n<div><\/div>\n<div><span data-olk-copy-source=\"MessageBody\"><span style=\"color: #000000;\">No dia <strong>12 de fevereiro,<\/strong> a <strong>Arena de \u00c9vora<\/strong> transformou-se no epicentro da empregabilidade regional ao acolher a\u00a0<b>Feira de Emprego do Turismo<\/b>\u00a0<b>2026<\/b>. O evento contou com a participa\u00e7\u00e3o ativa e entusiasta das turmas de 1.\u00ba, 2.\u00ba e 3.\u00ba anos do\u00a0<\/span><b><u><span style=\"color: #000000;\">Curs<\/span>o P<span style=\"color: #000000;\">rofissional de T\u00e9cnico de Opera\u00e7\u00f5es Tur\u00edsticas<\/span><\/u><\/b><span style=\"color: #000000;\">,\u00a0<b>consolidando a liga\u00e7\u00e3o entre a forma\u00e7\u00e3o acad\u00e9mica e o mercado de trabalho.<\/b><\/span><\/span><\/div>\n<div><span style=\"color: #000000;\">A presen\u00e7a destes futuros profissionais\u00a0<b>n\u00e3o foi apenas uma visita de estudo, mas sim um passo estrat\u00e9gico na constru\u00e7\u00e3o das suas carreiras<\/b>. Ao longo da manh\u00e3, os alunos tiveram a oportunidade de interagir diretamente com dezenas de empresas do setor, desde unidades hoteleiras a operadores de anima\u00e7\u00e3o tur\u00edstica.<\/span><\/div>\n<div><span style=\"color: #000000;\">A participa\u00e7\u00e3o das turmas deste Curso saldou-se em conquistas fundamentais para o seu desenvolvimento profissional, sobretudo atrav\u00e9s de:<\/span><\/div>\n<div><span style=\"color: #000000;\"><b>Networking direto<\/b>: Os alunos estabeleceram contactos privilegiados com recrutadores, permitindo-lhes compreender em primeira m\u00e3o as compet\u00eancias mais valorizadas no mercado atual;<\/span><\/div>\n<div><span style=\"color: #000000;\"><b>Procura de est\u00e1gios e emprego<\/b>: Especialmente para os alunos finalistas do 3.\u00ba OTUR, a feira serviu de plataforma para a entrega de curr\u00edculos e agendamento de entrevistas, focadas tanto em est\u00e1gios curriculares como em futuras integra\u00e7\u00f5es profissionais;<\/span><\/div>\n<div><span style=\"color: #000000;\"><b>Conhecimento do mercado regional<\/b>: Os estudantes do 1.\u00ba e 2.\u00ba OTUR puderam mapear a oferta tur\u00edstica, identificando novas tend\u00eancias e nichos de mercado que ser\u00e3o explorados nas suas unidades curriculares.<\/span><\/div>\n<div><\/div>\n<div><\/div>\n<div>\n<h4>O que \u00e9 Networking?<\/h4>\n<p><span style=\"color: #000000;\"><em>Networking<\/em>\u00a0\u00e9 um termo em ingl\u00eas que indica a rela\u00e7\u00e3o entre indiv\u00edduos ou grupos que compartilham interesses pessoais ou profissionais e realizam a troca de informa\u00e7\u00f5es e de influ\u00eancias.<\/span><\/p>\n<p><span style=\"color: #000000;\">Esse contacto entre pessoas desenvolve -se por meio de uma rela\u00e7\u00e3o comum que existe entre os indiv\u00edduos, como atrav\u00e9s da faculdade, do trabalho ou do pr\u00f3prio ambiente de neg\u00f3cios.<\/span><\/p>\n<p><span style=\"color: #000000;\">Uma forma comum de promover a rede de contactos profissionais ou comerciais acontece por meio de eventos ou encontros de grupos de interesse.<\/span><\/p>\n<p>In https:\/\/www.dicionariofinanceiro.com\/network\/<\/p>\n<\/div>\n        <div class=\"booster-block booster-reactions-block\">\r\n            <div class=\"twp-reactions-icons\">\r\n                \r\n                <div class=\"twp-reacts-wrap\">\r\n                    <a react-data=\"be-react-1\" post-id=\"4747\" class=\"be-face-icons un-reacted\" href=\"javascript:void(0)\">\r\n                        <img decoding=\"async\" src=\"https:\/\/jornaloassobio.pt\/wp-content\/plugins\/booster-extension\/\/assets\/icon\/happy.svg\" alt=\"Happy\">\r\n                    <\/a>\r\n                    <div class=\"twp-reaction-title\">\r\n                        Happy                    <\/div>\r\n                    <div class=\"twp-count-percent\">\r\n                                                    <span style=\"display: none;\" class=\"twp-react-count\">0<\/span>\r\n                        \r\n                                                <span class=\"twp-react-percent\"><span>0<\/span> %<\/span>\r\n                                            <\/div>\r\n                <\/div>\r\n\r\n                <div class=\"twp-reacts-wrap\">\r\n                    <a react-data=\"be-react-2\" post-id=\"4747\" class=\"be-face-icons un-reacted\" href=\"javascript:void(0)\">\r\n                        <img decoding=\"async\" src=\"https:\/\/jornaloassobio.pt\/wp-content\/plugins\/booster-extension\/\/assets\/icon\/sad.svg\" alt=\"Sad\">\r\n                    <\/a>\r\n                    <div class=\"twp-reaction-title\">\r\n                        Sad                    <\/div>\r\n                    <div class=\"twp-count-percent\">\r\n                                                    <span style=\"display: none;\" class=\"twp-react-count\">0<\/span>\r\n                                                                        <span class=\"twp-react-percent\"><span>0<\/span> %<\/span>\r\n                                            <\/div>\r\n                <\/div>\r\n\r\n                <div class=\"twp-reacts-wrap\">\r\n                    <a react-data=\"be-react-3\" post-id=\"4747\" class=\"be-face-icons un-reacted\" href=\"javascript:void(0)\">\r\n                        <img decoding=\"async\" src=\"https:\/\/jornaloassobio.pt\/wp-content\/plugins\/booster-extension\/\/assets\/icon\/excited.svg\" alt=\"Excited\">\r\n                    <\/a>\r\n                    <div class=\"twp-reaction-title\">\r\n                        Excited                    <\/div>\r\n                    <div class=\"twp-count-percent\">\r\n                                                    <span style=\"display: none;\" class=\"twp-react-count\">0<\/span>\r\n                                                                        <span class=\"twp-react-percent\"><span>0<\/span> %<\/span>\r\n                                            <\/div>\r\n                <\/div>\r\n\r\n                <div class=\"twp-reacts-wrap\">\r\n                    <a react-data=\"be-react-6\" post-id=\"4747\" class=\"be-face-icons un-reacted\" href=\"javascript:void(0)\">\r\n                        <img decoding=\"async\" src=\"https:\/\/jornaloassobio.pt\/wp-content\/plugins\/booster-extension\/\/assets\/icon\/sleepy.svg\" alt=\"Sleepy\">\r\n                    <\/a>\r\n                    <div class=\"twp-reaction-title\">\r\n                        Sleepy                    <\/div>\r\n                    <div class=\"twp-count-percent\">\r\n                                                    <span style=\"display: none;\" class=\"twp-react-count\">0<\/span>\r\n                        \r\n                                                <span class=\"twp-react-percent\"><span>0<\/span> %<\/span>\r\n                                            <\/div>\r\n                <\/div>\r\n\r\n                <div class=\"twp-reacts-wrap\">\r\n                    <a react-data=\"be-react-4\" post-id=\"4747\" class=\"be-face-icons un-reacted\" href=\"javascript:void(0)\">\r\n                        <img decoding=\"async\" src=\"https:\/\/jornaloassobio.pt\/wp-content\/plugins\/booster-extension\/\/assets\/icon\/angry.svg\" alt=\"Angry\">\r\n                    <\/a>\r\n                    <div class=\"twp-reaction-title\">Angry<\/div>\r\n                    <div class=\"twp-count-percent\">\r\n                                                    <span style=\"display: none;\" class=\"twp-react-count\">0<\/span>\r\n                                                                        <span class=\"twp-react-percent\"><span>0<\/span> %<\/span>\r\n                        \r\n                    <\/div>\r\n                <\/div>\r\n\r\n                <div class=\"twp-reacts-wrap\">\r\n                    <a react-data=\"be-react-5\" post-id=\"4747\" class=\"be-face-icons un-reacted\" href=\"javascript:void(0)\">\r\n                        <img decoding=\"async\" src=\"https:\/\/jornaloassobio.pt\/wp-content\/plugins\/booster-extension\/\/assets\/icon\/surprise.svg\" alt=\"Surprise\">\r\n                    <\/a>\r\n                    <div class=\"twp-reaction-title\">Surprise<\/div>\r\n                    <div class=\"twp-count-percent\">\r\n                                                    <span style=\"display: none;\" class=\"twp-react-count\">0<\/span>\r\n                                                                        <span class=\"twp-react-percent\"><span>0<\/span> %<\/span>\r\n                                            <\/div>\r\n                <\/div>\r\n\r\n            <\/div>\r\n        <\/div>\r\n\r\n    ","protected":false},"excerpt":{"rendered":"<p>No dia 12 de fevereiro, a Arena de \u00c9vora transformou-se no epicentro da empregabilidade regional ao acolher a\u00a0Feira de Emprego do Turismo\u00a02026. O evento contou com a participa\u00e7\u00e3o ativa e entusiasta das turmas de 1.\u00ba, 2.\u00ba e 3.\u00ba anos do\u00a0Curso Profissional de T\u00e9cnico de Opera\u00e7\u00f5es Tur\u00edsticas,\u00a0consolidando a liga\u00e7\u00e3o entre a forma\u00e7\u00e3o acad\u00e9mica e o mercado [&hellip;]<\/p>\n","protected":false},"author":6,"featured_media":4748,"comment_status":"open","ping_status":"open","sticky":false,"template":"","format":"standard","meta":{"footnotes":""},"categories":[4],"tags":[],"class_list":["post-4747","post","type-post","status-publish","format-standard","has-post-thumbnail","hentry","category-noticias"],"_links":{"self":[{"href":"https:\/\/jornaloassobio.pt\/index.php?rest_route=\/wp\/v2\/posts\/4747","targetHints":{"allow":["GET"]}}],"collection":[{"href":"https:\/\/jornaloassobio.pt\/index.php?rest_route=\/wp\/v2\/posts"}],"about":[{"href":"https:\/\/jornaloassobio.pt\/index.php?rest_route=\/wp\/v2\/types\/post"}],"author":[{"embeddable":true,"href":"https:\/\/jornaloassobio.pt\/index.php?rest_route=\/wp\/v2\/users\/6"}],"replies":[{"embeddable":true,"href":"https:\/\/jornaloassobio.pt\/index.php?rest_route=%2Fwp%2Fv2%2Fcomments&post=4747"}],"version-history":[{"count":5,"href":"https:\/\/jornaloassobio.pt\/index.php?rest_route=\/wp\/v2\/posts\/4747\/revisions"}],"predecessor-version":[{"id":4753,"href":"https:\/\/jornaloassobio.pt\/index.php?rest_route=\/wp\/v2\/posts\/4747\/revisions\/4753"}],"wp:featuredmedia":[{"embeddable":true,"href":"https:\/\/jornaloassobio.pt\/index.php?rest_route=\/wp\/v2\/media\/4748"}],"wp:attachment":[{"href":"https:\/\/jornaloassobio.pt\/index.php?rest_route=%2Fwp%2Fv2%2Fmedia&parent=4747"}],"wp:term":[{"taxonomy":"category","embeddable":true,"href":"https:\/\/jornaloassobio.pt\/index.php?rest_route=%2Fwp%2Fv2%2Fcategories&post=4747"},{"taxonomy":"post_tag","embeddable":true,"href":"https:\/\/jornaloassobio.pt\/index.php?rest_route=%2Fwp%2Fv2%2Ftags&post=4747"}],"curies":[{"name":"wp","href":"https:\/\/api.w.org\/{rel}","templated":true}]}}