{"id":4757,"date":"2026-02-25T15:26:17","date_gmt":"2026-02-25T15:26:17","guid":{"rendered":"https:\/\/jornaloassobio.pt\/?p=4757"},"modified":"2026-02-25T15:28:41","modified_gmt":"2026-02-25T15:28:41","slug":"escola-severim-de-faria-acolhe-i-encontro-de-escolas-cte","status":"publish","type":"post","link":"https:\/\/jornaloassobio.pt\/?p=4757","title":{"rendered":"ESCOLA SEVERIM DE FARIA ACOLHE I ENCONTRO DE ESCOLAS CTE"},"content":{"rendered":"<div class='booster-block booster-read-block'>\r\n                <div class=\"twp-read-time\">\r\n                \t<i class=\"booster-icon twp-clock\"><\/i> <span>Read Time:<\/span>1 Minute, 34 Second                <\/div>\r\n\r\n            <\/div><p dir=\"auto\"><span style=\"color: #000000;\"><img loading=\"lazy\" decoding=\"async\" class=\"size-full wp-image-4760 aligncenter\" src=\"https:\/\/jornaloassobio.pt\/wp-content\/uploads\/2026\/02\/transferir.jpg\" alt=\"\" width=\"299\" height=\"168\" \/>O\u00a0<strong>I Encontro de Escolas CTE<\/strong> realizou-se nos dias <strong>20 e 21 de fevereiro<\/strong> na <strong>Escola Secund\u00e1ria Severim de Faria,<\/strong> reunindo Docentes de todos os grupos de recrutamento, Diretores, Parceiros Educativos e Especialistas na \u00e1rea da Forma\u00e7\u00e3o Profissional. Realizado no \u00e2mbito das a\u00e7\u00f5es de forma\u00e7\u00e3o acreditadas (15-ACD), o encontro decorreu entre as 15h00 e as 19h00 e constituiu um espa\u00e7o privilegiado para debater a integra\u00e7\u00e3o da tecnologia de ponta nas pr\u00e1ticas letivas, a partilha de boas pr\u00e1ticas em aprendizagem ativa e inclusiva e os desafios e oportunidades trazidos pelos <strong>Centros Tecnol\u00f3gicos Especializados.<\/strong><\/span><\/p>\n<p dir=\"auto\"><span style=\"color: #000000;\">Financiados pelo Plano de Recupera\u00e7\u00e3o e Resili\u00eancia (PRR), os CTE representam uma <strong>aposta estrat\u00e9gica na qualifica\u00e7\u00e3o profissional, na inova\u00e7\u00e3o pedag\u00f3gica e na transi\u00e7\u00e3o digital das escolas portuguesas<\/strong>. Este encontro destaca o papel ativo das institui\u00e7\u00f5es educativas na concretiza\u00e7\u00e3o destas pol\u00edticas p\u00fablicas, promovendo a colabora\u00e7\u00e3o entre escolas, empresas e comunidade.<\/span><\/p>\n<p dir=\"auto\"><span style=\"color: #000000;\">A sess\u00e3o de abertura contou com discursos institucionais que sublinharam a relev\u00e2ncia do evento para a comunidade educativa regional e nacional, afirmando o compromisso com a qualidade do ensino p\u00fablico e a valoriza\u00e7\u00e3o do Ensino Profissional. Participantes destacaram a import\u00e2ncia da troca de experi\u00eancias e da reflex\u00e3o coletiva sobre como os CTE podem transformar o contexto educativo, aproximando-o das compet\u00eancias exigidas pelo mercado de trabalho do s\u00e9culo XXI.<\/span><\/p>\n<p dir=\"auto\"><span style=\"color: #000000;\">O Agrupamento de Escolas Severim de Faria refor\u00e7a, assim, o seu posicionamento como refer\u00eancia na implementa\u00e7\u00e3o e desenvolvimento destes centros, contribuindo para <strong>redes de colabora\u00e7\u00e3o interinstitucional<\/strong> e para a visibilidade do trabalho desenvolvido na escola.<\/span><\/p>\n<p dir=\"auto\"><span style=\"color: #000000;\"><strong>Assista ao v\u00eddeo da cerim\u00f3nia de abertura:<\/strong>\u00a0Para reviver ou acompanhar os momentos mais marcantes da abertura, consulte o v\u00eddeo completo no canal<\/span><\/p>\n<p dir=\"auto\"><span style=\"color: #000000;\"><a style=\"color: #000000;\" href=\"https:\/\/www.youtube.com\/watch?v=WSbEeKeolh4\">https:\/\/www.youtube.com\/watch?v=WSbEeKeolh4<\/a><\/span><\/p>\n<p dir=\"auto\"><span style=\"color: #000000;\">O evento prosseguiu com sess\u00f5es de reflex\u00e3o e partilha, e a organiza\u00e7\u00e3o agradeceu a participa\u00e7\u00e3o de todos os envolvidos. <\/span><\/p>\n<p dir=\"auto\"><span style=\"color: #000000;\">Fique atento ao site e \u00e0s redes sociais do Agrupamento para mais atualiza\u00e7\u00f5es e registos das pr\u00f3ximas interven\u00e7\u00f5es.<\/span><\/p>\n        <div class=\"booster-block booster-reactions-block\">\r\n            <div class=\"twp-reactions-icons\">\r\n                \r\n                <div class=\"twp-reacts-wrap\">\r\n                    <a react-data=\"be-react-1\" post-id=\"4757\" class=\"be-face-icons un-reacted\" href=\"javascript:void(0)\">\r\n                        <img decoding=\"async\" src=\"https:\/\/jornaloassobio.pt\/wp-content\/plugins\/booster-extension\/\/assets\/icon\/happy.svg\" alt=\"Happy\">\r\n                    <\/a>\r\n                    <div class=\"twp-reaction-title\">\r\n                        Happy                    <\/div>\r\n                    <div class=\"twp-count-percent\">\r\n                                                    <span style=\"display: none;\" class=\"twp-react-count\">0<\/span>\r\n                        \r\n                                                <span class=\"twp-react-percent\"><span>0<\/span> %<\/span>\r\n                                            <\/div>\r\n                <\/div>\r\n\r\n                <div class=\"twp-reacts-wrap\">\r\n                    <a react-data=\"be-react-2\" post-id=\"4757\" class=\"be-face-icons un-reacted\" href=\"javascript:void(0)\">\r\n                        <img decoding=\"async\" src=\"https:\/\/jornaloassobio.pt\/wp-content\/plugins\/booster-extension\/\/assets\/icon\/sad.svg\" alt=\"Sad\">\r\n                    <\/a>\r\n                    <div class=\"twp-reaction-title\">\r\n                        Sad                    <\/div>\r\n                    <div class=\"twp-count-percent\">\r\n                                                    <span style=\"display: none;\" class=\"twp-react-count\">0<\/span>\r\n                                                                        <span class=\"twp-react-percent\"><span>0<\/span> %<\/span>\r\n                                            <\/div>\r\n                <\/div>\r\n\r\n                <div class=\"twp-reacts-wrap\">\r\n                    <a react-data=\"be-react-3\" post-id=\"4757\" class=\"be-face-icons un-reacted\" href=\"javascript:void(0)\">\r\n                        <img decoding=\"async\" src=\"https:\/\/jornaloassobio.pt\/wp-content\/plugins\/booster-extension\/\/assets\/icon\/excited.svg\" alt=\"Excited\">\r\n                    <\/a>\r\n                    <div class=\"twp-reaction-title\">\r\n                        Excited                    <\/div>\r\n                    <div class=\"twp-count-percent\">\r\n                                                    <span style=\"display: none;\" class=\"twp-react-count\">0<\/span>\r\n                                                                        <span class=\"twp-react-percent\"><span>0<\/span> %<\/span>\r\n                                            <\/div>\r\n                <\/div>\r\n\r\n                <div class=\"twp-reacts-wrap\">\r\n                    <a react-data=\"be-react-6\" post-id=\"4757\" class=\"be-face-icons un-reacted\" href=\"javascript:void(0)\">\r\n                        <img decoding=\"async\" src=\"https:\/\/jornaloassobio.pt\/wp-content\/plugins\/booster-extension\/\/assets\/icon\/sleepy.svg\" alt=\"Sleepy\">\r\n                    <\/a>\r\n                    <div class=\"twp-reaction-title\">\r\n                        Sleepy                    <\/div>\r\n                    <div class=\"twp-count-percent\">\r\n                                                    <span style=\"display: none;\" class=\"twp-react-count\">0<\/span>\r\n                        \r\n                                                <span class=\"twp-react-percent\"><span>0<\/span> %<\/span>\r\n                                            <\/div>\r\n                <\/div>\r\n\r\n                <div class=\"twp-reacts-wrap\">\r\n                    <a react-data=\"be-react-4\" post-id=\"4757\" class=\"be-face-icons un-reacted\" href=\"javascript:void(0)\">\r\n                        <img decoding=\"async\" src=\"https:\/\/jornaloassobio.pt\/wp-content\/plugins\/booster-extension\/\/assets\/icon\/angry.svg\" alt=\"Angry\">\r\n                    <\/a>\r\n                    <div class=\"twp-reaction-title\">Angry<\/div>\r\n                    <div class=\"twp-count-percent\">\r\n                                                    <span style=\"display: none;\" class=\"twp-react-count\">0<\/span>\r\n                                                                        <span class=\"twp-react-percent\"><span>0<\/span> %<\/span>\r\n                        \r\n                    <\/div>\r\n                <\/div>\r\n\r\n                <div class=\"twp-reacts-wrap\">\r\n                    <a react-data=\"be-react-5\" post-id=\"4757\" class=\"be-face-icons un-reacted\" href=\"javascript:void(0)\">\r\n                        <img decoding=\"async\" src=\"https:\/\/jornaloassobio.pt\/wp-content\/plugins\/booster-extension\/\/assets\/icon\/surprise.svg\" alt=\"Surprise\">\r\n                    <\/a>\r\n                    <div class=\"twp-reaction-title\">Surprise<\/div>\r\n                    <div class=\"twp-count-percent\">\r\n                                                    <span style=\"display: none;\" class=\"twp-react-count\">0<\/span>\r\n                                                                        <span class=\"twp-react-percent\"><span>0<\/span> %<\/span>\r\n                                            <\/div>\r\n                <\/div>\r\n\r\n            <\/div>\r\n        <\/div>\r\n\r\n    ","protected":false},"excerpt":{"rendered":"<p>O\u00a0I Encontro de Escolas CTE realizou-se nos dias 20 e 21 de fevereiro na Escola Secund\u00e1ria Severim de Faria, reunindo Docentes de todos os grupos de recrutamento, Diretores, Parceiros Educativos e Especialistas na \u00e1rea da Forma\u00e7\u00e3o Profissional. Realizado no \u00e2mbito das a\u00e7\u00f5es de forma\u00e7\u00e3o acreditadas (15-ACD), o encontro decorreu entre as 15h00 e as 19h00 [&hellip;]<\/p>\n","protected":false},"author":6,"featured_media":4760,"comment_status":"open","ping_status":"open","sticky":false,"template":"","format":"standard","meta":{"footnotes":""},"categories":[4],"tags":[],"class_list":["post-4757","post","type-post","status-publish","format-standard","has-post-thumbnail","hentry","category-noticias"],"_links":{"self":[{"href":"https:\/\/jornaloassobio.pt\/index.php?rest_route=\/wp\/v2\/posts\/4757","targetHints":{"allow":["GET"]}}],"collection":[{"href":"https:\/\/jornaloassobio.pt\/index.php?rest_route=\/wp\/v2\/posts"}],"about":[{"href":"https:\/\/jornaloassobio.pt\/index.php?rest_route=\/wp\/v2\/types\/post"}],"author":[{"embeddable":true,"href":"https:\/\/jornaloassobio.pt\/index.php?rest_route=\/wp\/v2\/users\/6"}],"replies":[{"embeddable":true,"href":"https:\/\/jornaloassobio.pt\/index.php?rest_route=%2Fwp%2Fv2%2Fcomments&post=4757"}],"version-history":[{"count":5,"href":"https:\/\/jornaloassobio.pt\/index.php?rest_route=\/wp\/v2\/posts\/4757\/revisions"}],"predecessor-version":[{"id":4763,"href":"https:\/\/jornaloassobio.pt\/index.php?rest_route=\/wp\/v2\/posts\/4757\/revisions\/4763"}],"wp:featuredmedia":[{"embeddable":true,"href":"https:\/\/jornaloassobio.pt\/index.php?rest_route=\/wp\/v2\/media\/4760"}],"wp:attachment":[{"href":"https:\/\/jornaloassobio.pt\/index.php?rest_route=%2Fwp%2Fv2%2Fmedia&parent=4757"}],"wp:term":[{"taxonomy":"category","embeddable":true,"href":"https:\/\/jornaloassobio.pt\/index.php?rest_route=%2Fwp%2Fv2%2Fcategories&post=4757"},{"taxonomy":"post_tag","embeddable":true,"href":"https:\/\/jornaloassobio.pt\/index.php?rest_route=%2Fwp%2Fv2%2Ftags&post=4757"}],"curies":[{"name":"wp","href":"https:\/\/api.w.org\/{rel}","templated":true}]}}