{"id":4764,"date":"2026-03-01T18:10:50","date_gmt":"2026-03-01T18:10:50","guid":{"rendered":"https:\/\/jornaloassobio.pt\/?p=4764"},"modified":"2026-03-01T18:18:02","modified_gmt":"2026-03-01T18:18:02","slug":"bibliotecas-itinerantes-elas-ainda-andam-ai","status":"publish","type":"post","link":"https:\/\/jornaloassobio.pt\/?p=4764","title":{"rendered":"BIBLIOTECAS ITINERANTES: ELAS AINDA ANDAM A\u00cd"},"content":{"rendered":"<div class='booster-block booster-read-block'>\r\n                <div class=\"twp-read-time\">\r\n                \t<i class=\"booster-icon twp-clock\"><\/i> <span>Read Time:<\/span>4 Minute, 13 Second                <\/div>\r\n\r\n            <\/div><p><span style=\"color: #000000;\"><img loading=\"lazy\" decoding=\"async\" class=\"size-medium wp-image-4769 alignleft\" src=\"https:\/\/jornaloassobio.pt\/wp-content\/uploads\/2026\/03\/com-f04-00728-ic_1280x720_acf_cropped-300x169.jpg\" alt=\"\" width=\"300\" height=\"169\" srcset=\"https:\/\/jornaloassobio.pt\/wp-content\/uploads\/2026\/03\/com-f04-00728-ic_1280x720_acf_cropped-300x169.jpg 300w, https:\/\/jornaloassobio.pt\/wp-content\/uploads\/2026\/03\/com-f04-00728-ic_1280x720_acf_cropped-1024x576.jpg 1024w, https:\/\/jornaloassobio.pt\/wp-content\/uploads\/2026\/03\/com-f04-00728-ic_1280x720_acf_cropped-768x432.jpg 768w, https:\/\/jornaloassobio.pt\/wp-content\/uploads\/2026\/03\/com-f04-00728-ic_1280x720_acf_cropped.jpg 1280w\" sizes=\"auto, (max-width: 300px) 100vw, 300px\" \/><\/span><\/p>\n<p><span style=\"color: #000000;\">Ainda se lembra das <strong>Bibliotecas Itinerantes da<\/strong> <strong>Funda\u00e7\u00e3o Calouste Gulbenkian<\/strong>? Se pensa que j\u00e1 se extinguiram, engana-se. Sabe que existem atualmente <strong>72<\/strong> <strong>Bibliotecas Itinerantes<\/strong> a prestar servi\u00e7os de Biblioteca P\u00fablica Municipal \u00e0s popula\u00e7\u00f5es, em que 58 pertencem \u00e0 RNBP?\u00a0<\/span><\/p>\n<figure id=\"attachment_4766\" aria-describedby=\"caption-attachment-4766\" style=\"width: 212px\" class=\"wp-caption alignright\"><img loading=\"lazy\" decoding=\"async\" class=\"size-medium wp-image-4766\" src=\"https:\/\/jornaloassobio.pt\/wp-content\/uploads\/2026\/03\/big-map-bibliomovel-v2021_V2-212x300.jpg\" alt=\"\" width=\"212\" height=\"300\" srcset=\"https:\/\/jornaloassobio.pt\/wp-content\/uploads\/2026\/03\/big-map-bibliomovel-v2021_V2-212x300.jpg 212w, https:\/\/jornaloassobio.pt\/wp-content\/uploads\/2026\/03\/big-map-bibliomovel-v2021_V2-724x1024.jpg 724w, https:\/\/jornaloassobio.pt\/wp-content\/uploads\/2026\/03\/big-map-bibliomovel-v2021_V2-768x1086.jpg 768w, https:\/\/jornaloassobio.pt\/wp-content\/uploads\/2026\/03\/big-map-bibliomovel-v2021_V2-1086x1536.jpg 1086w, https:\/\/jornaloassobio.pt\/wp-content\/uploads\/2026\/03\/big-map-bibliomovel-v2021_V2-1448x2048.jpg 1448w, https:\/\/jornaloassobio.pt\/wp-content\/uploads\/2026\/03\/big-map-bibliomovel-v2021_V2.jpg 1754w\" sizes=\"auto, (max-width: 212px) 100vw, 212px\" \/><figcaption id=\"caption-attachment-4766\" class=\"wp-caption-text\">RNBP<\/figcaption><\/figure>\n<p><span style=\"color: #000000;\">Antigamente, era um servi\u00e7o prestado pelas carrinhas da Gulbenkian, mas agora \u00e9 da responsabilidade dos munic\u00edpios, atrav\u00e9s das bibliotecas municipais, com ve\u00edculos novos ou adaptados, modernizados e preparados para responder \u00e0s necessidades, \u00e0s de sempre e \u00e0s novas, de quem vive isolado e distante dos centros urbanos, com dificuldades de mobilidade, mas tamb\u00e9m procurando estar mais pr\u00f3ximo das popula\u00e7\u00f5es dentro das pr\u00f3prias vilas e cidades, as Bibliotecas Itinerantes percorrem diariamente as freguesias e locais mais distantes das sedes de concelho, levando e trazendo leituras, conversas e atividades mas tamb\u00e9m novos servi\u00e7os que cada vez se tornam mais essenciais \u00e0 comunica\u00e7\u00e3o dos cidad\u00e3os com os servi\u00e7os online do Estado e das entidades locais.\u00a0<\/span><\/p>\n<p><span style=\"color: #000000;\">\u00a0E se a moderniza\u00e7\u00e3o administrativa veio facilitar a vida \u00e0 maioria dos portugueses, as bibliotecas itinerantes veem como sua obriga\u00e7\u00e3o facilit\u00e1-la a todos, sobretudo a quem tem mais dificuldade em aceder \u00e0s oportunidades que as tecnologias de informa\u00e7\u00e3o e comunica\u00e7\u00e3o abrem, seja por n\u00e3o saber manusear os equipamentos, seja por falta de meios para o fazer.\u00a0<\/span><\/p>\n<p><span style=\"color: #000000;\"><strong>Combater a exclus\u00e3o, as iliteracias e o isolamento, fomentar a leitura<\/strong>, entre dois dedos de conversa, ou <\/span><strong style=\"color: #000000;\">ajudar<\/strong><strong><span style=\"color: #000000;\"> a <\/span><\/strong><strong style=\"color: #000000;\">criar uma conta de email<\/strong><span style=\"color: #000000;\"> ou a <\/span><strong style=\"color: #000000;\">comunicar via Skype<\/strong><span style=\"color: #000000;\">, \u00e9 a miss\u00e3o destes <strong>servi\u00e7os de proximidade<\/strong>, disponibilizados pelos munic\u00edpios atrav\u00e9s das suas bibliotecas municipais que n\u00e3o poupam esfor\u00e7os para chegar at\u00e9 onde est\u00e1 quem deles precisa. Este servi\u00e7o p\u00fablico disponibilizado <strong>de forma gratuita<\/strong> e para todos, pode ser encontrado em muitas das <strong>bibliotecas municipais<\/strong> um pouco por todo o pa\u00eds, muitas delas agregando as mais diversas val\u00eancias (<strong>apoio ao cidad\u00e3o, pagamentos eletr\u00f3nicos, digitaliza\u00e7\u00f5es e impress\u00f5es, acesso \u00e0 Internet e utiliza\u00e7\u00e3o de computadores, a\u00e7\u00f5es de sensibiliza\u00e7\u00e3o diversas, anima\u00e7\u00e3o cultural, recolha de patrim\u00f3nio oral, jogos e promo\u00e7\u00e3o de atividade f\u00edsica, servi\u00e7o de refer\u00eancia, de consulta e de empr\u00e9stimo de livros, jornais e revistas, cd&#8217;s e dvd&#8217;s e, nalguns casos, at\u00e9 disponibiliza\u00e7\u00e3o de cuidados b\u00e1sicos de sa\u00fade<\/strong>).<\/span><\/p>\n<p><span style=\"color: #000000;\">Um excelente exemplo a destacar \u00e9 o da biblioteca sobre rodas que anda por Almada a levar livros onde eles menos chegam.<\/span><br \/>\n<span style=\"color: #000000;\">H\u00e1 uma carrinha que se distingue no largo da Junta de Freguesia de Charneca de Caparica e Sobreda. A sua pintura est\u00e1 repleta de livros coloridos e com t\u00edtulos bem conhecidos, desde <em>Anna Kar\u00e9nina<\/em>, de Lev Tolst\u00f3i, at\u00e9 <em>Os Maias<\/em>, de E\u00e7a de Queir\u00f3s. A porta abre-se e surge Lu\u00eds Barradas, o bibliotec\u00e1rio deste espa\u00e7o \u2014 a <strong>Biblioteca Itinerante de<\/strong> <strong>Almada.<\/strong> L\u00e1 dentro, h\u00e1 prateleiras repletas de livros: uns de culin\u00e1ria, outros de literatura estrangeira ou portuguesa, ou ainda os infantis. A um canto, est\u00e1 um computador para apontar as requisi\u00e7\u00f5es das obras e o hor\u00e1rio por onde esta \u201cguardi\u00e3\u201d ambulante de livros passar\u00e1.<img loading=\"lazy\" decoding=\"async\" class=\"wp-image-4770 alignright\" src=\"https:\/\/jornaloassobio.pt\/wp-content\/uploads\/2026\/03\/images.jpg\" alt=\"\" width=\"295\" height=\"196\" \/><\/span><\/p>\n<p><span style=\"color: #000000;\">A <strong>Biblioteca Itinerante de Almada<\/strong> (mais conhecida como<strong> BIA<\/strong>) passa pelas freguesias do concelho para levar os livros onde eles menos chegam \u2014 o largo da Junta de Freguesia de Charneca de Caparica e Sobreda \u00e9 s\u00f3 um dos locais. Neste espa\u00e7o, podem requisitar-se livros da cole\u00e7\u00e3o de todo o cat\u00e1logo municipal das bibliotecas, que tem aproximadamente <strong>106.000 obras<\/strong>, e pedir para se levantar outros <strong>objetos que tamb\u00e9m se podem emprestar, como instrumentos musicais e m\u00e1quinas de costura.<\/strong><\/span><br \/>\n<span style=\"color: #000000;\">A <strong>BIA<\/strong> foi inaugurada a <strong>21 de Mar\u00e7o de 2024<\/strong>, o dia em que se comemora o <strong>Dia Mundial da Poesia<\/strong>. \u201cA necessidade desta biblioteca surgiu porque h\u00e1 locais no concelho mais afastados das bibliotecas f\u00edsicas\u201d, assinala Lu\u00eds Barradas.\u00a0<\/span><\/p>\n<p><span style=\"color: #000000;\">J\u00e1 h\u00e1 uma calendariza\u00e7\u00e3o de iniciativas em que esta biblioteca itinerante estar\u00e1 envolvida, segundo T\u00e2nia Fernandes. <strong>No presente m\u00eas de<\/strong> <strong>Mar\u00e7o <\/strong>, ser\u00e1 numa iniciativa conjunta do <strong>Departamento de Cultura e do Departamento de<\/strong> <strong>Espa\u00e7os Verdes de Almada<\/strong> para se celebrar o <strong>Dia da Poesia e Dia Mundial da \u00c1rvore<\/strong>. <strong>Em Abril,<\/strong> est\u00e1 \u201cna calha\u201d o <strong>Festival n\u00e3o liter\u00e1rio, o<\/strong> <strong>Raios Partam os Livros<\/strong>! J\u00e1 em <strong>Outubro<\/strong>, estar\u00e1 na 2.\u00aa edi\u00e7\u00e3o do <strong>Festival \u00c9 Proibido Proibir<\/strong>, que pretende promover o debate e pensamento cr\u00edtico.<\/span><\/p>\n<p><span style=\"color: #000000;\">Relativamente ao incremento deste servi\u00e7o p\u00fablico t\u00e3o importante e necess\u00e1rio, h\u00e1 a destacar tamb\u00e9m o exemplo da\u00a0 <strong>Biblioteca Itinerante de Marv\u00e3o<\/strong> (<strong>BIM<\/strong>) que foi oficialmente inaugurada e apresentada no dia <strong>27 de novembro de 2025<\/strong>, em Santo Ant\u00f3nio das Areias.<\/span><\/p>\n<p data-wahfont=\"17\"><span style=\"color: #000000;\">A <strong>BIM<\/strong> j\u00e1 est\u00e1 a percorrer o concelho, para <strong>disponibilizar livros, leitura digital e diversos servi\u00e7os de proximidade<\/strong> a toda a popula\u00e7\u00e3o. <img loading=\"lazy\" decoding=\"async\" class=\"size-medium wp-image-4776 alignright\" src=\"https:\/\/jornaloassobio.pt\/wp-content\/uploads\/2026\/03\/IMG_0767-1120x400-1-300x107.jpg\" alt=\"\" width=\"300\" height=\"107\" srcset=\"https:\/\/jornaloassobio.pt\/wp-content\/uploads\/2026\/03\/IMG_0767-1120x400-1-300x107.jpg 300w, https:\/\/jornaloassobio.pt\/wp-content\/uploads\/2026\/03\/IMG_0767-1120x400-1-1024x366.jpg 1024w, https:\/\/jornaloassobio.pt\/wp-content\/uploads\/2026\/03\/IMG_0767-1120x400-1-768x274.jpg 768w, https:\/\/jornaloassobio.pt\/wp-content\/uploads\/2026\/03\/IMG_0767-1120x400-1.jpg 1120w\" sizes=\"auto, (max-width: 300px) 100vw, 300px\" \/><\/span><span style=\"color: #000000;\">Com este projeto, o Munic\u00edpio de Marv\u00e3o pretende aproximar a cultura e os servi\u00e7os p\u00fablicos das suas freguesias, promovendo o acesso \u00e0 literacia, \u00e0 informa\u00e7\u00e3o e \u00e0 inclus\u00e3o digital.<\/span><\/p>\n<p data-wahfont=\"17\">Mais informa\u00e7\u00e3o aqui: https:\/\/biblioteca.cm-marvao.pt\/Pacweb\/Search.aspx<\/p>\n<p>In http:\/\/bibliotecas.dglab.gov.pt\/pt\/noticias\/Paginas\/Bibliotecas-Itinerantes-servico-de-proximidade.aspx<\/p>\n<p>In https:\/\/www.publico.pt\/2026\/03\/01\/local\/noticia\/biblioteca-rodas-anda-almada-levar-livros-onde-menos-chegam-2164847, consultados em 1\/3\/2026<\/p>\n<p>https:\/\/www.google.com\/search?sca_esv=fecb66123620f6bf&#038;sxsrf=ANbL-n<\/p>\n        <div class=\"booster-block booster-reactions-block\">\r\n            <div class=\"twp-reactions-icons\">\r\n                \r\n                <div class=\"twp-reacts-wrap\">\r\n                    <a react-data=\"be-react-1\" post-id=\"4764\" class=\"be-face-icons un-reacted\" href=\"javascript:void(0)\">\r\n                        <img decoding=\"async\" src=\"https:\/\/jornaloassobio.pt\/wp-content\/plugins\/booster-extension\/\/assets\/icon\/happy.svg\" alt=\"Happy\">\r\n                    <\/a>\r\n                    <div class=\"twp-reaction-title\">\r\n                        Happy                    <\/div>\r\n                    <div class=\"twp-count-percent\">\r\n                                                    <span style=\"display: none;\" class=\"twp-react-count\">0<\/span>\r\n                        \r\n                                                <span class=\"twp-react-percent\"><span>0<\/span> %<\/span>\r\n                                            <\/div>\r\n                <\/div>\r\n\r\n                <div class=\"twp-reacts-wrap\">\r\n                    <a react-data=\"be-react-2\" post-id=\"4764\" class=\"be-face-icons un-reacted\" href=\"javascript:void(0)\">\r\n                        <img decoding=\"async\" src=\"https:\/\/jornaloassobio.pt\/wp-content\/plugins\/booster-extension\/\/assets\/icon\/sad.svg\" alt=\"Sad\">\r\n                    <\/a>\r\n                    <div class=\"twp-reaction-title\">\r\n                        Sad                    <\/div>\r\n                    <div class=\"twp-count-percent\">\r\n                                                    <span style=\"display: none;\" class=\"twp-react-count\">0<\/span>\r\n                                                                        <span class=\"twp-react-percent\"><span>0<\/span> %<\/span>\r\n                                            <\/div>\r\n                <\/div>\r\n\r\n                <div class=\"twp-reacts-wrap\">\r\n                    <a react-data=\"be-react-3\" post-id=\"4764\" class=\"be-face-icons un-reacted\" href=\"javascript:void(0)\">\r\n                        <img decoding=\"async\" src=\"https:\/\/jornaloassobio.pt\/wp-content\/plugins\/booster-extension\/\/assets\/icon\/excited.svg\" alt=\"Excited\">\r\n                    <\/a>\r\n                    <div class=\"twp-reaction-title\">\r\n                        Excited                    <\/div>\r\n                    <div class=\"twp-count-percent\">\r\n                                                    <span style=\"display: none;\" class=\"twp-react-count\">0<\/span>\r\n                                                                        <span class=\"twp-react-percent\"><span>0<\/span> %<\/span>\r\n                                            <\/div>\r\n                <\/div>\r\n\r\n                <div class=\"twp-reacts-wrap\">\r\n                    <a react-data=\"be-react-6\" post-id=\"4764\" class=\"be-face-icons un-reacted\" href=\"javascript:void(0)\">\r\n                        <img decoding=\"async\" src=\"https:\/\/jornaloassobio.pt\/wp-content\/plugins\/booster-extension\/\/assets\/icon\/sleepy.svg\" alt=\"Sleepy\">\r\n                    <\/a>\r\n                    <div class=\"twp-reaction-title\">\r\n                        Sleepy                    <\/div>\r\n                    <div class=\"twp-count-percent\">\r\n                                                    <span style=\"display: none;\" class=\"twp-react-count\">0<\/span>\r\n                        \r\n                                                <span class=\"twp-react-percent\"><span>0<\/span> %<\/span>\r\n                                            <\/div>\r\n                <\/div>\r\n\r\n                <div class=\"twp-reacts-wrap\">\r\n                    <a react-data=\"be-react-4\" post-id=\"4764\" class=\"be-face-icons un-reacted\" href=\"javascript:void(0)\">\r\n                        <img decoding=\"async\" src=\"https:\/\/jornaloassobio.pt\/wp-content\/plugins\/booster-extension\/\/assets\/icon\/angry.svg\" alt=\"Angry\">\r\n                    <\/a>\r\n                    <div class=\"twp-reaction-title\">Angry<\/div>\r\n                    <div class=\"twp-count-percent\">\r\n                                                    <span style=\"display: none;\" class=\"twp-react-count\">0<\/span>\r\n                                                                        <span class=\"twp-react-percent\"><span>0<\/span> %<\/span>\r\n                        \r\n                    <\/div>\r\n                <\/div>\r\n\r\n                <div class=\"twp-reacts-wrap\">\r\n                    <a react-data=\"be-react-5\" post-id=\"4764\" class=\"be-face-icons un-reacted\" href=\"javascript:void(0)\">\r\n                        <img decoding=\"async\" src=\"https:\/\/jornaloassobio.pt\/wp-content\/plugins\/booster-extension\/\/assets\/icon\/surprise.svg\" alt=\"Surprise\">\r\n                    <\/a>\r\n                    <div class=\"twp-reaction-title\">Surprise<\/div>\r\n                    <div class=\"twp-count-percent\">\r\n                                                    <span style=\"display: none;\" class=\"twp-react-count\">0<\/span>\r\n                                                                        <span class=\"twp-react-percent\"><span>0<\/span> %<\/span>\r\n                                            <\/div>\r\n                <\/div>\r\n\r\n            <\/div>\r\n        <\/div>\r\n\r\n    ","protected":false},"excerpt":{"rendered":"<p>Ainda se lembra das Bibliotecas Itinerantes da Funda\u00e7\u00e3o Calouste Gulbenkian? Se pensa que j\u00e1 se extinguiram, engana-se. Sabe que existem atualmente 72 Bibliotecas Itinerantes a prestar servi\u00e7os de Biblioteca P\u00fablica Municipal \u00e0s popula\u00e7\u00f5es, em que 58 pertencem \u00e0 RNBP?\u00a0 Antigamente, era um servi\u00e7o prestado pelas carrinhas da Gulbenkian, mas agora \u00e9 da responsabilidade dos munic\u00edpios, [&hellip;]<\/p>\n","protected":false},"author":6,"featured_media":4766,"comment_status":"open","ping_status":"open","sticky":false,"template":"","format":"standard","meta":{"footnotes":""},"categories":[4],"tags":[],"class_list":["post-4764","post","type-post","status-publish","format-standard","has-post-thumbnail","hentry","category-noticias"],"_links":{"self":[{"href":"https:\/\/jornaloassobio.pt\/index.php?rest_route=\/wp\/v2\/posts\/4764","targetHints":{"allow":["GET"]}}],"collection":[{"href":"https:\/\/jornaloassobio.pt\/index.php?rest_route=\/wp\/v2\/posts"}],"about":[{"href":"https:\/\/jornaloassobio.pt\/index.php?rest_route=\/wp\/v2\/types\/post"}],"author":[{"embeddable":true,"href":"https:\/\/jornaloassobio.pt\/index.php?rest_route=\/wp\/v2\/users\/6"}],"replies":[{"embeddable":true,"href":"https:\/\/jornaloassobio.pt\/index.php?rest_route=%2Fwp%2Fv2%2Fcomments&post=4764"}],"version-history":[{"count":11,"href":"https:\/\/jornaloassobio.pt\/index.php?rest_route=\/wp\/v2\/posts\/4764\/revisions"}],"predecessor-version":[{"id":4780,"href":"https:\/\/jornaloassobio.pt\/index.php?rest_route=\/wp\/v2\/posts\/4764\/revisions\/4780"}],"wp:featuredmedia":[{"embeddable":true,"href":"https:\/\/jornaloassobio.pt\/index.php?rest_route=\/wp\/v2\/media\/4766"}],"wp:attachment":[{"href":"https:\/\/jornaloassobio.pt\/index.php?rest_route=%2Fwp%2Fv2%2Fmedia&parent=4764"}],"wp:term":[{"taxonomy":"category","embeddable":true,"href":"https:\/\/jornaloassobio.pt\/index.php?rest_route=%2Fwp%2Fv2%2Fcategories&post=4764"},{"taxonomy":"post_tag","embeddable":true,"href":"https:\/\/jornaloassobio.pt\/index.php?rest_route=%2Fwp%2Fv2%2Ftags&post=4764"}],"curies":[{"name":"wp","href":"https:\/\/api.w.org\/{rel}","templated":true}]}}