{"id":4781,"date":"2026-03-01T19:01:55","date_gmt":"2026-03-01T19:01:55","guid":{"rendered":"https:\/\/jornaloassobio.pt\/?p=4781"},"modified":"2026-03-02T14:08:07","modified_gmt":"2026-03-02T14:08:07","slug":"as-viagens-de-severim-de-faria","status":"publish","type":"post","link":"https:\/\/jornaloassobio.pt\/?p=4781","title":{"rendered":"AS (RARAS)VIAGENS DE SEVERIM DE FARIA"},"content":{"rendered":"<div class='booster-block booster-read-block'>\r\n                <div class=\"twp-read-time\">\r\n                \t<i class=\"booster-icon twp-clock\"><\/i> <span>Read Time:<\/span>4 Minute, 51 Second                <\/div>\r\n\r\n            <\/div><div class=\"wrap-containers\">\n<div class=\"main-container container js-quickedit-main-content clearfix\" role=\"main\">\n<div class=\"row\">\n<section class=\"col-sm-12\">\n<div class=\"region region-content\">\n<article class=\"entries is-promoted is-sticky full clearfix node\" data-history-node-id=\"5186\">\n<div class=\"content\">\n<div><img loading=\"lazy\" decoding=\"async\" class=\"size-medium wp-image-4783 alignright\" src=\"https:\/\/jornaloassobio.pt\/wp-content\/uploads\/2026\/03\/portrait-of-joo-de-barros-1496-1570-1624-creator-faria-manuel-severim-de-1583-1655-T3KBJB-261x300.jpg\" alt=\"\" width=\"261\" height=\"300\" srcset=\"https:\/\/jornaloassobio.pt\/wp-content\/uploads\/2026\/03\/portrait-of-joo-de-barros-1496-1570-1624-creator-faria-manuel-severim-de-1583-1655-T3KBJB-261x300.jpg 261w, https:\/\/jornaloassobio.pt\/wp-content\/uploads\/2026\/03\/portrait-of-joo-de-barros-1496-1570-1624-creator-faria-manuel-severim-de-1583-1655-T3KBJB-890x1024.jpg 890w, https:\/\/jornaloassobio.pt\/wp-content\/uploads\/2026\/03\/portrait-of-joo-de-barros-1496-1570-1624-creator-faria-manuel-severim-de-1583-1655-T3KBJB-768x884.jpg 768w, https:\/\/jornaloassobio.pt\/wp-content\/uploads\/2026\/03\/portrait-of-joo-de-barros-1496-1570-1624-creator-faria-manuel-severim-de-1583-1655-T3KBJB.jpg 1208w\" sizes=\"auto, (max-width: 261px) 100vw, 261px\" \/><\/div>\n<div><\/div>\n<div class=\"field field--name-body field--type-text-with-summary field--label-hidden field--item\"><span style=\"color: #000000;\"><strong>Severim de Faria<\/strong> ter\u00e1 nascido em 1584. Tendo sido educado e <strong>vivido sob a monarquia filipina<\/strong> (1580-1640), foi <strong>not\u00e1vel figura da Igreja<\/strong>, <strong>insigne erudito,<\/strong> tendo deixado in\u00fameros <strong>textos de car\u00e1cter religioso e laico<\/strong>.<\/span><\/div>\n<div class=\"field field--name-body field--type-text-with-summary field--label-hidden field--item\"><span style=\"color: #000000;\">Com uma <strong>ascend\u00eancia ilustre<\/strong>, foi junto de seu tio materno Baltasar de Faria Severim, c\u00f3nego e chantre na S\u00e9 de \u00c9vora, que recebeu educa\u00e7\u00e3o e se formou.\u00a0<\/span><span style=\"color: #000000;\">Frequentou a <strong>Universidade Jesu\u00edtica de \u00c9vora,<\/strong> onde obteve o <strong>mestrado em Artes<\/strong> e o <strong>doutoramento em Teologia<\/strong> (1606). Por ren\u00fancia de seu tio, \u00e9 nomeado <strong>c\u00f3nego da S\u00e9 de \u00c9vora<\/strong> (1608) e, mais tarde, toma posse do Chantrado (1609). Durante a sua vida, prossegue os estudos e investiga\u00e7\u00e3o em Teologia, Hist\u00f3ria, Pol\u00edtica, Geografia e Genealogia. <strong>Evidencia gosto particular pela Arqueologia, Numism\u00e1tica e Bibliofilia<\/strong>.<\/span><\/div>\n<div class=\"field field--name-body field--type-text-with-summary field--label-hidden field--item\"><span style=\"color: #000000;\">Re\u00fane livros e documentos manuscritos, entre os quais o manuscrito original da <strong>Cr\u00f3nica de D. Afonso<\/strong> <strong>Henriques,<\/strong> <strong>de Andr\u00e9 de Resende<\/strong> (MACHADO 1752 : 369), obras do Infante D. Pedro, filho de D. Jo\u00e3o I, obras em japon\u00eas do dominicano espanhol Frei Lu\u00eds de Granada, papiros do Egipto e livros chineses , certamente dos primeiros textos chineses a chegar \u00e0 Europa. <\/span><strong style=\"color: #000000;\">A livraria,<\/strong><span style=\"color: #000000;\"> assim constitu\u00edda, <\/span><strong style=\"color: #000000;\">torna-se famosa<\/strong><span style=\"color: #000000;\"> n\u00e3o pela quantidade mas pela qualidade. Ap\u00f3s a sua morte, perdeu-se o rasto \u00e0s antiguidades enquanto a biblioteca foi incorporada na biblioteca do Conde do Vimieiro a quem o ligavam la\u00e7os de fam\u00edlia, <\/span><strong style=\"color: #000000;\">biblioteca que foi uma das mais importantes do s\u00e9c. XVII<\/strong> <strong style=\"color: #000000;\">e seria parcialmente consumida com o inc\u00eandio subsequente ao Terramoto de 1755<\/strong><span style=\"color: #000000;\">.<\/span><\/div>\n<div class=\"field field--name-body field--type-text-with-summary field--label-hidden field--item\">\n<p><span style=\"color: #000000;\"><strong>Esp\u00edrito aberto e interrogador<\/strong>, consultou arquivos, cart\u00f3rios e documentos, manteve contacto com eruditos, mission\u00e1rios e viajantes, <strong>mantendo-se informado e atualizado, sem sair de \u00c9vora<\/strong>. A correspond\u00eancia, por exemplo, que trocou com o seu irm\u00e3o Frei Crist\u00f3v\u00e3o de Lisboa, franciscano e mission\u00e1rio no Maranh\u00e3o, cuja obra manuscrita <strong>Historia dos animaes e arvores do Maranh\u00e3o<\/strong>, escrita entre 1624 e 1627, constitui a <strong>primeira descri\u00e7\u00e3o da<\/strong> <strong>fauna e flora brasilianas<\/strong>, regista esse <strong>contacto indireto com o mundo<\/strong>. As cartas trazem-lhe as novidades de uma natureza desconhecida mas tamb\u00e9m de outros povos, usos e costumes e como os Portugueses a eles se adaptavam.<\/span><\/p>\n<\/div>\n<div class=\"field field--name-body field--type-text-with-summary field--label-hidden field--item\"><span style=\"color: #000000;\"><strong>Embora Severim de Faria n\u00e3o fosse dado a viajar, em<\/strong> <strong>Sobre a Peregrina\u00e7\u00e3o<\/strong> <strong>reconhece algumas<\/strong> <strong>vantagens<\/strong> que descreve de forma concisa: &#8221; s\u00f3 por raz\u00e3o de alcan\u00e7ar as ci\u00eancias, e artes necess\u00e1rias ao comum, e particular, se deve sair da p\u00e1tria &#8221; acrescentando como \u00e9 in\u00fatil ir para longe quando ao p\u00e9 da porta se acha o que se procura, em concreto as universidades: &#8221;\u00a0 <strong>Foram poucas as viagens que Severim de Faria concretizou: em 1604 ao grande Santu\u00e1rio de Guadalupe (Espanha), em 1609 a Miranda do Douro e em 1625 a Ma\u00e7\u00e3s de Dona Maria (Tomar) das quais resultaram relatos muito vivos e informativos para o conhecimento da realidade portuguesa, verdadeiros di\u00e1rios de viagem.<\/strong><\/span><\/div>\n<div class=\"field field--name-body field--type-text-with-summary field--label-hidden field--item\">\n<p><span style=\"color: #000000;\">\u00a0Severim de Faria \u00e9 um \u00faltimo representante de um certo <strong>esp\u00edrito renascentista<\/strong> enquanto j\u00e1 denota caracter\u00edsticas que marcar\u00e3o os anos de setecentos: a <strong>curiosidade<\/strong> comprovada pelos factos, a <strong>partilha do conhecimento<\/strong> com os outros, a <strong>capacidade de ouvir e contrapo<\/strong>r. Um percurso que se fez sob a \u00e9gide dos Filipes, dom\u00ednio com o qual aparenta concordar, a fazer f\u00e9 na proposta que adiantou para a reorganiza\u00e7\u00e3o do Imp\u00e9rio, ju\u00edzo que, de imediato, se pode questionar, tendo presente a forma insofism\u00e1vel como apoiou a subida ao poder de D. Jo\u00e3o IV, em 1640.<\/span><\/p>\n<p><span style=\"color: #000000;\"><b>Bibliografia:<\/b><\/span><br \/>\n<span style=\"color: #000000;\">FARIA, Manuel Severim de, Discursos V\u00e1rios Pol\u00edticos. Introdu\u00e7\u00e3o, atualiza\u00e7\u00e3o e notas de Maria Leonor Soares Albergaria Vieira. Lisboa: Imprensa Nacional-Casa da Moeda, 1999. LV, 205 p. FARIA, Manuel Severim de, Not\u00edcias de Portugal. Introdu\u00e7\u00e3o, atualiza\u00e7\u00e3o e notas de Francisco Ant\u00f3nio Louren\u00e7o Vaz. Lisboa : Edi\u00e7\u00f5es Colibri, 2003. XXVIII, 316, [1] p. MACHADO, Diogo Barbosa, Bibliotheca Lusitana Hist\u00f3rica, Critica, e Cronol\u00f3gica. Lisboa : Na Officina de Ignacio Rodrigues, 1741-1759. 4 v. (v. 3, 1752, p. 368-374). SERR\u00c3O, Joaquim Ver\u00edssimo, Viagens em Portugal de Manuel Severim de Faria: 1604-1609-1625. Lisboa: Academia Portuguesa de Hist\u00f3ria, 1974. 155 p., [3] mapas desd. (Subs\u00eddios para a Hist\u00f3ria Portuguesa; 12). SILVA, Joaquim Palminha, Manuel Severim de Faria, o mais douto portugu\u00eas do seu tempo. Ensaio biogr\u00e1fico. \u00c9vora: A Defesa, 2003. 61, [2] p. SOUSA, Lu\u00eds Filipe Marques de, &#8220;Frei Crist\u00f3v\u00e3o de Lisboa e a sua correspond\u00eancia com Manuel Severim de Faria, seu irm\u00e3o&#8221;. In Atas. Congresso de Hist\u00f3ria no IV Centen\u00e1rio do Semin\u00e1rio de \u00c9vora, 1994. \u00c9vora: Instituto Superior de Teologia, 1994. 2 v. (v. 2, p. 127-141).<\/span><br \/>\n<img loading=\"lazy\" decoding=\"async\" class=\"wp-image-4782 aligncenter\" src=\"https:\/\/jornaloassobio.pt\/wp-content\/uploads\/2026\/03\/site-300x289.jpg\" alt=\"\" width=\"375\" height=\"361\" srcset=\"https:\/\/jornaloassobio.pt\/wp-content\/uploads\/2026\/03\/site-300x289.jpg 300w, https:\/\/jornaloassobio.pt\/wp-content\/uploads\/2026\/03\/site-1024x987.jpg 1024w, https:\/\/jornaloassobio.pt\/wp-content\/uploads\/2026\/03\/site-768x740.jpg 768w, https:\/\/jornaloassobio.pt\/wp-content\/uploads\/2026\/03\/site-1536x1480.jpg 1536w, https:\/\/jornaloassobio.pt\/wp-content\/uploads\/2026\/03\/site.jpg 1549w\" sizes=\"auto, (max-width: 375px) 100vw, 375px\" \/><\/p>\n<\/div>\n<\/div>\n<\/article>\n<\/div>\n<\/section>\n<\/div>\n<\/div>\n<\/div>\n<p>VERISSIMO SERRAO, JOAQUIM (1974)<strong>\u00a0VIAGENS EM PORTUGAL DE MANUEL SEVERIM DE FARIA 1604-1609-1625.\u00a0<\/strong>LISBOA: ACADEMIA PORTUGUESA DA HIST\u00d3RIA. DE 25X20 CM. COM 155 P\u00c1GS., [3] FLS. DESD. B.<\/p>\n<p><span style=\"color: #000000;\">Publica\u00e7\u00e3o de tr\u00eas valiosos relatos de viagens por Portugal de Severim de Faria acompanhados de coment\u00e1rios hist\u00f3ricos.<\/span><\/p>\n<p><span style=\"color: #000000;\">\u201cNo per\u00edodo final do Renascimento, quem se deslocava no interior de Portugal n\u00e3o sentia a necessidade de gravar as impress\u00f5es colhidas, como se a viagem fosse apenas um atrativo para os olhos, mas ainda n\u00e3o se impusesse como enriquecimento para o esp\u00edrito. Ora, <strong>uma atitude diferente \u00e9 tomada por Severim de Faria<\/strong>, o que nos permitiu elevar a sua originalidade e consider\u00e1-lo o <strong>primeiro cronista de viagens que houve em Portugal<\/strong>. (\u2026) O <strong>viajante de \u00c9vora<\/strong> n\u00e3o esconde, nas suas p\u00e1ginas, o amor que consagrava \u00e0 Terra Portuguesa. Em pleno dom\u00ednio dos Filipes, as suas andan\u00e7as por terras do Alentejo a Tr\u00e1s-os-Montes davam-lhe a consci\u00eancia da unidade do Reino, de uma P\u00e1tria que n\u00e3o fora retalhada no seu quadro geogr\u00e1fico e nas suas formas de vida. (\u2026) Sulcando estradas, visitando povoa\u00e7\u00f5es e admirando paisagens, <strong>Severim de Faria sente o apego do Homem portugu\u00eas pela<\/strong> <strong>Terra que lhe pertence<\/strong>. Tais as raz\u00f5es que fazem dos relatos de viagem do Chantre de \u00c9vora uma <strong>fonte de real import\u00e2ncia para se conhecer o Portugal coevo.&#8221;<\/strong><\/span><\/p>\n<p><span style=\"color: #000000;\">In https:\/\/eve.fcsh.unl.pt\/pt\/pessoas\/manuel-severim-de-faria-lisboa-1583-evora-1655, consultado em 1\/3\/2026<\/span><\/p>\n        <div class=\"booster-block booster-reactions-block\">\r\n            <div class=\"twp-reactions-icons\">\r\n                \r\n                <div class=\"twp-reacts-wrap\">\r\n                    <a react-data=\"be-react-1\" post-id=\"4781\" class=\"be-face-icons un-reacted\" href=\"javascript:void(0)\">\r\n                        <img decoding=\"async\" src=\"https:\/\/jornaloassobio.pt\/wp-content\/plugins\/booster-extension\/\/assets\/icon\/happy.svg\" alt=\"Happy\">\r\n                    <\/a>\r\n                    <div class=\"twp-reaction-title\">\r\n                        Happy                    <\/div>\r\n                    <div class=\"twp-count-percent\">\r\n                                                    <span style=\"display: none;\" class=\"twp-react-count\">0<\/span>\r\n                        \r\n                                                <span class=\"twp-react-percent\"><span>0<\/span> %<\/span>\r\n                                            <\/div>\r\n                <\/div>\r\n\r\n                <div class=\"twp-reacts-wrap\">\r\n                    <a react-data=\"be-react-2\" post-id=\"4781\" class=\"be-face-icons un-reacted\" href=\"javascript:void(0)\">\r\n                        <img decoding=\"async\" src=\"https:\/\/jornaloassobio.pt\/wp-content\/plugins\/booster-extension\/\/assets\/icon\/sad.svg\" alt=\"Sad\">\r\n                    <\/a>\r\n                    <div class=\"twp-reaction-title\">\r\n                        Sad                    <\/div>\r\n                    <div class=\"twp-count-percent\">\r\n                                                    <span style=\"display: none;\" class=\"twp-react-count\">0<\/span>\r\n                                                                        <span class=\"twp-react-percent\"><span>0<\/span> %<\/span>\r\n                                            <\/div>\r\n                <\/div>\r\n\r\n                <div class=\"twp-reacts-wrap\">\r\n                    <a react-data=\"be-react-3\" post-id=\"4781\" class=\"be-face-icons un-reacted\" href=\"javascript:void(0)\">\r\n                        <img decoding=\"async\" src=\"https:\/\/jornaloassobio.pt\/wp-content\/plugins\/booster-extension\/\/assets\/icon\/excited.svg\" alt=\"Excited\">\r\n                    <\/a>\r\n                    <div class=\"twp-reaction-title\">\r\n                        Excited                    <\/div>\r\n                    <div class=\"twp-count-percent\">\r\n                                                    <span style=\"display: none;\" class=\"twp-react-count\">0<\/span>\r\n                                                                        <span class=\"twp-react-percent\"><span>0<\/span> %<\/span>\r\n                                            <\/div>\r\n                <\/div>\r\n\r\n                <div class=\"twp-reacts-wrap\">\r\n                    <a react-data=\"be-react-6\" post-id=\"4781\" class=\"be-face-icons un-reacted\" href=\"javascript:void(0)\">\r\n                        <img decoding=\"async\" src=\"https:\/\/jornaloassobio.pt\/wp-content\/plugins\/booster-extension\/\/assets\/icon\/sleepy.svg\" alt=\"Sleepy\">\r\n                    <\/a>\r\n                    <div class=\"twp-reaction-title\">\r\n                        Sleepy                    <\/div>\r\n                    <div class=\"twp-count-percent\">\r\n                                                    <span style=\"display: none;\" class=\"twp-react-count\">0<\/span>\r\n                        \r\n                                                <span class=\"twp-react-percent\"><span>0<\/span> %<\/span>\r\n                                            <\/div>\r\n                <\/div>\r\n\r\n                <div class=\"twp-reacts-wrap\">\r\n                    <a react-data=\"be-react-4\" post-id=\"4781\" class=\"be-face-icons un-reacted\" href=\"javascript:void(0)\">\r\n                        <img decoding=\"async\" src=\"https:\/\/jornaloassobio.pt\/wp-content\/plugins\/booster-extension\/\/assets\/icon\/angry.svg\" alt=\"Angry\">\r\n                    <\/a>\r\n                    <div class=\"twp-reaction-title\">Angry<\/div>\r\n                    <div class=\"twp-count-percent\">\r\n                                                    <span style=\"display: none;\" class=\"twp-react-count\">0<\/span>\r\n                                                                        <span class=\"twp-react-percent\"><span>0<\/span> %<\/span>\r\n                        \r\n                    <\/div>\r\n                <\/div>\r\n\r\n                <div class=\"twp-reacts-wrap\">\r\n                    <a react-data=\"be-react-5\" post-id=\"4781\" class=\"be-face-icons un-reacted\" href=\"javascript:void(0)\">\r\n                        <img decoding=\"async\" src=\"https:\/\/jornaloassobio.pt\/wp-content\/plugins\/booster-extension\/\/assets\/icon\/surprise.svg\" alt=\"Surprise\">\r\n                    <\/a>\r\n                    <div class=\"twp-reaction-title\">Surprise<\/div>\r\n                    <div class=\"twp-count-percent\">\r\n                                                    <span style=\"display: none;\" class=\"twp-react-count\">0<\/span>\r\n                                                                        <span class=\"twp-react-percent\"><span>0<\/span> %<\/span>\r\n                                            <\/div>\r\n                <\/div>\r\n\r\n            <\/div>\r\n        <\/div>\r\n\r\n    ","protected":false},"excerpt":{"rendered":"<p>Severim de Faria ter\u00e1 nascido em 1584. Tendo sido educado e vivido sob a monarquia filipina (1580-1640), foi not\u00e1vel figura da Igreja, insigne erudito, tendo deixado in\u00fameros textos de car\u00e1cter religioso e laico. Com uma ascend\u00eancia ilustre, foi junto de seu tio materno Baltasar de Faria Severim, c\u00f3nego e chantre na S\u00e9 de \u00c9vora, que [&hellip;]<\/p>\n","protected":false},"author":6,"featured_media":4782,"comment_status":"open","ping_status":"open","sticky":false,"template":"","format":"standard","meta":{"footnotes":""},"categories":[4],"tags":[],"class_list":["post-4781","post","type-post","status-publish","format-standard","has-post-thumbnail","hentry","category-noticias"],"_links":{"self":[{"href":"https:\/\/jornaloassobio.pt\/index.php?rest_route=\/wp\/v2\/posts\/4781","targetHints":{"allow":["GET"]}}],"collection":[{"href":"https:\/\/jornaloassobio.pt\/index.php?rest_route=\/wp\/v2\/posts"}],"about":[{"href":"https:\/\/jornaloassobio.pt\/index.php?rest_route=\/wp\/v2\/types\/post"}],"author":[{"embeddable":true,"href":"https:\/\/jornaloassobio.pt\/index.php?rest_route=\/wp\/v2\/users\/6"}],"replies":[{"embeddable":true,"href":"https:\/\/jornaloassobio.pt\/index.php?rest_route=%2Fwp%2Fv2%2Fcomments&post=4781"}],"version-history":[{"count":12,"href":"https:\/\/jornaloassobio.pt\/index.php?rest_route=\/wp\/v2\/posts\/4781\/revisions"}],"predecessor-version":[{"id":4807,"href":"https:\/\/jornaloassobio.pt\/index.php?rest_route=\/wp\/v2\/posts\/4781\/revisions\/4807"}],"wp:featuredmedia":[{"embeddable":true,"href":"https:\/\/jornaloassobio.pt\/index.php?rest_route=\/wp\/v2\/media\/4782"}],"wp:attachment":[{"href":"https:\/\/jornaloassobio.pt\/index.php?rest_route=%2Fwp%2Fv2%2Fmedia&parent=4781"}],"wp:term":[{"taxonomy":"category","embeddable":true,"href":"https:\/\/jornaloassobio.pt\/index.php?rest_route=%2Fwp%2Fv2%2Fcategories&post=4781"},{"taxonomy":"post_tag","embeddable":true,"href":"https:\/\/jornaloassobio.pt\/index.php?rest_route=%2Fwp%2Fv2%2Ftags&post=4781"}],"curies":[{"name":"wp","href":"https:\/\/api.w.org\/{rel}","templated":true}]}}