{"id":4796,"date":"2026-03-02T13:53:04","date_gmt":"2026-03-02T13:53:04","guid":{"rendered":"https:\/\/jornaloassobio.pt\/?p=4796"},"modified":"2026-03-02T13:55:31","modified_gmt":"2026-03-02T13:55:31","slug":"semana-de-s-valentim-amor-ao-proximo-em-s-mamede","status":"publish","type":"post","link":"https:\/\/jornaloassobio.pt\/?p=4796","title":{"rendered":"SEMANA DE S. VALENTIM &#8211; AMOR AO PR\u00d3XIMO EM S. MAMEDE"},"content":{"rendered":"<div class='booster-block booster-read-block'>\r\n                <div class=\"twp-read-time\">\r\n                \t<i class=\"booster-icon twp-clock\"><\/i> <span>Read Time:<\/span>1 Minute, 14 Second                <\/div>\r\n\r\n            <\/div><p>&nbsp;<\/p>\n<p><img loading=\"lazy\" decoding=\"async\" class=\"aligncenter\" src=\"https:\/\/aeseverim.pt\/wp-content\/uploads\/2026\/02\/IMG_0714-150x150.jpeg\" width=\"292\" height=\"292\" \/><img decoding=\"async\" class=\"alignright\" src=\"https:\/\/aeseverim.pt\/wp-content\/uploads\/2026\/02\/IMG_0716-150x150.jpeg\" \/><\/p>\n<p><span style=\"color: #000000;\">A semana que antecedeu o Carnaval foi especialmente animada na <strong>Escola B\u00e1sica de S\u00e3o Mamede<\/strong>. A celebra\u00e7\u00e3o do <strong>Dia de S\u00e3o Valentim,<\/strong> integrada no Plano Anual de Atividades da disciplina de Ingl\u00eas do 1.\u00ba Ciclo, contou com um programa diversificado que decorreu entre os dias 9 e 13 de fevereiro.<\/span><\/p>\n<p><span style=\"color: #000000;\">Ao longo da semana, todos os alunos participaram com entusiasmo na iniciativa \u201c<strong>Correspond\u00eancia da Amizade<\/strong>\u201d, depositando as suas cartas no marco do correio preparado para o efeito. A comunidade escolar aderiu tamb\u00e9m \u00e0s atividades tem\u00e1ticas propostas, como o \u201c<strong>Hug Day<\/strong>\u201d (Dia do Abra\u00e7o) e o \u201c<strong>Flower Day<\/strong>\u201d (Dia da Flor), promovendo gestos simples, mas cheios de significado.<\/span><\/p>\n<p><span style=\"color: #000000;\">As comemora\u00e7\u00f5es culminaram na sexta-feira de Carnaval com o <strong>sorteio de dois cabazes de alimentos<\/strong>, generosamente doados pela comunidade escolar. <strong>O valor angariado atrav\u00e9s da venda de rifas foi entregue a Rui Cebola, membro da nossa comunidade educativa que foi v\u00edtima de um tr\u00e1gico acidente de via\u00e7\u00e3o.<\/strong><\/span><\/p>\n<p><span style=\"color: #000000;\">Estas iniciativas destacaram-se pelos seus in\u00fameros aspetos positivos, incentivando a <strong>express\u00e3o de gratid\u00e3o e afeto<\/strong>, bem como a <strong>promo\u00e7\u00e3o da empatia, da solidariedade e do amor ao<\/strong> <strong>pr\u00f3ximo<\/strong>. Simultaneamente, os alunos tiveram a oportunidade de contactar com elementos importantes da cultura inglesa, refor\u00e7ando as aprendizagens realizadas em contexto de sala de aula. <strong>A escola agradece profundamente a colabora\u00e7\u00e3o de toda a comunidade escolar, em especial aos encarregados de educa\u00e7\u00e3o pela participa\u00e7\u00e3o na venda de rifas, e \u00e0 empresa Aernnova de \u00c9vora pela generosa oferta de um cabaz completo.<\/strong><\/span><\/p>\n        <div class=\"booster-block booster-reactions-block\">\r\n            <div class=\"twp-reactions-icons\">\r\n                \r\n                <div class=\"twp-reacts-wrap\">\r\n                    <a react-data=\"be-react-1\" post-id=\"4796\" class=\"be-face-icons un-reacted\" href=\"javascript:void(0)\">\r\n                        <img decoding=\"async\" src=\"https:\/\/jornaloassobio.pt\/wp-content\/plugins\/booster-extension\/\/assets\/icon\/happy.svg\" alt=\"Happy\">\r\n                    <\/a>\r\n                    <div class=\"twp-reaction-title\">\r\n                        Happy                    <\/div>\r\n                    <div class=\"twp-count-percent\">\r\n                                                    <span style=\"display: none;\" class=\"twp-react-count\">0<\/span>\r\n                        \r\n                                                <span class=\"twp-react-percent\"><span>0<\/span> %<\/span>\r\n                                            <\/div>\r\n                <\/div>\r\n\r\n                <div class=\"twp-reacts-wrap\">\r\n                    <a react-data=\"be-react-2\" post-id=\"4796\" class=\"be-face-icons un-reacted\" href=\"javascript:void(0)\">\r\n                        <img decoding=\"async\" src=\"https:\/\/jornaloassobio.pt\/wp-content\/plugins\/booster-extension\/\/assets\/icon\/sad.svg\" alt=\"Sad\">\r\n                    <\/a>\r\n                    <div class=\"twp-reaction-title\">\r\n                        Sad                    <\/div>\r\n                    <div class=\"twp-count-percent\">\r\n                                                    <span style=\"display: none;\" class=\"twp-react-count\">0<\/span>\r\n                                                                        <span class=\"twp-react-percent\"><span>0<\/span> %<\/span>\r\n                                            <\/div>\r\n                <\/div>\r\n\r\n                <div class=\"twp-reacts-wrap\">\r\n                    <a react-data=\"be-react-3\" post-id=\"4796\" class=\"be-face-icons un-reacted\" href=\"javascript:void(0)\">\r\n                        <img decoding=\"async\" src=\"https:\/\/jornaloassobio.pt\/wp-content\/plugins\/booster-extension\/\/assets\/icon\/excited.svg\" alt=\"Excited\">\r\n                    <\/a>\r\n                    <div class=\"twp-reaction-title\">\r\n                        Excited                    <\/div>\r\n                    <div class=\"twp-count-percent\">\r\n                                                    <span style=\"display: none;\" class=\"twp-react-count\">0<\/span>\r\n                                                                        <span class=\"twp-react-percent\"><span>0<\/span> %<\/span>\r\n                                            <\/div>\r\n                <\/div>\r\n\r\n                <div class=\"twp-reacts-wrap\">\r\n                    <a react-data=\"be-react-6\" post-id=\"4796\" class=\"be-face-icons un-reacted\" href=\"javascript:void(0)\">\r\n                        <img decoding=\"async\" src=\"https:\/\/jornaloassobio.pt\/wp-content\/plugins\/booster-extension\/\/assets\/icon\/sleepy.svg\" alt=\"Sleepy\">\r\n                    <\/a>\r\n                    <div class=\"twp-reaction-title\">\r\n                        Sleepy                    <\/div>\r\n                    <div class=\"twp-count-percent\">\r\n                                                    <span style=\"display: none;\" class=\"twp-react-count\">0<\/span>\r\n                        \r\n                                                <span class=\"twp-react-percent\"><span>0<\/span> %<\/span>\r\n                                            <\/div>\r\n                <\/div>\r\n\r\n                <div class=\"twp-reacts-wrap\">\r\n                    <a react-data=\"be-react-4\" post-id=\"4796\" class=\"be-face-icons un-reacted\" href=\"javascript:void(0)\">\r\n                        <img decoding=\"async\" src=\"https:\/\/jornaloassobio.pt\/wp-content\/plugins\/booster-extension\/\/assets\/icon\/angry.svg\" alt=\"Angry\">\r\n                    <\/a>\r\n                    <div class=\"twp-reaction-title\">Angry<\/div>\r\n                    <div class=\"twp-count-percent\">\r\n                                                    <span style=\"display: none;\" class=\"twp-react-count\">0<\/span>\r\n                                                                        <span class=\"twp-react-percent\"><span>0<\/span> %<\/span>\r\n                        \r\n                    <\/div>\r\n                <\/div>\r\n\r\n                <div class=\"twp-reacts-wrap\">\r\n                    <a react-data=\"be-react-5\" post-id=\"4796\" class=\"be-face-icons un-reacted\" href=\"javascript:void(0)\">\r\n                        <img decoding=\"async\" src=\"https:\/\/jornaloassobio.pt\/wp-content\/plugins\/booster-extension\/\/assets\/icon\/surprise.svg\" alt=\"Surprise\">\r\n                    <\/a>\r\n                    <div class=\"twp-reaction-title\">Surprise<\/div>\r\n                    <div class=\"twp-count-percent\">\r\n                                                    <span style=\"display: none;\" class=\"twp-react-count\">0<\/span>\r\n                                                                        <span class=\"twp-react-percent\"><span>0<\/span> %<\/span>\r\n                                            <\/div>\r\n                <\/div>\r\n\r\n            <\/div>\r\n        <\/div>\r\n\r\n    ","protected":false},"excerpt":{"rendered":"<p>&nbsp; A semana que antecedeu o Carnaval foi especialmente animada na Escola B\u00e1sica de S\u00e3o Mamede. A celebra\u00e7\u00e3o do Dia de S\u00e3o Valentim, integrada no Plano Anual de Atividades da disciplina de Ingl\u00eas do 1.\u00ba Ciclo, contou com um programa diversificado que decorreu entre os dias 9 e 13 de fevereiro. Ao longo da semana, [&hellip;]<\/p>\n","protected":false},"author":6,"featured_media":4799,"comment_status":"open","ping_status":"open","sticky":false,"template":"","format":"standard","meta":{"footnotes":""},"categories":[4],"tags":[],"class_list":["post-4796","post","type-post","status-publish","format-standard","has-post-thumbnail","hentry","category-noticias"],"_links":{"self":[{"href":"https:\/\/jornaloassobio.pt\/index.php?rest_route=\/wp\/v2\/posts\/4796","targetHints":{"allow":["GET"]}}],"collection":[{"href":"https:\/\/jornaloassobio.pt\/index.php?rest_route=\/wp\/v2\/posts"}],"about":[{"href":"https:\/\/jornaloassobio.pt\/index.php?rest_route=\/wp\/v2\/types\/post"}],"author":[{"embeddable":true,"href":"https:\/\/jornaloassobio.pt\/index.php?rest_route=\/wp\/v2\/users\/6"}],"replies":[{"embeddable":true,"href":"https:\/\/jornaloassobio.pt\/index.php?rest_route=%2Fwp%2Fv2%2Fcomments&post=4796"}],"version-history":[{"count":2,"href":"https:\/\/jornaloassobio.pt\/index.php?rest_route=\/wp\/v2\/posts\/4796\/revisions"}],"predecessor-version":[{"id":4798,"href":"https:\/\/jornaloassobio.pt\/index.php?rest_route=\/wp\/v2\/posts\/4796\/revisions\/4798"}],"wp:featuredmedia":[{"embeddable":true,"href":"https:\/\/jornaloassobio.pt\/index.php?rest_route=\/wp\/v2\/media\/4799"}],"wp:attachment":[{"href":"https:\/\/jornaloassobio.pt\/index.php?rest_route=%2Fwp%2Fv2%2Fmedia&parent=4796"}],"wp:term":[{"taxonomy":"category","embeddable":true,"href":"https:\/\/jornaloassobio.pt\/index.php?rest_route=%2Fwp%2Fv2%2Fcategories&post=4796"},{"taxonomy":"post_tag","embeddable":true,"href":"https:\/\/jornaloassobio.pt\/index.php?rest_route=%2Fwp%2Fv2%2Ftags&post=4796"}],"curies":[{"name":"wp","href":"https:\/\/api.w.org\/{rel}","templated":true}]}}