{"id":4800,"date":"2026-03-02T14:05:43","date_gmt":"2026-03-02T14:05:43","guid":{"rendered":"https:\/\/jornaloassobio.pt\/?p=4800"},"modified":"2026-03-02T14:06:07","modified_gmt":"2026-03-02T14:06:07","slug":"portugal-na-ue-literacia-europeia-em-destaque-na-essf","status":"publish","type":"post","link":"https:\/\/jornaloassobio.pt\/?p=4800","title":{"rendered":"PORTUGAL NA UE &#8211; LITERACIA EUROPEIA EM DESTAQUE NA ESSF"},"content":{"rendered":"<div class='booster-block booster-read-block'>\r\n                <div class=\"twp-read-time\">\r\n                \t<i class=\"booster-icon twp-clock\"><\/i> <span>Read Time:<\/span>51 Second                <\/div>\r\n\r\n            <\/div><p><img loading=\"lazy\" decoding=\"async\" class=\" wp-image-4801 aligncenter\" src=\"https:\/\/jornaloassobio.pt\/wp-content\/uploads\/2026\/03\/IMG_5688-scaled-1024x768-1-300x225.jpeg\" alt=\"\" width=\"331\" height=\"248\" srcset=\"https:\/\/jornaloassobio.pt\/wp-content\/uploads\/2026\/03\/IMG_5688-scaled-1024x768-1-300x225.jpeg 300w, https:\/\/jornaloassobio.pt\/wp-content\/uploads\/2026\/03\/IMG_5688-scaled-1024x768-1-768x576.jpeg 768w, https:\/\/jornaloassobio.pt\/wp-content\/uploads\/2026\/03\/IMG_5688-scaled-1024x768-1.jpeg 1024w\" sizes=\"auto, (max-width: 331px) 100vw, 331px\" \/><img loading=\"lazy\" decoding=\"async\" class=\"size-medium wp-image-4802 alignright\" src=\"https:\/\/jornaloassobio.pt\/wp-content\/uploads\/2026\/03\/WhatsApp-Image-2026-01-09-at-19.43.34-768x1024-1-225x300.jpeg\" alt=\"\" width=\"225\" height=\"300\" srcset=\"https:\/\/jornaloassobio.pt\/wp-content\/uploads\/2026\/03\/WhatsApp-Image-2026-01-09-at-19.43.34-768x1024-1-225x300.jpeg 225w, https:\/\/jornaloassobio.pt\/wp-content\/uploads\/2026\/03\/WhatsApp-Image-2026-01-09-at-19.43.34-768x1024-1.jpeg 768w\" sizes=\"auto, (max-width: 225px) 100vw, 225px\" \/><img loading=\"lazy\" decoding=\"async\" class=\"size-medium wp-image-4803 alignright\" src=\"https:\/\/jornaloassobio.pt\/wp-content\/uploads\/2026\/03\/WhatsApp-Image-2026-01-09-at-19.43.34-1-768x1024-1-225x300.jpeg\" alt=\"\" width=\"225\" height=\"300\" srcset=\"https:\/\/jornaloassobio.pt\/wp-content\/uploads\/2026\/03\/WhatsApp-Image-2026-01-09-at-19.43.34-1-768x1024-1-225x300.jpeg 225w, https:\/\/jornaloassobio.pt\/wp-content\/uploads\/2026\/03\/WhatsApp-Image-2026-01-09-at-19.43.34-1-768x1024-1.jpeg 768w\" sizes=\"auto, (max-width: 225px) 100vw, 225px\" \/><\/p>\n<p><span style=\"color: #000000;\">No \u00e2mbito da nossa miss\u00e3o como <strong>Escola Embaixadora do Parlamento Europeu<\/strong> (#EPAS), as turmas <strong>11.\u00ba CT2, 12.\u00ba LH1 e 12.\u00ba LH2<\/strong> aprofundaram conhecimentos sobre a Uni\u00e3o Europeia!<\/span><\/p>\n<p><span style=\"color: #000000;\">Em parceria com o <strong>NERIU\u00c9<\/strong> \u2013 <strong>N\u00facleo de Estudantes de Rela\u00e7\u00f5es Internacionais da Universidade de \u00c9vora<\/strong> e a <strong>FNEE<\/strong> \u2013 <strong>Federa\u00e7\u00e3o Nacional de Estudos Europeus,<\/strong> os nossos alunos participaram numa forma\u00e7\u00e3o intensiva de <strong>Literacia Europeia.<\/strong><\/span><\/p>\n<ul>\n<li><span style=\"color: #000000;\">Foram <strong>quatro sess\u00f5es marcadas pela interatividade<\/strong>, onde se discutiram:<\/span><\/li>\n<li><span style=\"color: #000000;\">O funcionamento das institui\u00e7\u00f5es da UE;<\/span><\/li>\n<li><span style=\"color: #000000;\">Os valores fundamentais que nos unem;<\/span><\/li>\n<li><span style=\"color: #000000;\">O papel da participa\u00e7\u00e3o c\u00edvica e do esp\u00edrito cr\u00edtico na democracia.<\/span><\/li>\n<\/ul>\n<p><span style=\"color: #000000;\">O <strong>balan\u00e7o \u00e9 extremamente positivo<\/strong>, destacando-se o <strong>elevado interesse e a participa\u00e7\u00e3o ativa<\/strong> dos nossos alunos!<\/span><\/p>\n<p><span style=\"color: #000000;\">Um agradecimento especial ao NERIU\u00c9, \u00e0 Universidade de \u00c9vora e \u00e0 FNEE pelo dinamismo e pelo valor educativo desta iniciativa.<\/span><\/p>\n<p><span style=\"color: #000000;\">As celebra\u00e7\u00f5es dos 40 anos de Portugal na Uni\u00e3o Europeia continuam na nossa escola, refor\u00e7ando o nosso compromisso com a forma\u00e7\u00e3o de cidad\u00e3os ativos e informados.<\/span><\/p>\n<p><span style=\"color: #000000;\">#EPAS #LiteraciaEuropeia #UE40Anos #ESSF #CidadaniaEuropeia #EscolaEmbaixadora #UniversidadeDeEvora #NERIU\u00c9 #FNEE<\/span><\/p>\n<p>&nbsp;<\/p>\n        <div class=\"booster-block booster-reactions-block\">\r\n            <div class=\"twp-reactions-icons\">\r\n                \r\n                <div class=\"twp-reacts-wrap\">\r\n                    <a react-data=\"be-react-1\" post-id=\"4800\" class=\"be-face-icons un-reacted\" href=\"javascript:void(0)\">\r\n                        <img decoding=\"async\" src=\"https:\/\/jornaloassobio.pt\/wp-content\/plugins\/booster-extension\/\/assets\/icon\/happy.svg\" alt=\"Happy\">\r\n                    <\/a>\r\n                    <div class=\"twp-reaction-title\">\r\n                        Happy                    <\/div>\r\n                    <div class=\"twp-count-percent\">\r\n                                                    <span style=\"display: none;\" class=\"twp-react-count\">0<\/span>\r\n                        \r\n                                                <span class=\"twp-react-percent\"><span>0<\/span> %<\/span>\r\n                                            <\/div>\r\n                <\/div>\r\n\r\n                <div class=\"twp-reacts-wrap\">\r\n                    <a react-data=\"be-react-2\" post-id=\"4800\" class=\"be-face-icons un-reacted\" href=\"javascript:void(0)\">\r\n                        <img decoding=\"async\" src=\"https:\/\/jornaloassobio.pt\/wp-content\/plugins\/booster-extension\/\/assets\/icon\/sad.svg\" alt=\"Sad\">\r\n                    <\/a>\r\n                    <div class=\"twp-reaction-title\">\r\n                        Sad                    <\/div>\r\n                    <div class=\"twp-count-percent\">\r\n                                                    <span style=\"display: none;\" class=\"twp-react-count\">0<\/span>\r\n                                                                        <span class=\"twp-react-percent\"><span>0<\/span> %<\/span>\r\n                                            <\/div>\r\n                <\/div>\r\n\r\n                <div class=\"twp-reacts-wrap\">\r\n                    <a react-data=\"be-react-3\" post-id=\"4800\" class=\"be-face-icons un-reacted\" href=\"javascript:void(0)\">\r\n                        <img decoding=\"async\" src=\"https:\/\/jornaloassobio.pt\/wp-content\/plugins\/booster-extension\/\/assets\/icon\/excited.svg\" alt=\"Excited\">\r\n                    <\/a>\r\n                    <div class=\"twp-reaction-title\">\r\n                        Excited                    <\/div>\r\n                    <div class=\"twp-count-percent\">\r\n                                                    <span style=\"display: none;\" class=\"twp-react-count\">0<\/span>\r\n                                                                        <span class=\"twp-react-percent\"><span>0<\/span> %<\/span>\r\n                                            <\/div>\r\n                <\/div>\r\n\r\n                <div class=\"twp-reacts-wrap\">\r\n                    <a react-data=\"be-react-6\" post-id=\"4800\" class=\"be-face-icons un-reacted\" href=\"javascript:void(0)\">\r\n                        <img decoding=\"async\" src=\"https:\/\/jornaloassobio.pt\/wp-content\/plugins\/booster-extension\/\/assets\/icon\/sleepy.svg\" alt=\"Sleepy\">\r\n                    <\/a>\r\n                    <div class=\"twp-reaction-title\">\r\n                        Sleepy                    <\/div>\r\n                    <div class=\"twp-count-percent\">\r\n                                                    <span style=\"display: none;\" class=\"twp-react-count\">0<\/span>\r\n                        \r\n                                                <span class=\"twp-react-percent\"><span>0<\/span> %<\/span>\r\n                                            <\/div>\r\n                <\/div>\r\n\r\n                <div class=\"twp-reacts-wrap\">\r\n                    <a react-data=\"be-react-4\" post-id=\"4800\" class=\"be-face-icons un-reacted\" href=\"javascript:void(0)\">\r\n                        <img decoding=\"async\" src=\"https:\/\/jornaloassobio.pt\/wp-content\/plugins\/booster-extension\/\/assets\/icon\/angry.svg\" alt=\"Angry\">\r\n                    <\/a>\r\n                    <div class=\"twp-reaction-title\">Angry<\/div>\r\n                    <div class=\"twp-count-percent\">\r\n                                                    <span style=\"display: none;\" class=\"twp-react-count\">0<\/span>\r\n                                                                        <span class=\"twp-react-percent\"><span>0<\/span> %<\/span>\r\n                        \r\n                    <\/div>\r\n                <\/div>\r\n\r\n                <div class=\"twp-reacts-wrap\">\r\n                    <a react-data=\"be-react-5\" post-id=\"4800\" class=\"be-face-icons un-reacted\" href=\"javascript:void(0)\">\r\n                        <img decoding=\"async\" src=\"https:\/\/jornaloassobio.pt\/wp-content\/plugins\/booster-extension\/\/assets\/icon\/surprise.svg\" alt=\"Surprise\">\r\n                    <\/a>\r\n                    <div class=\"twp-reaction-title\">Surprise<\/div>\r\n                    <div class=\"twp-count-percent\">\r\n                                                    <span style=\"display: none;\" class=\"twp-react-count\">0<\/span>\r\n                                                                        <span class=\"twp-react-percent\"><span>0<\/span> %<\/span>\r\n                                            <\/div>\r\n                <\/div>\r\n\r\n            <\/div>\r\n        <\/div>\r\n\r\n    ","protected":false},"excerpt":{"rendered":"<p>No \u00e2mbito da nossa miss\u00e3o como Escola Embaixadora do Parlamento Europeu (#EPAS), as turmas 11.\u00ba CT2, 12.\u00ba LH1 e 12.\u00ba LH2 aprofundaram conhecimentos sobre a Uni\u00e3o Europeia! Em parceria com o NERIU\u00c9 \u2013 N\u00facleo de Estudantes de Rela\u00e7\u00f5es Internacionais da Universidade de \u00c9vora e a FNEE \u2013 Federa\u00e7\u00e3o Nacional de Estudos Europeus, os nossos alunos [&hellip;]<\/p>\n","protected":false},"author":6,"featured_media":4802,"comment_status":"open","ping_status":"open","sticky":false,"template":"","format":"standard","meta":{"footnotes":""},"categories":[4],"tags":[],"class_list":["post-4800","post","type-post","status-publish","format-standard","has-post-thumbnail","hentry","category-noticias"],"_links":{"self":[{"href":"https:\/\/jornaloassobio.pt\/index.php?rest_route=\/wp\/v2\/posts\/4800","targetHints":{"allow":["GET"]}}],"collection":[{"href":"https:\/\/jornaloassobio.pt\/index.php?rest_route=\/wp\/v2\/posts"}],"about":[{"href":"https:\/\/jornaloassobio.pt\/index.php?rest_route=\/wp\/v2\/types\/post"}],"author":[{"embeddable":true,"href":"https:\/\/jornaloassobio.pt\/index.php?rest_route=\/wp\/v2\/users\/6"}],"replies":[{"embeddable":true,"href":"https:\/\/jornaloassobio.pt\/index.php?rest_route=%2Fwp%2Fv2%2Fcomments&post=4800"}],"version-history":[{"count":3,"href":"https:\/\/jornaloassobio.pt\/index.php?rest_route=\/wp\/v2\/posts\/4800\/revisions"}],"predecessor-version":[{"id":4806,"href":"https:\/\/jornaloassobio.pt\/index.php?rest_route=\/wp\/v2\/posts\/4800\/revisions\/4806"}],"wp:featuredmedia":[{"embeddable":true,"href":"https:\/\/jornaloassobio.pt\/index.php?rest_route=\/wp\/v2\/media\/4802"}],"wp:attachment":[{"href":"https:\/\/jornaloassobio.pt\/index.php?rest_route=%2Fwp%2Fv2%2Fmedia&parent=4800"}],"wp:term":[{"taxonomy":"category","embeddable":true,"href":"https:\/\/jornaloassobio.pt\/index.php?rest_route=%2Fwp%2Fv2%2Fcategories&post=4800"},{"taxonomy":"post_tag","embeddable":true,"href":"https:\/\/jornaloassobio.pt\/index.php?rest_route=%2Fwp%2Fv2%2Ftags&post=4800"}],"curies":[{"name":"wp","href":"https:\/\/api.w.org\/{rel}","templated":true}]}}