{"id":4817,"date":"2026-03-05T11:47:43","date_gmt":"2026-03-05T11:47:43","guid":{"rendered":"https:\/\/jornaloassobio.pt\/?p=4817"},"modified":"2026-03-05T12:10:59","modified_gmt":"2026-03-05T12:10:59","slug":"ate-sempre-antonio-lobo-antunes-e-a-memoria-de-elefante","status":"publish","type":"post","link":"https:\/\/jornaloassobio.pt\/?p=4817","title":{"rendered":"AT\u00c9 SEMPRE!  ANT\u00d3NIO LOBO ANTUNES E A MEM\u00d3RIA DE ELEFANTE"},"content":{"rendered":"<div class='booster-block booster-read-block'>\r\n                <div class=\"twp-read-time\">\r\n                \t<i class=\"booster-icon twp-clock\"><\/i> <span>Read Time:<\/span>2 Minute, 26 Second                <\/div>\r\n\r\n            <\/div><div class=\"item-1 item-1-7 item-odd item-first first CT-html\">\n<p><span style=\"color: #000000;\"><img loading=\"lazy\" decoding=\"async\" class=\"size-medium wp-image-4822 aligncenter\" src=\"https:\/\/jornaloassobio.pt\/wp-content\/uploads\/2026\/03\/mw-694-300x200.webp\" alt=\"\" width=\"300\" height=\"200\" srcset=\"https:\/\/jornaloassobio.pt\/wp-content\/uploads\/2026\/03\/mw-694-300x200.webp 300w, https:\/\/jornaloassobio.pt\/wp-content\/uploads\/2026\/03\/mw-694.webp 694w\" sizes=\"auto, (max-width: 300px) 100vw, 300px\" \/>O escritor morreu! Viva o escritor!<\/span><\/p>\n<p><span style=\"color: #000000;\">Ant\u00f3nio Lobo Antunes partiu! Fisicamente apenas! Ir\u00e1 sobreviver e permanecer o seu esp\u00edrito irreverente, contestat\u00e1rio, obsessivo, livre, expresso nas suas cr\u00f3nicas e narrativas.<\/span><\/p>\n<p><span style=\"color: #000000;\">Dia <strong>5 de mar\u00e7o de 2026<\/strong> vai ficar marcado na cronologia liter\u00e1ria como a data do desaparecimento de um dos maiores escritores da l\u00edngua portuguesa contempor\u00e2nea.<\/span><\/p>\n<p><span style=\"color: #000000;\">Nascido em Lisboa em <strong>1942<\/strong>, formado em Medicina,foi marcado por v\u00e1rias experi\u00eancias\u00a0 de vida como a sua passagem pela <strong>Guerra Colonial<\/strong>\u00a0 como m\u00e9dico militar e as <strong>consultas de Psiquiatria<\/strong> no Hospital Miguel Bombarda.<\/span><\/p>\n<p><span style=\"color: #000000;\">Em <strong>1979<\/strong>, j\u00e1 em tempos de liberdade, estreou-se com \u201cMem\u00f3ria de Elefante\u201d e nunca mais foi esquecido.<\/span><\/p>\n<p><span style=\"color: #000000;\">Seguiram-se &#8220;Os Cus de judas&#8221;, \u201cConhecimento do Inferno\u201d, \u201cManual dos Inquisidores\u201d, \u201cBoa Tarde \u00e0s Coisas Aqui em Baixo\u201d ou \u201cEu Hei-de Amar uma Pedra\u201d.<\/span><\/p>\n<p><span style=\"color: #000000;\">Durante mais de quarenta anos, escreveu mais de 30 romances e cr\u00f3nicas, ilustrados por uma linguagem incisiva e cir\u00fargica e por imagens marcantes.<\/span><\/p>\n<p><span style=\"color: #000000;\">Eterno <strong>candidato ao Pr\u00e9mio Nobel da Literatura<\/strong>, sempre privilegiou a mem\u00f3ria em detrimento da imagina\u00e7\u00e3o. Foram dele as seguintes palavras, numa entrevista ao &#8220;Expresso&#8221;:\u201cA imagina\u00e7\u00e3o n\u00e3o existe. O que existe \u00e9 a mem\u00f3ria. A maneira como arranjamos os materiais da mem\u00f3ria\u201d.<\/span><\/p>\n<\/div>\n<div class=\"item-5 item-5-7 item-odd CT-html\">\n<p><span style=\"color: #000000;\">O escritor tinha v\u00e1rias particularidades, entre as quais escrever sempre \u00e0 m\u00e3o e n\u00e3o fazer planos para os romances.\u00a0 \u201cAs imagens v\u00eam ter comigo n\u00e3o sei bem como nem de onde\u201d, disse numa entrevista, insistindo que a mem\u00f3ria era o verdadeiro motor da escrita. <img loading=\"lazy\" decoding=\"async\" class=\"size-full wp-image-4825 alignright\" src=\"https:\/\/jornaloassobio.pt\/wp-content\/uploads\/2026\/03\/transferir-6.jpg\" alt=\"\" width=\"183\" height=\"275\" \/><\/span><\/p>\n<p><span style=\"color: #000000;\">Nas palavras s\u00e1bias de <strong>Marcelo Rebelo de Sousa<\/strong>, &#8220;Ant\u00f3nio Lobo Antunes escreveu toda a sua obra de romancista, mas tamb\u00e9m de cronista, num <strong>registo de ternura contundente, com a m\u00e1goa e o fracasso das vidas comuns postos lado a lado com as trag\u00e9dias pol\u00edticas, o excesso e a empatia.<\/strong> Herdeiro de C\u00e9line, de Faulkner, de Cardoso Pires, Lobo Antunes deixou uma bibliografia vasta, visceral, sofisticada em termos narrativos, atenta ao quotidiano, e muito tribut\u00e1ria de experi\u00eancias como a guerra e a pr\u00e1tica cl\u00ednica da psiquiatria&#8221;.<\/span><\/p>\n<p><span style=\"color: #000000;\">Para <strong>Gon\u00e7alo M. Tavares<\/strong>, Ant\u00f3nio Lobo Antunes \u00e9 \u201c<strong>um caso extraordin\u00e1rio de algu\u00e9m que criou uma forma de a l\u00edngua se exprimir<\/strong>\u201d. \u201cAtrav\u00e9s de repeti\u00e7\u00f5es, apanhando muito a fala popular, o \u2018deslarga-me\u2019, a conversa de caf\u00e9, apanhando muito as repeti\u00e7\u00f5es, apanhando tiques de linguagem e retransformando-os num conjunto de vozes infinitas de grande literatura\u201d, justificou.\u00a0<\/span><span style=\"color: #000000;\">Al\u00e9m disso, considera que Lobo Antunes \u201cdeve ser um dos autores que mais influenciou outros autores\u201d.<\/span><\/p>\n<p><span style=\"color: #000000;\">A Feira do Livro de Lisboa, onde era presen\u00e7a constante, continuar\u00e1 a record\u00e1-lo, sentado a assinar os seus livros, \u00e0 sombra de uma\u00a0 \u00e1rvore frondosa, com o canto dos p\u00e1ssaros\u00a0 a agitar a brisa suave da primavera.<\/span><\/p>\n<p><span style=\"color: #000000;\">At\u00e9 sempre e para sempre, Ant\u00f3nio Lobo Antunes!<\/span><\/p>\n<p>Cita\u00e7\u00f5es retiradas de:<\/p>\n<\/div>\n<div class=\"item-6 item-6-7 item-even CT-html\">https:\/\/www.dn.pt\/cultura\/morreu-antnio-lobo-antunes-nome-maior-da-literatura-portuguesa-veja-todas-as-reaes<\/div>\n<div class=\"item-8 item-8-7 item-even CT-html\">\n<p>https:\/\/expresso.pt\/cultura\/Livros\/2026-03-05-morreu-antonio-lobo-antunes-um-dos-maiores-escritores-da-literatura-contemporanea-5c0ee1e0<\/p>\n<\/div>\n        <div class=\"booster-block booster-reactions-block\">\r\n            <div class=\"twp-reactions-icons\">\r\n                \r\n                <div class=\"twp-reacts-wrap\">\r\n                    <a react-data=\"be-react-1\" post-id=\"4817\" class=\"be-face-icons un-reacted\" href=\"javascript:void(0)\">\r\n                        <img decoding=\"async\" src=\"https:\/\/jornaloassobio.pt\/wp-content\/plugins\/booster-extension\/\/assets\/icon\/happy.svg\" alt=\"Happy\">\r\n                    <\/a>\r\n                    <div class=\"twp-reaction-title\">\r\n                        Happy                    <\/div>\r\n                    <div class=\"twp-count-percent\">\r\n                                                    <span style=\"display: none;\" class=\"twp-react-count\">0<\/span>\r\n                        \r\n                                                <span class=\"twp-react-percent\"><span>0<\/span> %<\/span>\r\n                                            <\/div>\r\n                <\/div>\r\n\r\n                <div class=\"twp-reacts-wrap\">\r\n                    <a react-data=\"be-react-2\" post-id=\"4817\" class=\"be-face-icons un-reacted\" href=\"javascript:void(0)\">\r\n                        <img decoding=\"async\" src=\"https:\/\/jornaloassobio.pt\/wp-content\/plugins\/booster-extension\/\/assets\/icon\/sad.svg\" alt=\"Sad\">\r\n                    <\/a>\r\n                    <div class=\"twp-reaction-title\">\r\n                        Sad                    <\/div>\r\n                    <div class=\"twp-count-percent\">\r\n                                                    <span style=\"display: none;\" class=\"twp-react-count\">0<\/span>\r\n                                                                        <span class=\"twp-react-percent\"><span>0<\/span> %<\/span>\r\n                                            <\/div>\r\n                <\/div>\r\n\r\n                <div class=\"twp-reacts-wrap\">\r\n                    <a react-data=\"be-react-3\" post-id=\"4817\" class=\"be-face-icons un-reacted\" href=\"javascript:void(0)\">\r\n                        <img decoding=\"async\" src=\"https:\/\/jornaloassobio.pt\/wp-content\/plugins\/booster-extension\/\/assets\/icon\/excited.svg\" alt=\"Excited\">\r\n                    <\/a>\r\n                    <div class=\"twp-reaction-title\">\r\n                        Excited                    <\/div>\r\n                    <div class=\"twp-count-percent\">\r\n                                                    <span style=\"display: none;\" class=\"twp-react-count\">0<\/span>\r\n                                                                        <span class=\"twp-react-percent\"><span>0<\/span> %<\/span>\r\n                                            <\/div>\r\n                <\/div>\r\n\r\n                <div class=\"twp-reacts-wrap\">\r\n                    <a react-data=\"be-react-6\" post-id=\"4817\" class=\"be-face-icons un-reacted\" href=\"javascript:void(0)\">\r\n                        <img decoding=\"async\" src=\"https:\/\/jornaloassobio.pt\/wp-content\/plugins\/booster-extension\/\/assets\/icon\/sleepy.svg\" alt=\"Sleepy\">\r\n                    <\/a>\r\n                    <div class=\"twp-reaction-title\">\r\n                        Sleepy                    <\/div>\r\n                    <div class=\"twp-count-percent\">\r\n                                                    <span style=\"display: none;\" class=\"twp-react-count\">0<\/span>\r\n                        \r\n                                                <span class=\"twp-react-percent\"><span>0<\/span> %<\/span>\r\n                                            <\/div>\r\n                <\/div>\r\n\r\n                <div class=\"twp-reacts-wrap\">\r\n                    <a react-data=\"be-react-4\" post-id=\"4817\" class=\"be-face-icons un-reacted\" href=\"javascript:void(0)\">\r\n                        <img decoding=\"async\" src=\"https:\/\/jornaloassobio.pt\/wp-content\/plugins\/booster-extension\/\/assets\/icon\/angry.svg\" alt=\"Angry\">\r\n                    <\/a>\r\n                    <div class=\"twp-reaction-title\">Angry<\/div>\r\n                    <div class=\"twp-count-percent\">\r\n                                                    <span style=\"display: none;\" class=\"twp-react-count\">0<\/span>\r\n                                                                        <span class=\"twp-react-percent\"><span>0<\/span> %<\/span>\r\n                        \r\n                    <\/div>\r\n                <\/div>\r\n\r\n                <div class=\"twp-reacts-wrap\">\r\n                    <a react-data=\"be-react-5\" post-id=\"4817\" class=\"be-face-icons un-reacted\" href=\"javascript:void(0)\">\r\n                        <img decoding=\"async\" src=\"https:\/\/jornaloassobio.pt\/wp-content\/plugins\/booster-extension\/\/assets\/icon\/surprise.svg\" alt=\"Surprise\">\r\n                    <\/a>\r\n                    <div class=\"twp-reaction-title\">Surprise<\/div>\r\n                    <div class=\"twp-count-percent\">\r\n                                                    <span style=\"display: none;\" class=\"twp-react-count\">0<\/span>\r\n                                                                        <span class=\"twp-react-percent\"><span>0<\/span> %<\/span>\r\n                                            <\/div>\r\n                <\/div>\r\n\r\n            <\/div>\r\n        <\/div>\r\n\r\n    ","protected":false},"excerpt":{"rendered":"<p>O escritor morreu! Viva o escritor! Ant\u00f3nio Lobo Antunes partiu! Fisicamente apenas! Ir\u00e1 sobreviver e permanecer o seu esp\u00edrito irreverente, contestat\u00e1rio, obsessivo, livre, expresso nas suas cr\u00f3nicas e narrativas. Dia 5 de mar\u00e7o de 2026 vai ficar marcado na cronologia liter\u00e1ria como a data do desaparecimento de um dos maiores escritores da l\u00edngua portuguesa contempor\u00e2nea. [&hellip;]<\/p>\n","protected":false},"author":6,"featured_media":4822,"comment_status":"open","ping_status":"open","sticky":false,"template":"","format":"standard","meta":{"footnotes":""},"categories":[4],"tags":[],"class_list":["post-4817","post","type-post","status-publish","format-standard","has-post-thumbnail","hentry","category-noticias"],"_links":{"self":[{"href":"https:\/\/jornaloassobio.pt\/index.php?rest_route=\/wp\/v2\/posts\/4817","targetHints":{"allow":["GET"]}}],"collection":[{"href":"https:\/\/jornaloassobio.pt\/index.php?rest_route=\/wp\/v2\/posts"}],"about":[{"href":"https:\/\/jornaloassobio.pt\/index.php?rest_route=\/wp\/v2\/types\/post"}],"author":[{"embeddable":true,"href":"https:\/\/jornaloassobio.pt\/index.php?rest_route=\/wp\/v2\/users\/6"}],"replies":[{"embeddable":true,"href":"https:\/\/jornaloassobio.pt\/index.php?rest_route=%2Fwp%2Fv2%2Fcomments&post=4817"}],"version-history":[{"count":10,"href":"https:\/\/jornaloassobio.pt\/index.php?rest_route=\/wp\/v2\/posts\/4817\/revisions"}],"predecessor-version":[{"id":4829,"href":"https:\/\/jornaloassobio.pt\/index.php?rest_route=\/wp\/v2\/posts\/4817\/revisions\/4829"}],"wp:featuredmedia":[{"embeddable":true,"href":"https:\/\/jornaloassobio.pt\/index.php?rest_route=\/wp\/v2\/media\/4822"}],"wp:attachment":[{"href":"https:\/\/jornaloassobio.pt\/index.php?rest_route=%2Fwp%2Fv2%2Fmedia&parent=4817"}],"wp:term":[{"taxonomy":"category","embeddable":true,"href":"https:\/\/jornaloassobio.pt\/index.php?rest_route=%2Fwp%2Fv2%2Fcategories&post=4817"},{"taxonomy":"post_tag","embeddable":true,"href":"https:\/\/jornaloassobio.pt\/index.php?rest_route=%2Fwp%2Fv2%2Ftags&post=4817"}],"curies":[{"name":"wp","href":"https:\/\/api.w.org\/{rel}","templated":true}]}}