{"id":4852,"date":"2026-03-09T13:06:34","date_gmt":"2026-03-09T13:06:34","guid":{"rendered":"https:\/\/jornaloassobio.pt\/?p=4852"},"modified":"2026-03-09T13:17:11","modified_gmt":"2026-03-09T13:17:11","slug":"entre-flandres-e-santo-antonio-uma-historia-de-amor","status":"publish","type":"post","link":"https:\/\/jornaloassobio.pt\/?p=4852","title":{"rendered":"APRESENTA\u00c7\u00c3O DE &#8220;ENTRE FLANDRES E SANTO ANT\u00d3NIO &#8211; UMA HIST\u00d3RIA DE AMOR&#8221; NA ESSF"},"content":{"rendered":"<div class='booster-block booster-read-block'>\r\n                <div class=\"twp-read-time\">\r\n                \t<i class=\"booster-icon twp-clock\"><\/i> <span>Read Time:<\/span>55 Second                <\/div>\r\n\r\n            <\/div><p dir=\"auto\"><span style=\"color: #000000;\"><img loading=\"lazy\" decoding=\"async\" class=\"alignnone size-medium wp-image-4853\" src=\"https:\/\/jornaloassobio.pt\/wp-content\/uploads\/2026\/03\/IMG_0901-1024x768-1-300x225.jpg\" alt=\"\" width=\"300\" height=\"225\" srcset=\"https:\/\/jornaloassobio.pt\/wp-content\/uploads\/2026\/03\/IMG_0901-1024x768-1-300x225.jpg 300w, https:\/\/jornaloassobio.pt\/wp-content\/uploads\/2026\/03\/IMG_0901-1024x768-1-768x576.jpg 768w, https:\/\/jornaloassobio.pt\/wp-content\/uploads\/2026\/03\/IMG_0901-1024x768-1.jpg 1024w\" sizes=\"auto, (max-width: 300px) 100vw, 300px\" \/><\/span><img loading=\"lazy\" decoding=\"async\" class=\"size-medium wp-image-4854 alignright\" src=\"https:\/\/jornaloassobio.pt\/wp-content\/uploads\/2026\/03\/IMG_0902-768x1024-1-225x300.jpg\" alt=\"\" width=\"225\" height=\"300\" srcset=\"https:\/\/jornaloassobio.pt\/wp-content\/uploads\/2026\/03\/IMG_0902-768x1024-1-225x300.jpg 225w, https:\/\/jornaloassobio.pt\/wp-content\/uploads\/2026\/03\/IMG_0902-768x1024-1.jpg 768w\" sizes=\"auto, (max-width: 225px) 100vw, 225px\" \/><\/p>\n<p dir=\"auto\"><span style=\"color: #000000;\">No dia 5 de mar\u00e7o, os alunos do Agrupamento de Escolas Severim de Faria (AESF) tiveram a oportunidade de assistir \u00e0 apresenta\u00e7\u00e3o da obra liter\u00e1ria <strong><em>Entre Flandres e Santo Ant\u00f3nio \u2013 Uma Hist\u00f3ria de Amor<\/em><\/strong>, do autor <strong>Jos\u00e9 Domingos Ramalho.<\/strong><\/span><\/p>\n<p dir=\"auto\"><span style=\"color: #000000;\">O evento, realizado nas instala\u00e7\u00f5es da escola, proporcionou um momento enriquecedor de contacto com a literatura contempor\u00e2nea portuguesa, centrado num <strong>romance que entrela\u00e7a temas como a guerra, a f\u00e9 e o amor,<\/strong> ambientado nos anos da <strong>Primeira Guerra Mundial<\/strong> e nas <strong>Apari\u00e7\u00f5es de F\u00e1tima<\/strong>.<\/span><\/p>\n<p dir=\"auto\"><span style=\"color: #000000;\">A sess\u00e3o contou com a especial presen\u00e7a da Sra. Presidente do SDP Sul \u2013 Sindicato Democr\u00e1tico dos Professores do Sul, Josefa Lopes, que acompanhou a atividade e refor\u00e7ou a import\u00e2ncia da promo\u00e7\u00e3o da leitura e da cultura junto da comunidade educativa.<\/span><\/p>\n<p dir=\"auto\"><span style=\"color: #000000;\">Esta iniciativa insere-se no <strong>compromisso cont\u00ednuo do AESF em promover atividades culturais e educativas<\/strong> que estimulem o gosto pela leitura, o pensamento cr\u00edtico e o di\u00e1logo intercultural entre os alunos, professores e a sociedade civil.<\/span><\/p>\n<p dir=\"auto\"><span style=\"color: #000000;\">A Dire\u00e7\u00e3o do Agrupamento agradece a todos os intervenientes e ao autor pela partilha desta obra inspiradora, que certamente deixou marcas positivas nos jovens participantes.<\/span><\/p>\n        <div class=\"booster-block booster-reactions-block\">\r\n            <div class=\"twp-reactions-icons\">\r\n                \r\n                <div class=\"twp-reacts-wrap\">\r\n                    <a react-data=\"be-react-1\" post-id=\"4852\" class=\"be-face-icons un-reacted\" href=\"javascript:void(0)\">\r\n                        <img decoding=\"async\" src=\"https:\/\/jornaloassobio.pt\/wp-content\/plugins\/booster-extension\/\/assets\/icon\/happy.svg\" alt=\"Happy\">\r\n                    <\/a>\r\n                    <div class=\"twp-reaction-title\">\r\n                        Happy                    <\/div>\r\n                    <div class=\"twp-count-percent\">\r\n                                                    <span style=\"display: none;\" class=\"twp-react-count\">0<\/span>\r\n                        \r\n                                                <span class=\"twp-react-percent\"><span>0<\/span> %<\/span>\r\n                                            <\/div>\r\n                <\/div>\r\n\r\n                <div class=\"twp-reacts-wrap\">\r\n                    <a react-data=\"be-react-2\" post-id=\"4852\" class=\"be-face-icons un-reacted\" href=\"javascript:void(0)\">\r\n                        <img decoding=\"async\" src=\"https:\/\/jornaloassobio.pt\/wp-content\/plugins\/booster-extension\/\/assets\/icon\/sad.svg\" alt=\"Sad\">\r\n                    <\/a>\r\n                    <div class=\"twp-reaction-title\">\r\n                        Sad                    <\/div>\r\n                    <div class=\"twp-count-percent\">\r\n                                                    <span style=\"display: none;\" class=\"twp-react-count\">0<\/span>\r\n                                                                        <span class=\"twp-react-percent\"><span>0<\/span> %<\/span>\r\n                                            <\/div>\r\n                <\/div>\r\n\r\n                <div class=\"twp-reacts-wrap\">\r\n                    <a react-data=\"be-react-3\" post-id=\"4852\" class=\"be-face-icons un-reacted\" href=\"javascript:void(0)\">\r\n                        <img decoding=\"async\" src=\"https:\/\/jornaloassobio.pt\/wp-content\/plugins\/booster-extension\/\/assets\/icon\/excited.svg\" alt=\"Excited\">\r\n                    <\/a>\r\n                    <div class=\"twp-reaction-title\">\r\n                        Excited                    <\/div>\r\n                    <div class=\"twp-count-percent\">\r\n                                                    <span style=\"display: none;\" class=\"twp-react-count\">0<\/span>\r\n                                                                        <span class=\"twp-react-percent\"><span>0<\/span> %<\/span>\r\n                                            <\/div>\r\n                <\/div>\r\n\r\n                <div class=\"twp-reacts-wrap\">\r\n                    <a react-data=\"be-react-6\" post-id=\"4852\" class=\"be-face-icons un-reacted\" href=\"javascript:void(0)\">\r\n                        <img decoding=\"async\" src=\"https:\/\/jornaloassobio.pt\/wp-content\/plugins\/booster-extension\/\/assets\/icon\/sleepy.svg\" alt=\"Sleepy\">\r\n                    <\/a>\r\n                    <div class=\"twp-reaction-title\">\r\n                        Sleepy                    <\/div>\r\n                    <div class=\"twp-count-percent\">\r\n                                                    <span style=\"display: none;\" class=\"twp-react-count\">0<\/span>\r\n                        \r\n                                                <span class=\"twp-react-percent\"><span>0<\/span> %<\/span>\r\n                                            <\/div>\r\n                <\/div>\r\n\r\n                <div class=\"twp-reacts-wrap\">\r\n                    <a react-data=\"be-react-4\" post-id=\"4852\" class=\"be-face-icons un-reacted\" href=\"javascript:void(0)\">\r\n                        <img decoding=\"async\" src=\"https:\/\/jornaloassobio.pt\/wp-content\/plugins\/booster-extension\/\/assets\/icon\/angry.svg\" alt=\"Angry\">\r\n                    <\/a>\r\n                    <div class=\"twp-reaction-title\">Angry<\/div>\r\n                    <div class=\"twp-count-percent\">\r\n                                                    <span style=\"display: none;\" class=\"twp-react-count\">0<\/span>\r\n                                                                        <span class=\"twp-react-percent\"><span>0<\/span> %<\/span>\r\n                        \r\n                    <\/div>\r\n                <\/div>\r\n\r\n                <div class=\"twp-reacts-wrap\">\r\n                    <a react-data=\"be-react-5\" post-id=\"4852\" class=\"be-face-icons un-reacted\" href=\"javascript:void(0)\">\r\n                        <img decoding=\"async\" src=\"https:\/\/jornaloassobio.pt\/wp-content\/plugins\/booster-extension\/\/assets\/icon\/surprise.svg\" alt=\"Surprise\">\r\n                    <\/a>\r\n                    <div class=\"twp-reaction-title\">Surprise<\/div>\r\n                    <div class=\"twp-count-percent\">\r\n                                                    <span style=\"display: none;\" class=\"twp-react-count\">0<\/span>\r\n                                                                        <span class=\"twp-react-percent\"><span>0<\/span> %<\/span>\r\n                                            <\/div>\r\n                <\/div>\r\n\r\n            <\/div>\r\n        <\/div>\r\n\r\n    ","protected":false},"excerpt":{"rendered":"<p>No dia 5 de mar\u00e7o, os alunos do Agrupamento de Escolas Severim de Faria (AESF) tiveram a oportunidade de assistir \u00e0 apresenta\u00e7\u00e3o da obra liter\u00e1ria Entre Flandres e Santo Ant\u00f3nio \u2013 Uma Hist\u00f3ria de Amor, do autor Jos\u00e9 Domingos Ramalho. O evento, realizado nas instala\u00e7\u00f5es da escola, proporcionou um momento enriquecedor de contacto com a [&hellip;]<\/p>\n","protected":false},"author":6,"featured_media":4853,"comment_status":"open","ping_status":"open","sticky":false,"template":"","format":"standard","meta":{"footnotes":""},"categories":[4],"tags":[],"class_list":["post-4852","post","type-post","status-publish","format-standard","has-post-thumbnail","hentry","category-noticias"],"_links":{"self":[{"href":"https:\/\/jornaloassobio.pt\/index.php?rest_route=\/wp\/v2\/posts\/4852","targetHints":{"allow":["GET"]}}],"collection":[{"href":"https:\/\/jornaloassobio.pt\/index.php?rest_route=\/wp\/v2\/posts"}],"about":[{"href":"https:\/\/jornaloassobio.pt\/index.php?rest_route=\/wp\/v2\/types\/post"}],"author":[{"embeddable":true,"href":"https:\/\/jornaloassobio.pt\/index.php?rest_route=\/wp\/v2\/users\/6"}],"replies":[{"embeddable":true,"href":"https:\/\/jornaloassobio.pt\/index.php?rest_route=%2Fwp%2Fv2%2Fcomments&post=4852"}],"version-history":[{"count":3,"href":"https:\/\/jornaloassobio.pt\/index.php?rest_route=\/wp\/v2\/posts\/4852\/revisions"}],"predecessor-version":[{"id":4857,"href":"https:\/\/jornaloassobio.pt\/index.php?rest_route=\/wp\/v2\/posts\/4852\/revisions\/4857"}],"wp:featuredmedia":[{"embeddable":true,"href":"https:\/\/jornaloassobio.pt\/index.php?rest_route=\/wp\/v2\/media\/4853"}],"wp:attachment":[{"href":"https:\/\/jornaloassobio.pt\/index.php?rest_route=%2Fwp%2Fv2%2Fmedia&parent=4852"}],"wp:term":[{"taxonomy":"category","embeddable":true,"href":"https:\/\/jornaloassobio.pt\/index.php?rest_route=%2Fwp%2Fv2%2Fcategories&post=4852"},{"taxonomy":"post_tag","embeddable":true,"href":"https:\/\/jornaloassobio.pt\/index.php?rest_route=%2Fwp%2Fv2%2Ftags&post=4852"}],"curies":[{"name":"wp","href":"https:\/\/api.w.org\/{rel}","templated":true}]}}