{"id":4877,"date":"2026-03-12T10:55:41","date_gmt":"2026-03-12T10:55:41","guid":{"rendered":"https:\/\/jornaloassobio.pt\/?p=4877"},"modified":"2026-03-12T10:56:25","modified_gmt":"2026-03-12T10:56:25","slug":"desafio-pela-saude-agrupamento-severim-de-faria-na-caminhada-das-escolas","status":"publish","type":"post","link":"https:\/\/jornaloassobio.pt\/?p=4877","title":{"rendered":"DESAFIO PELA SA\u00daDE &#8211; AGRUPAMENTO SEVERIM DE FARIA NA CAMINHADA DAS ESCOLAS"},"content":{"rendered":"<div class='booster-block booster-read-block'>\r\n                <div class=\"twp-read-time\">\r\n                \t<i class=\"booster-icon twp-clock\"><\/i> <span>Read Time:<\/span>1 Minute, 33 Second                <\/div>\r\n\r\n            <\/div><p><img loading=\"lazy\" decoding=\"async\" class=\"size-medium wp-image-4886 alignright\" src=\"https:\/\/jornaloassobio.pt\/wp-content\/uploads\/2026\/03\/20200101_143719-225x300.jpg\" alt=\"\" width=\"225\" height=\"300\" srcset=\"https:\/\/jornaloassobio.pt\/wp-content\/uploads\/2026\/03\/20200101_143719-225x300.jpg 225w, https:\/\/jornaloassobio.pt\/wp-content\/uploads\/2026\/03\/20200101_143719-768x1024.jpg 768w, https:\/\/jornaloassobio.pt\/wp-content\/uploads\/2026\/03\/20200101_143719-1152x1536.jpg 1152w, https:\/\/jornaloassobio.pt\/wp-content\/uploads\/2026\/03\/20200101_143719-rotated.jpg 1536w\" sizes=\"auto, (max-width: 225px) 100vw, 225px\" \/> <img loading=\"lazy\" decoding=\"async\" class=\"size-medium wp-image-4880 alignleft\" src=\"https:\/\/jornaloassobio.pt\/wp-content\/uploads\/2026\/03\/Cartaz-Caminhada-das-Escolas-2026-final-724x1024-1-212x300.jpg\" alt=\"\" width=\"212\" height=\"300\" srcset=\"https:\/\/jornaloassobio.pt\/wp-content\/uploads\/2026\/03\/Cartaz-Caminhada-das-Escolas-2026-final-724x1024-1-212x300.jpg 212w, https:\/\/jornaloassobio.pt\/wp-content\/uploads\/2026\/03\/Cartaz-Caminhada-das-Escolas-2026-final-724x1024-1.jpg 724w\" sizes=\"auto, (max-width: 212px) 100vw, 212px\" \/><\/p>\n<p dir=\"auto\"><span style=\"color: #000000;\">No pr\u00f3ximo dia\u00a0<strong>27 de mar\u00e7o (sexta-feira)<\/strong>, o Agrupamento de Escolas Severim de Faria participa, uma vez mais, na\u00a0<strong>Caminhada das Escolas \u2013 Serpente Papa-L\u00e9guas<\/strong>, iniciativa que assinala o\u00a0<strong>Dia do Desafio pela Sa\u00fade<\/strong>\u00a0e o\u00a0<strong>Dia Mundial da Sa\u00fade<\/strong>. A concentra\u00e7\u00e3o est\u00e1 marcada para as\u00a0<strong>10h00 na Pra\u00e7a do Giraldo<\/strong>, com partida imediata.<\/span><\/p>\n<p dir=\"auto\"><span style=\"color: #000000;\">Organizada pelas escolas do concelho de \u00c9vora, com o apoio da C\u00e2mara Municipal de \u00c9vora, PSP Escola Segura, Unidade Local de Sa\u00fade do Alentejo Central e Instituto Portugu\u00eas do Desporto e Juventude (IPDJ), a caminhada pretende promover h\u00e1bitos de vida saud\u00e1veis, incentivar a pr\u00e1tica regular de exerc\u00edcio f\u00edsico e sensibilizar para a import\u00e2ncia de caminhar como forma simples e acess\u00edvel de cuidar da sa\u00fade f\u00edsica e mental.\u00a0<\/span><span style=\"color: #000000;\">Ao longo do percurso, os participantes \u2013 cerca de\u00a0<strong>1.700 alunos<\/strong>\u00a0de v\u00e1rias escolas e turmas do concelho \u2013 v\u00e3o poder usufruir de uma atividade que alia movimento, consci\u00eancia ambiental e valoriza\u00e7\u00e3o do patrim\u00f3nio local. Entre os objetivos da iniciativa destacam-se:<\/span><\/p>\n<ul dir=\"auto\">\n<li><span style=\"color: #000000;\">Melhoria da sa\u00fade e do bem-estar;<\/span><\/li>\n<li><span style=\"color: #000000;\">Maior consci\u00eancia ambiental e redu\u00e7\u00e3o do uso do autom\u00f3vel;<\/span><\/li>\n<li><span style=\"color: #000000;\">Desenvolvimento da autonomia e responsabilidade dos alunos;<\/span><\/li>\n<li><span style=\"color: #000000;\">Valoriza\u00e7\u00e3o do patrim\u00f3nio hist\u00f3rico e cultural de \u00c9vora.<\/span><\/li>\n<\/ul>\n<p dir=\"auto\"><span style=\"color: #000000;\">Os alunos s\u00e3o convidados a adotar boas pr\u00e1ticas durante o percurso: levar chap\u00e9u e protetor solar, trazer \u00e1gua e fruta, n\u00e3o deixar lixo pelo caminho e respeitar o patrim\u00f3nio.<\/span><\/p>\n<p dir=\"auto\"><span style=\"color: #000000;\">A atividade tem car\u00e1ter escolar e equipara-se a uma sa\u00edda de campo, pelo que est\u00e1 abrangida pelo seguro escolar. Os encarregados de educa\u00e7\u00e3o devem assegurar as respetivas autoriza\u00e7\u00f5es.<\/span><\/p>\n<p dir=\"auto\"><span style=\"color: #000000;\">O Agrupamento de Escolas Severim de Faria agradece desde j\u00e1 a colabora\u00e7\u00e3o de toda a comunidade educativa e convida todos os alunos, professores, funcion\u00e1rios e fam\u00edlias a participarem nesta caminhada coletiva que celebra a sa\u00fade, o movimento e a responsabilidade partilhada.<\/span><\/p>\n<p dir=\"auto\"><span style=\"color: #000000;\">Mais informa\u00e7\u00f5es sobre o Dia Mundial da Sa\u00fade e campanhas globais da OMS:\u00a0<a style=\"color: #000000;\" href=\"https:\/\/www.who.int\/campaigns\" target=\"_blank\" rel=\"noopener noreferrer nofollow\">who.int\/campaigns<\/a>.<\/span><\/p>\n        <div class=\"booster-block booster-reactions-block\">\r\n            <div class=\"twp-reactions-icons\">\r\n                \r\n                <div class=\"twp-reacts-wrap\">\r\n                    <a react-data=\"be-react-1\" post-id=\"4877\" class=\"be-face-icons un-reacted\" href=\"javascript:void(0)\">\r\n                        <img decoding=\"async\" src=\"https:\/\/jornaloassobio.pt\/wp-content\/plugins\/booster-extension\/\/assets\/icon\/happy.svg\" alt=\"Happy\">\r\n                    <\/a>\r\n                    <div class=\"twp-reaction-title\">\r\n                        Happy                    <\/div>\r\n                    <div class=\"twp-count-percent\">\r\n                                                    <span style=\"display: none;\" class=\"twp-react-count\">0<\/span>\r\n                        \r\n                                                <span class=\"twp-react-percent\"><span>0<\/span> %<\/span>\r\n                                            <\/div>\r\n                <\/div>\r\n\r\n                <div class=\"twp-reacts-wrap\">\r\n                    <a react-data=\"be-react-2\" post-id=\"4877\" class=\"be-face-icons un-reacted\" href=\"javascript:void(0)\">\r\n                        <img decoding=\"async\" src=\"https:\/\/jornaloassobio.pt\/wp-content\/plugins\/booster-extension\/\/assets\/icon\/sad.svg\" alt=\"Sad\">\r\n                    <\/a>\r\n                    <div class=\"twp-reaction-title\">\r\n                        Sad                    <\/div>\r\n                    <div class=\"twp-count-percent\">\r\n                                                    <span style=\"display: none;\" class=\"twp-react-count\">0<\/span>\r\n                                                                        <span class=\"twp-react-percent\"><span>0<\/span> %<\/span>\r\n                                            <\/div>\r\n                <\/div>\r\n\r\n                <div class=\"twp-reacts-wrap\">\r\n                    <a react-data=\"be-react-3\" post-id=\"4877\" class=\"be-face-icons un-reacted\" href=\"javascript:void(0)\">\r\n                        <img decoding=\"async\" src=\"https:\/\/jornaloassobio.pt\/wp-content\/plugins\/booster-extension\/\/assets\/icon\/excited.svg\" alt=\"Excited\">\r\n                    <\/a>\r\n                    <div class=\"twp-reaction-title\">\r\n                        Excited                    <\/div>\r\n                    <div class=\"twp-count-percent\">\r\n                                                    <span style=\"display: none;\" class=\"twp-react-count\">0<\/span>\r\n                                                                        <span class=\"twp-react-percent\"><span>0<\/span> %<\/span>\r\n                                            <\/div>\r\n                <\/div>\r\n\r\n                <div class=\"twp-reacts-wrap\">\r\n                    <a react-data=\"be-react-6\" post-id=\"4877\" class=\"be-face-icons un-reacted\" href=\"javascript:void(0)\">\r\n                        <img decoding=\"async\" src=\"https:\/\/jornaloassobio.pt\/wp-content\/plugins\/booster-extension\/\/assets\/icon\/sleepy.svg\" alt=\"Sleepy\">\r\n                    <\/a>\r\n                    <div class=\"twp-reaction-title\">\r\n                        Sleepy                    <\/div>\r\n                    <div class=\"twp-count-percent\">\r\n                                                    <span style=\"display: none;\" class=\"twp-react-count\">0<\/span>\r\n                        \r\n                                                <span class=\"twp-react-percent\"><span>0<\/span> %<\/span>\r\n                                            <\/div>\r\n                <\/div>\r\n\r\n                <div class=\"twp-reacts-wrap\">\r\n                    <a react-data=\"be-react-4\" post-id=\"4877\" class=\"be-face-icons un-reacted\" href=\"javascript:void(0)\">\r\n                        <img decoding=\"async\" src=\"https:\/\/jornaloassobio.pt\/wp-content\/plugins\/booster-extension\/\/assets\/icon\/angry.svg\" alt=\"Angry\">\r\n                    <\/a>\r\n                    <div class=\"twp-reaction-title\">Angry<\/div>\r\n                    <div class=\"twp-count-percent\">\r\n                                                    <span style=\"display: none;\" class=\"twp-react-count\">0<\/span>\r\n                                                                        <span class=\"twp-react-percent\"><span>0<\/span> %<\/span>\r\n                        \r\n                    <\/div>\r\n                <\/div>\r\n\r\n                <div class=\"twp-reacts-wrap\">\r\n                    <a react-data=\"be-react-5\" post-id=\"4877\" class=\"be-face-icons un-reacted\" href=\"javascript:void(0)\">\r\n                        <img decoding=\"async\" src=\"https:\/\/jornaloassobio.pt\/wp-content\/plugins\/booster-extension\/\/assets\/icon\/surprise.svg\" alt=\"Surprise\">\r\n                    <\/a>\r\n                    <div class=\"twp-reaction-title\">Surprise<\/div>\r\n                    <div class=\"twp-count-percent\">\r\n                                                    <span style=\"display: none;\" class=\"twp-react-count\">0<\/span>\r\n                                                                        <span class=\"twp-react-percent\"><span>0<\/span> %<\/span>\r\n                                            <\/div>\r\n                <\/div>\r\n\r\n            <\/div>\r\n        <\/div>\r\n\r\n    ","protected":false},"excerpt":{"rendered":"<p>No pr\u00f3ximo dia\u00a027 de mar\u00e7o (sexta-feira), o Agrupamento de Escolas Severim de Faria participa, uma vez mais, na\u00a0Caminhada das Escolas \u2013 Serpente Papa-L\u00e9guas, iniciativa que assinala o\u00a0Dia do Desafio pela Sa\u00fade\u00a0e o\u00a0Dia Mundial da Sa\u00fade. A concentra\u00e7\u00e3o est\u00e1 marcada para as\u00a010h00 na Pra\u00e7a do Giraldo, com partida imediata. Organizada pelas escolas do concelho de \u00c9vora, [&hellip;]<\/p>\n","protected":false},"author":6,"featured_media":4880,"comment_status":"open","ping_status":"open","sticky":false,"template":"","format":"standard","meta":{"footnotes":""},"categories":[4],"tags":[],"class_list":["post-4877","post","type-post","status-publish","format-standard","has-post-thumbnail","hentry","category-noticias"],"_links":{"self":[{"href":"https:\/\/jornaloassobio.pt\/index.php?rest_route=\/wp\/v2\/posts\/4877","targetHints":{"allow":["GET"]}}],"collection":[{"href":"https:\/\/jornaloassobio.pt\/index.php?rest_route=\/wp\/v2\/posts"}],"about":[{"href":"https:\/\/jornaloassobio.pt\/index.php?rest_route=\/wp\/v2\/types\/post"}],"author":[{"embeddable":true,"href":"https:\/\/jornaloassobio.pt\/index.php?rest_route=\/wp\/v2\/users\/6"}],"replies":[{"embeddable":true,"href":"https:\/\/jornaloassobio.pt\/index.php?rest_route=%2Fwp%2Fv2%2Fcomments&post=4877"}],"version-history":[{"count":5,"href":"https:\/\/jornaloassobio.pt\/index.php?rest_route=\/wp\/v2\/posts\/4877\/revisions"}],"predecessor-version":[{"id":4891,"href":"https:\/\/jornaloassobio.pt\/index.php?rest_route=\/wp\/v2\/posts\/4877\/revisions\/4891"}],"wp:featuredmedia":[{"embeddable":true,"href":"https:\/\/jornaloassobio.pt\/index.php?rest_route=\/wp\/v2\/media\/4880"}],"wp:attachment":[{"href":"https:\/\/jornaloassobio.pt\/index.php?rest_route=%2Fwp%2Fv2%2Fmedia&parent=4877"}],"wp:term":[{"taxonomy":"category","embeddable":true,"href":"https:\/\/jornaloassobio.pt\/index.php?rest_route=%2Fwp%2Fv2%2Fcategories&post=4877"},{"taxonomy":"post_tag","embeddable":true,"href":"https:\/\/jornaloassobio.pt\/index.php?rest_route=%2Fwp%2Fv2%2Ftags&post=4877"}],"curies":[{"name":"wp","href":"https:\/\/api.w.org\/{rel}","templated":true}]}}