{"id":4893,"date":"2026-03-12T11:42:37","date_gmt":"2026-03-12T11:42:37","guid":{"rendered":"https:\/\/jornaloassobio.pt\/?p=4893"},"modified":"2026-03-23T19:20:26","modified_gmt":"2026-03-23T19:20:26","slug":"adeus-mario-zambujal-alentejano-e-bom-malandro","status":"publish","type":"post","link":"https:\/\/jornaloassobio.pt\/?p=4893","title":{"rendered":"ADEUS M\u00c1RIO ZAMBUJAL, BOM ALENTEJANO !"},"content":{"rendered":"<div class='booster-block booster-read-block'>\r\n                <div class=\"twp-read-time\">\r\n                \t<i class=\"booster-icon twp-clock\"><\/i> <span>Read Time:<\/span>1 Minute, 7 Second                <\/div>\r\n\r\n            <\/div><p>&nbsp;<\/p>\n<p><img loading=\"lazy\" decoding=\"async\" class=\" wp-image-4894 aligncenter\" src=\"https:\/\/jornaloassobio.pt\/wp-content\/uploads\/2026\/03\/dn_2026-03-12_dvz5zv9w_zambujal-300x169.avif\" alt=\"\" width=\"470\" height=\"265\" srcset=\"https:\/\/jornaloassobio.pt\/wp-content\/uploads\/2026\/03\/dn_2026-03-12_dvz5zv9w_zambujal-300x169.avif 300w, https:\/\/jornaloassobio.pt\/wp-content\/uploads\/2026\/03\/dn_2026-03-12_dvz5zv9w_zambujal-1024x576.avif 1024w, https:\/\/jornaloassobio.pt\/wp-content\/uploads\/2026\/03\/dn_2026-03-12_dvz5zv9w_zambujal-768x432.avif 768w, https:\/\/jornaloassobio.pt\/wp-content\/uploads\/2026\/03\/dn_2026-03-12_dvz5zv9w_zambujal.avif 1200w\" sizes=\"auto, (max-width: 470px) 100vw, 470px\" \/><\/p>\n<p>&nbsp;<\/p>\n<p><span style=\"color: #000000;\">O escritor e jornalista M\u00e1rio Zambujal morreu esta quinta-feira, 12 de mar\u00e7o, aos 90 anos, noticia a RTP.<\/span><\/p>\n<p><span style=\"color: #000000;\">Nascido em Moura, Beja, a 5 de mar\u00e7o de 1936, M\u00e1rio Zambujal foi jornalista desportivo na RTP, no jornal\u00a0<em>A Bola<\/em>, sub-director do\u00a0<em>Record<\/em>, tendo sido chefe de reda\u00e7\u00e3o de\u00a0<em>O S\u00e9culo<\/em>\u00a0e do Di\u00e1rio de Not\u00edcias e diretor do jornal\u00a0<em>Se7e<\/em>\u00a0e do seman\u00e1rio\u00a0<em>Tal &amp; Qual,<\/em>\u00a0tendo sido colunista do di\u00e1rio\u00a0<em>24 Horas<\/em>.\u00a0<\/span><\/p>\n<p><span style=\"color: #000000;\">Aos 15 anos publicou o primeiro conto no seman\u00e1rio\u00a0<em>Os Rid\u00edculos,<\/em>\u00a0mas a estreia liter\u00e1ria surgiu em 1980 com\u00a0<em>Cr\u00f3nica dos Bons Malandros<\/em>, que foi mais tarde adaptada ao cinema por Fernando Lopes. A obra viria ainda a dar origem a uma s\u00e9rie de televis\u00e3o realizada por Jorge Paix\u00e3o da Costa.<\/span><\/p>\n<p><span style=\"color: #000000;\">Seguiram-se <i>Hist\u00f3rias do Fim da Rua<\/i>,\u00a0<i>\u00c0 Noite Logo se V\u00ea<\/i>,\u00a0<i>Fora de M\u00e3o<\/i>\u00a0(uma colet\u00e2nea de contos e cr\u00f3nicas),\u00a0<i>Primeiro as Senhoras<\/i>,\u00a0<i>Uma Noite N\u00e3o S\u00e3o Dias<\/i>,\u00a0<i>Dama de Espadas<\/i>,\u00a0<i>Longe \u00c9 um Bom Lugar<\/i>,\u00a0<i>Cafun\u00e9<\/i>,\u00a0<i>O Di\u00e1rio Oculto de Nora Rute<\/i>,\u00a0<i>Serpentina<\/i>,\u00a0<i>Talism\u00e3<\/i>,\u00a0<i>Rom\u00e3o e Juliana<\/i>,\u00a0<i>J\u00e1 N\u00e3o se Escrevem Cartas de Amor<\/i>,\u00a0<i>Ent\u00e3o, Boa Noite<\/i>,\u00a0<i>Rodopio<\/i>,\u00a0<i>Fab\u00edolo e Pirueta<\/i>.<\/span><\/p>\n<p><span style=\"color: #000000;\">Recebeu o Pr\u00e9mio Gazeta de M\u00e9rito, atribu\u00eddo pelo Clube de Jornalistas em reconhecimento pela sua carreira.<\/span><\/p>\n<p><span style=\"color: #000000;\">In https:\/\/www.dn.pt\/cultura\/morreu-o-escritor-e-jornalista-mrio-zambujal-tinha-90-anos<\/span><\/p>\n        <div class=\"booster-block booster-reactions-block\">\r\n            <div class=\"twp-reactions-icons\">\r\n                \r\n                <div class=\"twp-reacts-wrap\">\r\n                    <a react-data=\"be-react-1\" post-id=\"4893\" class=\"be-face-icons un-reacted\" href=\"javascript:void(0)\">\r\n                        <img decoding=\"async\" src=\"https:\/\/jornaloassobio.pt\/wp-content\/plugins\/booster-extension\/\/assets\/icon\/happy.svg\" alt=\"Happy\">\r\n                    <\/a>\r\n                    <div class=\"twp-reaction-title\">\r\n                        Happy                    <\/div>\r\n                    <div class=\"twp-count-percent\">\r\n                                                    <span style=\"display: none;\" class=\"twp-react-count\">0<\/span>\r\n                        \r\n                                                <span class=\"twp-react-percent\"><span>0<\/span> %<\/span>\r\n                                            <\/div>\r\n                <\/div>\r\n\r\n                <div class=\"twp-reacts-wrap\">\r\n                    <a react-data=\"be-react-2\" post-id=\"4893\" class=\"be-face-icons un-reacted\" href=\"javascript:void(0)\">\r\n                        <img decoding=\"async\" src=\"https:\/\/jornaloassobio.pt\/wp-content\/plugins\/booster-extension\/\/assets\/icon\/sad.svg\" alt=\"Sad\">\r\n                    <\/a>\r\n                    <div class=\"twp-reaction-title\">\r\n                        Sad                    <\/div>\r\n                    <div class=\"twp-count-percent\">\r\n                                                    <span style=\"display: none;\" class=\"twp-react-count\">0<\/span>\r\n                                                                        <span class=\"twp-react-percent\"><span>0<\/span> %<\/span>\r\n                                            <\/div>\r\n                <\/div>\r\n\r\n                <div class=\"twp-reacts-wrap\">\r\n                    <a react-data=\"be-react-3\" post-id=\"4893\" class=\"be-face-icons un-reacted\" href=\"javascript:void(0)\">\r\n                        <img decoding=\"async\" src=\"https:\/\/jornaloassobio.pt\/wp-content\/plugins\/booster-extension\/\/assets\/icon\/excited.svg\" alt=\"Excited\">\r\n                    <\/a>\r\n                    <div class=\"twp-reaction-title\">\r\n                        Excited                    <\/div>\r\n                    <div class=\"twp-count-percent\">\r\n                                                    <span style=\"display: none;\" class=\"twp-react-count\">0<\/span>\r\n                                                                        <span class=\"twp-react-percent\"><span>0<\/span> %<\/span>\r\n                                            <\/div>\r\n                <\/div>\r\n\r\n                <div class=\"twp-reacts-wrap\">\r\n                    <a react-data=\"be-react-6\" post-id=\"4893\" class=\"be-face-icons un-reacted\" href=\"javascript:void(0)\">\r\n                        <img decoding=\"async\" src=\"https:\/\/jornaloassobio.pt\/wp-content\/plugins\/booster-extension\/\/assets\/icon\/sleepy.svg\" alt=\"Sleepy\">\r\n                    <\/a>\r\n                    <div class=\"twp-reaction-title\">\r\n                        Sleepy                    <\/div>\r\n                    <div class=\"twp-count-percent\">\r\n                                                    <span style=\"display: none;\" class=\"twp-react-count\">0<\/span>\r\n                        \r\n                                                <span class=\"twp-react-percent\"><span>0<\/span> %<\/span>\r\n                                            <\/div>\r\n                <\/div>\r\n\r\n                <div class=\"twp-reacts-wrap\">\r\n                    <a react-data=\"be-react-4\" post-id=\"4893\" class=\"be-face-icons un-reacted\" href=\"javascript:void(0)\">\r\n                        <img decoding=\"async\" src=\"https:\/\/jornaloassobio.pt\/wp-content\/plugins\/booster-extension\/\/assets\/icon\/angry.svg\" alt=\"Angry\">\r\n                    <\/a>\r\n                    <div class=\"twp-reaction-title\">Angry<\/div>\r\n                    <div class=\"twp-count-percent\">\r\n                                                    <span style=\"display: none;\" class=\"twp-react-count\">0<\/span>\r\n                                                                        <span class=\"twp-react-percent\"><span>0<\/span> %<\/span>\r\n                        \r\n                    <\/div>\r\n                <\/div>\r\n\r\n                <div class=\"twp-reacts-wrap\">\r\n                    <a react-data=\"be-react-5\" post-id=\"4893\" class=\"be-face-icons un-reacted\" href=\"javascript:void(0)\">\r\n                        <img decoding=\"async\" src=\"https:\/\/jornaloassobio.pt\/wp-content\/plugins\/booster-extension\/\/assets\/icon\/surprise.svg\" alt=\"Surprise\">\r\n                    <\/a>\r\n                    <div class=\"twp-reaction-title\">Surprise<\/div>\r\n                    <div class=\"twp-count-percent\">\r\n                                                    <span style=\"display: none;\" class=\"twp-react-count\">0<\/span>\r\n                                                                        <span class=\"twp-react-percent\"><span>0<\/span> %<\/span>\r\n                                            <\/div>\r\n                <\/div>\r\n\r\n            <\/div>\r\n        <\/div>\r\n\r\n    ","protected":false},"excerpt":{"rendered":"<p>&nbsp; &nbsp; O escritor e jornalista M\u00e1rio Zambujal morreu esta quinta-feira, 12 de mar\u00e7o, aos 90 anos, noticia a RTP. Nascido em Moura, Beja, a 5 de mar\u00e7o de 1936, M\u00e1rio Zambujal foi jornalista desportivo na RTP, no jornal\u00a0A Bola, sub-director do\u00a0Record, tendo sido chefe de reda\u00e7\u00e3o de\u00a0O S\u00e9culo\u00a0e do Di\u00e1rio de Not\u00edcias e diretor [&hellip;]<\/p>\n","protected":false},"author":6,"featured_media":4894,"comment_status":"open","ping_status":"open","sticky":false,"template":"","format":"standard","meta":{"footnotes":""},"categories":[4],"tags":[],"class_list":["post-4893","post","type-post","status-publish","format-standard","has-post-thumbnail","hentry","category-noticias"],"_links":{"self":[{"href":"https:\/\/jornaloassobio.pt\/index.php?rest_route=\/wp\/v2\/posts\/4893","targetHints":{"allow":["GET"]}}],"collection":[{"href":"https:\/\/jornaloassobio.pt\/index.php?rest_route=\/wp\/v2\/posts"}],"about":[{"href":"https:\/\/jornaloassobio.pt\/index.php?rest_route=\/wp\/v2\/types\/post"}],"author":[{"embeddable":true,"href":"https:\/\/jornaloassobio.pt\/index.php?rest_route=\/wp\/v2\/users\/6"}],"replies":[{"embeddable":true,"href":"https:\/\/jornaloassobio.pt\/index.php?rest_route=%2Fwp%2Fv2%2Fcomments&post=4893"}],"version-history":[{"count":2,"href":"https:\/\/jornaloassobio.pt\/index.php?rest_route=\/wp\/v2\/posts\/4893\/revisions"}],"predecessor-version":[{"id":4965,"href":"https:\/\/jornaloassobio.pt\/index.php?rest_route=\/wp\/v2\/posts\/4893\/revisions\/4965"}],"wp:featuredmedia":[{"embeddable":true,"href":"https:\/\/jornaloassobio.pt\/index.php?rest_route=\/wp\/v2\/media\/4894"}],"wp:attachment":[{"href":"https:\/\/jornaloassobio.pt\/index.php?rest_route=%2Fwp%2Fv2%2Fmedia&parent=4893"}],"wp:term":[{"taxonomy":"category","embeddable":true,"href":"https:\/\/jornaloassobio.pt\/index.php?rest_route=%2Fwp%2Fv2%2Fcategories&post=4893"},{"taxonomy":"post_tag","embeddable":true,"href":"https:\/\/jornaloassobio.pt\/index.php?rest_route=%2Fwp%2Fv2%2Ftags&post=4893"}],"curies":[{"name":"wp","href":"https:\/\/api.w.org\/{rel}","templated":true}]}}