{"id":4899,"date":"2026-03-17T11:22:41","date_gmt":"2026-03-17T11:22:41","guid":{"rendered":"https:\/\/jornaloassobio.pt\/?p=4899"},"modified":"2026-03-17T11:22:59","modified_gmt":"2026-03-17T11:22:59","slug":"escola-severim-de-faria-embaixadora-do-parlamento-europeu","status":"publish","type":"post","link":"https:\/\/jornaloassobio.pt\/?p=4899","title":{"rendered":"ESCOLA SEVERIM DE FARIA &#8211; EMBAIXADORA DO PARLAMENTO EUROPEU"},"content":{"rendered":"<div class='booster-block booster-read-block'>\r\n                <div class=\"twp-read-time\">\r\n                \t<i class=\"booster-icon twp-clock\"><\/i> <span>Read Time:<\/span>1 Minute, 10 Second                <\/div>\r\n\r\n            <\/div><p><img loading=\"lazy\" decoding=\"async\" class=\"size-full wp-image-4903 alignleft\" src=\"https:\/\/jornaloassobio.pt\/wp-content\/uploads\/2026\/03\/Epas-7-scaled-200x300-1.jpg\" alt=\"\" width=\"200\" height=\"300\" \/><img loading=\"lazy\" decoding=\"async\" class=\"size-full wp-image-4901 alignnone\" src=\"https:\/\/jornaloassobio.pt\/wp-content\/uploads\/2026\/03\/Epas-15-scaled-300x200-1.jpg\" alt=\"\" width=\"300\" height=\"200\" \/> <img loading=\"lazy\" decoding=\"async\" class=\"size-medium wp-image-4902 alignleft\" src=\"https:\/\/jornaloassobio.pt\/wp-content\/uploads\/2026\/03\/Epas-10-scaled-300x200-1.jpg\" alt=\"\" width=\"300\" height=\"200\" \/> <img loading=\"lazy\" decoding=\"async\" class=\"size-medium wp-image-4904 alignnone\" src=\"https:\/\/jornaloassobio.pt\/wp-content\/uploads\/2026\/03\/Epas-3-scaled-300x200-1.jpg\" alt=\"\" width=\"300\" height=\"200\" \/><img loading=\"lazy\" decoding=\"async\" class=\"size-full wp-image-4905 alignnone\" src=\"https:\/\/jornaloassobio.pt\/wp-content\/uploads\/2026\/03\/Epas-1-scaled-300x200-1.jpg\" alt=\"\" width=\"300\" height=\"200\" \/><\/p>\n<p><span style=\"color: #000000;\">No\u00a0 dia <strong>12 de mar\u00e7o<\/strong>, a <strong>Escola Severim de Faria<\/strong> acolheu uma iniciativa do programa <strong>Escolas Embaixadoras do Parlamento Europeu (EPAS),<\/strong> dedicada ao <strong>Dia Internacional da Mulher. <\/strong><\/span><\/p>\n<p><span style=\"color: #000000;\">O evento assinalou tamb\u00e9m os <strong>40 anos da Ades\u00e3o de Portugal \u00e0 Uni\u00e3o Europeia<\/strong> e a contribui\u00e7\u00e3o das mulheres ao longo desse percurso.<\/span><\/p>\n<p><span style=\"color: #000000;\">Esta iniciativa contou com a presen\u00e7a da <strong>Dra. Isabel Baltazar, Gestora e Coordenadora Nacional do programa EPAS em Portugal<\/strong>, que a ap\u00f3s apresenta\u00e7\u00e3o do <strong>Dicion\u00e1rio \u2013 <em>As Mulheres e a<\/em><\/strong><em> <strong>Unidade Europeia<\/strong><\/em>, trouxe uma not\u00edcia que fez vibrar o audit\u00f3rio: como reconhecimento pela sua excelente participa\u00e7\u00e3o e empenho no <strong>programa EPAS<\/strong>, os alunos viajar\u00e3o no m\u00eas de maio at\u00e9 Estrasburgo, para conhecer o Parlamento Europeu.\u00a0A C\u00e2mara Municipal de \u00c9vora tamb\u00e9m se fez representar pela <strong>Dra. Helena Ferro<\/strong>.<\/span><\/p>\n<p><span style=\"color: #000000;\">Ao longo deste projeto, os Embaixadores Juniores t\u00eam consolidado compet\u00eancias cruciais de pensamento cr\u00edtico, alargando o seu conhecimento pelas institui\u00e7\u00f5es europeias e desenvolvendo uma cidadania ativa.<\/span><\/p>\n<p><span style=\"color: #000000;\">O <strong>programa EPAS<\/strong> permite-lhes desenvolver a literacia democr\u00e1tica, a capacidade de lideran\u00e7a e o trabalho em equipa, capacitando-os para comunicar os valores europeus com autonomia e consci\u00eancia intercultural. Mais do que aprender sobre a Europa, estes alunos assumem-se como verdadeiros agentes de mudan\u00e7a na nossa comunidade.<\/span><\/p>\n<p><span style=\"color: #000000;\">Este evento marcou apenas o in\u00edcio de um m\u00eas intenso, pois as atividades comemorativas dos <strong>40 anos da Ades\u00e3o de Portugal \u00e0 Uni\u00e3o Europeia<\/strong> v\u00e3o continuar ainda durante o m\u00eas de mar\u00e7o.<\/span><\/p>\n        <div class=\"booster-block booster-reactions-block\">\r\n            <div class=\"twp-reactions-icons\">\r\n                \r\n                <div class=\"twp-reacts-wrap\">\r\n                    <a react-data=\"be-react-1\" post-id=\"4899\" class=\"be-face-icons un-reacted\" href=\"javascript:void(0)\">\r\n                        <img decoding=\"async\" src=\"https:\/\/jornaloassobio.pt\/wp-content\/plugins\/booster-extension\/\/assets\/icon\/happy.svg\" alt=\"Happy\">\r\n                    <\/a>\r\n                    <div class=\"twp-reaction-title\">\r\n                        Happy                    <\/div>\r\n                    <div class=\"twp-count-percent\">\r\n                                                    <span style=\"display: none;\" class=\"twp-react-count\">0<\/span>\r\n                        \r\n                                                <span class=\"twp-react-percent\"><span>0<\/span> %<\/span>\r\n                                            <\/div>\r\n                <\/div>\r\n\r\n                <div class=\"twp-reacts-wrap\">\r\n                    <a react-data=\"be-react-2\" post-id=\"4899\" class=\"be-face-icons un-reacted\" href=\"javascript:void(0)\">\r\n                        <img decoding=\"async\" src=\"https:\/\/jornaloassobio.pt\/wp-content\/plugins\/booster-extension\/\/assets\/icon\/sad.svg\" alt=\"Sad\">\r\n                    <\/a>\r\n                    <div class=\"twp-reaction-title\">\r\n                        Sad                    <\/div>\r\n                    <div class=\"twp-count-percent\">\r\n                                                    <span style=\"display: none;\" class=\"twp-react-count\">0<\/span>\r\n                                                                        <span class=\"twp-react-percent\"><span>0<\/span> %<\/span>\r\n                                            <\/div>\r\n                <\/div>\r\n\r\n                <div class=\"twp-reacts-wrap\">\r\n                    <a react-data=\"be-react-3\" post-id=\"4899\" class=\"be-face-icons un-reacted\" href=\"javascript:void(0)\">\r\n                        <img decoding=\"async\" src=\"https:\/\/jornaloassobio.pt\/wp-content\/plugins\/booster-extension\/\/assets\/icon\/excited.svg\" alt=\"Excited\">\r\n                    <\/a>\r\n                    <div class=\"twp-reaction-title\">\r\n                        Excited                    <\/div>\r\n                    <div class=\"twp-count-percent\">\r\n                                                    <span style=\"display: none;\" class=\"twp-react-count\">0<\/span>\r\n                                                                        <span class=\"twp-react-percent\"><span>0<\/span> %<\/span>\r\n                                            <\/div>\r\n                <\/div>\r\n\r\n                <div class=\"twp-reacts-wrap\">\r\n                    <a react-data=\"be-react-6\" post-id=\"4899\" class=\"be-face-icons un-reacted\" href=\"javascript:void(0)\">\r\n                        <img decoding=\"async\" src=\"https:\/\/jornaloassobio.pt\/wp-content\/plugins\/booster-extension\/\/assets\/icon\/sleepy.svg\" alt=\"Sleepy\">\r\n                    <\/a>\r\n                    <div class=\"twp-reaction-title\">\r\n                        Sleepy                    <\/div>\r\n                    <div class=\"twp-count-percent\">\r\n                                                    <span style=\"display: none;\" class=\"twp-react-count\">0<\/span>\r\n                        \r\n                                                <span class=\"twp-react-percent\"><span>0<\/span> %<\/span>\r\n                                            <\/div>\r\n                <\/div>\r\n\r\n                <div class=\"twp-reacts-wrap\">\r\n                    <a react-data=\"be-react-4\" post-id=\"4899\" class=\"be-face-icons un-reacted\" href=\"javascript:void(0)\">\r\n                        <img decoding=\"async\" src=\"https:\/\/jornaloassobio.pt\/wp-content\/plugins\/booster-extension\/\/assets\/icon\/angry.svg\" alt=\"Angry\">\r\n                    <\/a>\r\n                    <div class=\"twp-reaction-title\">Angry<\/div>\r\n                    <div class=\"twp-count-percent\">\r\n                                                    <span style=\"display: none;\" class=\"twp-react-count\">0<\/span>\r\n                                                                        <span class=\"twp-react-percent\"><span>0<\/span> %<\/span>\r\n                        \r\n                    <\/div>\r\n                <\/div>\r\n\r\n                <div class=\"twp-reacts-wrap\">\r\n                    <a react-data=\"be-react-5\" post-id=\"4899\" class=\"be-face-icons un-reacted\" href=\"javascript:void(0)\">\r\n                        <img decoding=\"async\" src=\"https:\/\/jornaloassobio.pt\/wp-content\/plugins\/booster-extension\/\/assets\/icon\/surprise.svg\" alt=\"Surprise\">\r\n                    <\/a>\r\n                    <div class=\"twp-reaction-title\">Surprise<\/div>\r\n                    <div class=\"twp-count-percent\">\r\n                                                    <span style=\"display: none;\" class=\"twp-react-count\">0<\/span>\r\n                                                                        <span class=\"twp-react-percent\"><span>0<\/span> %<\/span>\r\n                                            <\/div>\r\n                <\/div>\r\n\r\n            <\/div>\r\n        <\/div>\r\n\r\n    ","protected":false},"excerpt":{"rendered":"<p>No\u00a0 dia 12 de mar\u00e7o, a Escola Severim de Faria acolheu uma iniciativa do programa Escolas Embaixadoras do Parlamento Europeu (EPAS), dedicada ao Dia Internacional da Mulher. O evento assinalou tamb\u00e9m os 40 anos da Ades\u00e3o de Portugal \u00e0 Uni\u00e3o Europeia e a contribui\u00e7\u00e3o das mulheres ao longo desse percurso. Esta iniciativa contou com a [&hellip;]<\/p>\n","protected":false},"author":6,"featured_media":4901,"comment_status":"open","ping_status":"open","sticky":false,"template":"","format":"standard","meta":{"footnotes":""},"categories":[4],"tags":[],"class_list":["post-4899","post","type-post","status-publish","format-standard","has-post-thumbnail","hentry","category-noticias"],"_links":{"self":[{"href":"https:\/\/jornaloassobio.pt\/index.php?rest_route=\/wp\/v2\/posts\/4899","targetHints":{"allow":["GET"]}}],"collection":[{"href":"https:\/\/jornaloassobio.pt\/index.php?rest_route=\/wp\/v2\/posts"}],"about":[{"href":"https:\/\/jornaloassobio.pt\/index.php?rest_route=\/wp\/v2\/types\/post"}],"author":[{"embeddable":true,"href":"https:\/\/jornaloassobio.pt\/index.php?rest_route=\/wp\/v2\/users\/6"}],"replies":[{"embeddable":true,"href":"https:\/\/jornaloassobio.pt\/index.php?rest_route=%2Fwp%2Fv2%2Fcomments&post=4899"}],"version-history":[{"count":11,"href":"https:\/\/jornaloassobio.pt\/index.php?rest_route=\/wp\/v2\/posts\/4899\/revisions"}],"predecessor-version":[{"id":4915,"href":"https:\/\/jornaloassobio.pt\/index.php?rest_route=\/wp\/v2\/posts\/4899\/revisions\/4915"}],"wp:featuredmedia":[{"embeddable":true,"href":"https:\/\/jornaloassobio.pt\/index.php?rest_route=\/wp\/v2\/media\/4901"}],"wp:attachment":[{"href":"https:\/\/jornaloassobio.pt\/index.php?rest_route=%2Fwp%2Fv2%2Fmedia&parent=4899"}],"wp:term":[{"taxonomy":"category","embeddable":true,"href":"https:\/\/jornaloassobio.pt\/index.php?rest_route=%2Fwp%2Fv2%2Fcategories&post=4899"},{"taxonomy":"post_tag","embeddable":true,"href":"https:\/\/jornaloassobio.pt\/index.php?rest_route=%2Fwp%2Fv2%2Ftags&post=4899"}],"curies":[{"name":"wp","href":"https:\/\/api.w.org\/{rel}","templated":true}]}}