{"id":4916,"date":"2026-03-17T12:23:08","date_gmt":"2026-03-17T12:23:08","guid":{"rendered":"https:\/\/jornaloassobio.pt\/?p=4916"},"modified":"2026-03-17T12:23:33","modified_gmt":"2026-03-17T12:23:33","slug":"as-paisagens-mudam-de-lugar-na-fundacao-eugenio-de-almeida","status":"publish","type":"post","link":"https:\/\/jornaloassobio.pt\/?p=4916","title":{"rendered":"&#8220;AS  PAISAGENS MUDAM DE LUGAR&#8221; NA FUNDA\u00c7\u00c3O EUG\u00c9NIO DE ALMEIDA"},"content":{"rendered":"<div class='booster-block booster-read-block'>\r\n                <div class=\"twp-read-time\">\r\n                \t<i class=\"booster-icon twp-clock\"><\/i> <span>Read Time:<\/span>1 Minute, 11 Second                <\/div>\r\n\r\n            <\/div><div class=\"subtipo\">Exposi\u00e7\u00e3o<\/div>\n<h1 class=\"long\">&#8220;as paisagens mudam de lugar&#8221;: obras da cole\u00e7\u00e3o da Funda\u00e7\u00e3o PLMJ<\/h1>\n<div class=\"intervalo_datas\">De 28.02.2026 a 30.08.2026<\/div>\n<div class=\"local\">Centro de Arte e Cultura | Funda\u00e7\u00e3o Eug\u00e9nio de Almeida | \u00c9vora<\/div>\n<div class=\"row\">\n<div class=\"ilustracao col-12 col-md-12\">\n<p><img loading=\"lazy\" decoding=\"async\" class=\" wp-image-4919 aligncenter\" src=\"https:\/\/jornaloassobio.pt\/wp-content\/uploads\/2026\/03\/transferir-7.jpg\" alt=\"\" width=\"573\" height=\"402\" \/><\/p>\n<p style=\"text-align: center;\">Jo\u00e3o Fonte Santa<\/p>\n<div class=\"legenda\"><span style=\"color: #000000;\">A <\/span><strong style=\"color: #000000;\">Funda\u00e7\u00e3o Eug\u00e9nio de Almeida<\/strong><span style=\"color: #000000;\"> apresenta, no Centro de Arte e Cultura, a exposi\u00e7\u00e3o <\/span><strong style=\"color: #000000;\">\u201cas paisagens mudam de lugar &#8211; obras da cole\u00e7\u00e3o da Funda\u00e7\u00e3o PLMJ<\/strong><span style=\"color: #000000;\">\u201d (a\u00a0 sigla <strong class=\"Yjhzub\" data-sfc-cb=\"\" data-processed=\"true\">PLMJ<\/strong> refere-se aos apelidos dos s\u00f3cios fundadores da sociedade de advogados que criou a funda\u00e7\u00e3o que reune mais de meia centena de obras de 40 artistas d<\/span><span style=\"color: #000000;\">e diversos pa\u00edses de l\u00edngua portuguesa, integrando diferentes gera\u00e7\u00f5es e express\u00f5es art\u00edsticas.<\/span><\/div>\n<\/div>\n<\/div>\n<div class=\"row\">\n<div class=\"conteudo col-12\">\n<div class=\"corpo\">\n<p><span style=\"color: #000000;\">Com obras de: Alice Geirinhas, Ana Cardoso, Ana P\u00e9rez-Quiroga, Ant\u00f3nio J\u00falio Duarte, Catarina Leit\u00e3o, Cristina Ata\u00edde, Daniel V. Melim, D\u00e9lio Jasse, Fernanda Fragateiro, Francisco Vidal, Hor\u00e1cio Frutuoso, J\u00e9ssica Gaspar, Jo\u00e3o Cutileiro, Jo\u00e3o Fonte Santa, Jo\u00e3o Grama, Jo\u00e3o Pedro Vale + Nuno Alexandre Ferreira, Jo\u00e3o Queiroz, Jos\u00e9 Chambel, Jos\u00e9 Pedro Croft, Juliana Matsumura, Maja Escher, Manuel Botelho, Margarida Lagarto, Mariana Gomes, Miguel \u00c2ngelo Rocha, Moira Forjaz, M\u00f3nica de Miranda, Nuno Nunes Ferreira, Pedro Calapez, Pedro Valdez Cardoso, Pedro Vaz, Ramiro Guerreiro, Ren\u00e9 Tavares, Rosana Ricalde, Rui Soares Costa, Susana Gaud\u00eancio,\u00a0Susana Mendes Silva, Tito Mouraz, Vasco Ara\u00fajo, Virg\u00ednia Fr\u00f3is, V\u00edtor Ribeiro.<\/span><\/p>\n<p><span style=\"color: #000000;\">Exposi\u00e7\u00e3o coletiva com curadoria de Jo\u00e3o Silv\u00e9rio.<\/span><\/p>\n<p><span style=\"color: #000000;\">Mais informa\u00e7\u00f5es:\u00a0<\/span><a href=\"https:\/\/www.fea.pt\/cultura\/exposicoes\/as-paisagens-mudam-de-lugar\">https:\/\/www.fea.pt\/cultura\/exposicoes\/as-paisagens-mudam-de-lugar<\/a><\/p>\n<p><span style=\"color: #000000;\">De ter\u00e7a-feira a domingo, 10h00-13h00 \/ 14h00-18h00 | Entrada livre<\/span><\/p>\n<p><span style=\"color: #000000;\">Inaugura\u00e7\u00e3o: 28 de fevereiro, \u00e0s 17h00<\/span><\/p>\n<\/div>\n<div class=\"share-bar\">\n<div id=\"share_bar_45761\" class=\"my-4\"><\/div>\n<\/div>\n<\/div>\n<\/div>\n        <div class=\"booster-block booster-reactions-block\">\r\n            <div class=\"twp-reactions-icons\">\r\n                \r\n                <div class=\"twp-reacts-wrap\">\r\n                    <a react-data=\"be-react-1\" post-id=\"4916\" class=\"be-face-icons un-reacted\" href=\"javascript:void(0)\">\r\n                        <img decoding=\"async\" src=\"https:\/\/jornaloassobio.pt\/wp-content\/plugins\/booster-extension\/\/assets\/icon\/happy.svg\" alt=\"Happy\">\r\n                    <\/a>\r\n                    <div class=\"twp-reaction-title\">\r\n                        Happy                    <\/div>\r\n                    <div class=\"twp-count-percent\">\r\n                                                    <span style=\"display: none;\" class=\"twp-react-count\">0<\/span>\r\n                        \r\n                                                <span class=\"twp-react-percent\"><span>0<\/span> %<\/span>\r\n                                            <\/div>\r\n                <\/div>\r\n\r\n                <div class=\"twp-reacts-wrap\">\r\n                    <a react-data=\"be-react-2\" post-id=\"4916\" class=\"be-face-icons un-reacted\" href=\"javascript:void(0)\">\r\n                        <img decoding=\"async\" src=\"https:\/\/jornaloassobio.pt\/wp-content\/plugins\/booster-extension\/\/assets\/icon\/sad.svg\" alt=\"Sad\">\r\n                    <\/a>\r\n                    <div class=\"twp-reaction-title\">\r\n                        Sad                    <\/div>\r\n                    <div class=\"twp-count-percent\">\r\n                                                    <span style=\"display: none;\" class=\"twp-react-count\">0<\/span>\r\n                                                                        <span class=\"twp-react-percent\"><span>0<\/span> %<\/span>\r\n                                            <\/div>\r\n                <\/div>\r\n\r\n                <div class=\"twp-reacts-wrap\">\r\n                    <a react-data=\"be-react-3\" post-id=\"4916\" class=\"be-face-icons un-reacted\" href=\"javascript:void(0)\">\r\n                        <img decoding=\"async\" src=\"https:\/\/jornaloassobio.pt\/wp-content\/plugins\/booster-extension\/\/assets\/icon\/excited.svg\" alt=\"Excited\">\r\n                    <\/a>\r\n                    <div class=\"twp-reaction-title\">\r\n                        Excited                    <\/div>\r\n                    <div class=\"twp-count-percent\">\r\n                                                    <span style=\"display: none;\" class=\"twp-react-count\">0<\/span>\r\n                                                                        <span class=\"twp-react-percent\"><span>0<\/span> %<\/span>\r\n                                            <\/div>\r\n                <\/div>\r\n\r\n                <div class=\"twp-reacts-wrap\">\r\n                    <a react-data=\"be-react-6\" post-id=\"4916\" class=\"be-face-icons un-reacted\" href=\"javascript:void(0)\">\r\n                        <img decoding=\"async\" src=\"https:\/\/jornaloassobio.pt\/wp-content\/plugins\/booster-extension\/\/assets\/icon\/sleepy.svg\" alt=\"Sleepy\">\r\n                    <\/a>\r\n                    <div class=\"twp-reaction-title\">\r\n                        Sleepy                    <\/div>\r\n                    <div class=\"twp-count-percent\">\r\n                                                    <span style=\"display: none;\" class=\"twp-react-count\">0<\/span>\r\n                        \r\n                                                <span class=\"twp-react-percent\"><span>0<\/span> %<\/span>\r\n                                            <\/div>\r\n                <\/div>\r\n\r\n                <div class=\"twp-reacts-wrap\">\r\n                    <a react-data=\"be-react-4\" post-id=\"4916\" class=\"be-face-icons un-reacted\" href=\"javascript:void(0)\">\r\n                        <img decoding=\"async\" src=\"https:\/\/jornaloassobio.pt\/wp-content\/plugins\/booster-extension\/\/assets\/icon\/angry.svg\" alt=\"Angry\">\r\n                    <\/a>\r\n                    <div class=\"twp-reaction-title\">Angry<\/div>\r\n                    <div class=\"twp-count-percent\">\r\n                                                    <span style=\"display: none;\" class=\"twp-react-count\">0<\/span>\r\n                                                                        <span class=\"twp-react-percent\"><span>0<\/span> %<\/span>\r\n                        \r\n                    <\/div>\r\n                <\/div>\r\n\r\n                <div class=\"twp-reacts-wrap\">\r\n                    <a react-data=\"be-react-5\" post-id=\"4916\" class=\"be-face-icons un-reacted\" href=\"javascript:void(0)\">\r\n                        <img decoding=\"async\" src=\"https:\/\/jornaloassobio.pt\/wp-content\/plugins\/booster-extension\/\/assets\/icon\/surprise.svg\" alt=\"Surprise\">\r\n                    <\/a>\r\n                    <div class=\"twp-reaction-title\">Surprise<\/div>\r\n                    <div class=\"twp-count-percent\">\r\n                                                    <span style=\"display: none;\" class=\"twp-react-count\">0<\/span>\r\n                                                                        <span class=\"twp-react-percent\"><span>0<\/span> %<\/span>\r\n                                            <\/div>\r\n                <\/div>\r\n\r\n            <\/div>\r\n        <\/div>\r\n\r\n    ","protected":false},"excerpt":{"rendered":"<p>Exposi\u00e7\u00e3o &#8220;as paisagens mudam de lugar&#8221;: obras da cole\u00e7\u00e3o da Funda\u00e7\u00e3o PLMJ De 28.02.2026 a 30.08.2026 Centro de Arte e Cultura | Funda\u00e7\u00e3o Eug\u00e9nio de Almeida | \u00c9vora Jo\u00e3o Fonte Santa A Funda\u00e7\u00e3o Eug\u00e9nio de Almeida apresenta, no Centro de Arte e Cultura, a exposi\u00e7\u00e3o \u201cas paisagens mudam de lugar &#8211; obras da cole\u00e7\u00e3o da [&hellip;]<\/p>\n","protected":false},"author":6,"featured_media":4919,"comment_status":"open","ping_status":"open","sticky":false,"template":"","format":"standard","meta":{"footnotes":""},"categories":[4],"tags":[],"class_list":["post-4916","post","type-post","status-publish","format-standard","has-post-thumbnail","hentry","category-noticias"],"_links":{"self":[{"href":"https:\/\/jornaloassobio.pt\/index.php?rest_route=\/wp\/v2\/posts\/4916","targetHints":{"allow":["GET"]}}],"collection":[{"href":"https:\/\/jornaloassobio.pt\/index.php?rest_route=\/wp\/v2\/posts"}],"about":[{"href":"https:\/\/jornaloassobio.pt\/index.php?rest_route=\/wp\/v2\/types\/post"}],"author":[{"embeddable":true,"href":"https:\/\/jornaloassobio.pt\/index.php?rest_route=\/wp\/v2\/users\/6"}],"replies":[{"embeddable":true,"href":"https:\/\/jornaloassobio.pt\/index.php?rest_route=%2Fwp%2Fv2%2Fcomments&post=4916"}],"version-history":[{"count":6,"href":"https:\/\/jornaloassobio.pt\/index.php?rest_route=\/wp\/v2\/posts\/4916\/revisions"}],"predecessor-version":[{"id":4923,"href":"https:\/\/jornaloassobio.pt\/index.php?rest_route=\/wp\/v2\/posts\/4916\/revisions\/4923"}],"wp:featuredmedia":[{"embeddable":true,"href":"https:\/\/jornaloassobio.pt\/index.php?rest_route=\/wp\/v2\/media\/4919"}],"wp:attachment":[{"href":"https:\/\/jornaloassobio.pt\/index.php?rest_route=%2Fwp%2Fv2%2Fmedia&parent=4916"}],"wp:term":[{"taxonomy":"category","embeddable":true,"href":"https:\/\/jornaloassobio.pt\/index.php?rest_route=%2Fwp%2Fv2%2Fcategories&post=4916"},{"taxonomy":"post_tag","embeddable":true,"href":"https:\/\/jornaloassobio.pt\/index.php?rest_route=%2Fwp%2Fv2%2Ftags&post=4916"}],"curies":[{"name":"wp","href":"https:\/\/api.w.org\/{rel}","templated":true}]}}