{"id":4938,"date":"2026-03-24T10:58:58","date_gmt":"2026-03-24T10:58:58","guid":{"rendered":"https:\/\/jornaloassobio.pt\/?p=4938"},"modified":"2026-03-27T19:20:40","modified_gmt":"2026-03-27T19:20:40","slug":"guarda-chuvas-poeticos-no-dia-mundial-da-poesia","status":"publish","type":"post","link":"https:\/\/jornaloassobio.pt\/?p=4938","title":{"rendered":"&#8220;Chap\u00e9us de Poesia&#8221; no Agrupamento de Escolas Severim de Faria"},"content":{"rendered":"<div class='booster-block booster-read-block'>\r\n                <div class=\"twp-read-time\">\r\n                \t<i class=\"booster-icon twp-clock\"><\/i> <span>Read Time:<\/span>37 Second                <\/div>\r\n\r\n            <\/div><p><img loading=\"lazy\" decoding=\"async\" class=\"wp-image-4939 aligncenter\" src=\"https:\/\/jornaloassobio.pt\/wp-content\/uploads\/2026\/03\/20260323_132335-225x300.jpg\" alt=\"\" width=\"182\" height=\"243\" srcset=\"https:\/\/jornaloassobio.pt\/wp-content\/uploads\/2026\/03\/20260323_132335-225x300.jpg 225w, https:\/\/jornaloassobio.pt\/wp-content\/uploads\/2026\/03\/20260323_132335-768x1024.jpg 768w, https:\/\/jornaloassobio.pt\/wp-content\/uploads\/2026\/03\/20260323_132335-1152x1536.jpg 1152w, https:\/\/jornaloassobio.pt\/wp-content\/uploads\/2026\/03\/20260323_132335-1536x2048.jpg 1536w, https:\/\/jornaloassobio.pt\/wp-content\/uploads\/2026\/03\/20260323_132335-scaled.jpg 1920w\" sizes=\"auto, (max-width: 182px) 100vw, 182px\" \/><\/p>\n<p><span style=\"color: #000000;\">O <strong>Dia Mundial da Poesia<\/strong> surgiu a seguir \u00e0 <strong>Primavera<\/strong> e aliou a alma das palavras\u00a0 \u00e0 magia das cores.\u00a0<\/span><span style=\"color: #000000;\">Na <strong>Escola Secund\u00e1ria Severim\u00a0 de Faria<\/strong>, o espa\u00e7o abriu-se \u00e0 criatividade e \u00e0 imagina\u00e7\u00e3o.\u00a0<\/span><span style=\"color: #000000;\">Os &#8220;<strong>Chap\u00e9us de Poesia&#8221;<\/strong> , colocados na Biblioteca e por toda a Escola abrigaram poemas que fizeram cintilar gotas de vida.<\/span><\/p>\n<p><span style=\"color: #000000;\">Este projeto foi desenvolvido pelos Professores Estagi\u00e1rios de Portugu\u00eas e Ingl\u00eas,\u00a0 In\u00eas Rom\u00e3o e Lu\u00eds Mesquita,\u00a0 sob a orienta\u00e7\u00e3o da Docente Ana Maria Martins e com a colabora\u00e7\u00e3o dos alunos dos 10\u00ba anos de Literatura e alunos an\u00f3nimos, com pseud\u00f3nimo ou com o nome pr\u00f3prio . Tamb\u00e9m prestaram a sua colabora\u00e7\u00e3o os alunos do 5\u00ba e 6\u00ba anos de S. Clara e os alunos das Escolas B\u00e1sicas do Agrupamento.<\/span><\/p>\n<p><img loading=\"lazy\" decoding=\"async\" class=\"wp-image-4941 aligncenter\" src=\"https:\/\/jornaloassobio.pt\/wp-content\/uploads\/2026\/03\/20260323_132643-225x300.jpg\" alt=\"\" width=\"176\" height=\"235\" srcset=\"https:\/\/jornaloassobio.pt\/wp-content\/uploads\/2026\/03\/20260323_132643-225x300.jpg 225w, https:\/\/jornaloassobio.pt\/wp-content\/uploads\/2026\/03\/20260323_132643-768x1024.jpg 768w, https:\/\/jornaloassobio.pt\/wp-content\/uploads\/2026\/03\/20260323_132643-1152x1536.jpg 1152w, https:\/\/jornaloassobio.pt\/wp-content\/uploads\/2026\/03\/20260323_132643-1536x2048.jpg 1536w, https:\/\/jornaloassobio.pt\/wp-content\/uploads\/2026\/03\/20260323_132643-scaled.jpg 1920w\" sizes=\"auto, (max-width: 176px) 100vw, 176px\" \/><\/p>\n<p><img loading=\"lazy\" decoding=\"async\" class=\"wp-image-4940 aligncenter\" src=\"https:\/\/jornaloassobio.pt\/wp-content\/uploads\/2026\/03\/20260323_132618-225x300.jpg\" alt=\"\" width=\"181\" height=\"241\" srcset=\"https:\/\/jornaloassobio.pt\/wp-content\/uploads\/2026\/03\/20260323_132618-225x300.jpg 225w, https:\/\/jornaloassobio.pt\/wp-content\/uploads\/2026\/03\/20260323_132618-768x1024.jpg 768w, https:\/\/jornaloassobio.pt\/wp-content\/uploads\/2026\/03\/20260323_132618-1152x1536.jpg 1152w, https:\/\/jornaloassobio.pt\/wp-content\/uploads\/2026\/03\/20260323_132618-1536x2048.jpg 1536w, https:\/\/jornaloassobio.pt\/wp-content\/uploads\/2026\/03\/20260323_132618-scaled.jpg 1920w\" sizes=\"auto, (max-width: 181px) 100vw, 181px\" \/><\/p>\n        <div class=\"booster-block booster-reactions-block\">\r\n            <div class=\"twp-reactions-icons\">\r\n                \r\n                <div class=\"twp-reacts-wrap\">\r\n                    <a react-data=\"be-react-1\" post-id=\"4938\" class=\"be-face-icons un-reacted\" href=\"javascript:void(0)\">\r\n                        <img decoding=\"async\" src=\"https:\/\/jornaloassobio.pt\/wp-content\/plugins\/booster-extension\/\/assets\/icon\/happy.svg\" alt=\"Happy\">\r\n                    <\/a>\r\n                    <div class=\"twp-reaction-title\">\r\n                        Happy                    <\/div>\r\n                    <div class=\"twp-count-percent\">\r\n                                                    <span style=\"display: none;\" class=\"twp-react-count\">0<\/span>\r\n                        \r\n                                                <span class=\"twp-react-percent\"><span>0<\/span> %<\/span>\r\n                                            <\/div>\r\n                <\/div>\r\n\r\n                <div class=\"twp-reacts-wrap\">\r\n                    <a react-data=\"be-react-2\" post-id=\"4938\" class=\"be-face-icons un-reacted\" href=\"javascript:void(0)\">\r\n                        <img decoding=\"async\" src=\"https:\/\/jornaloassobio.pt\/wp-content\/plugins\/booster-extension\/\/assets\/icon\/sad.svg\" alt=\"Sad\">\r\n                    <\/a>\r\n                    <div class=\"twp-reaction-title\">\r\n                        Sad                    <\/div>\r\n                    <div class=\"twp-count-percent\">\r\n                                                    <span style=\"display: none;\" class=\"twp-react-count\">0<\/span>\r\n                                                                        <span class=\"twp-react-percent\"><span>0<\/span> %<\/span>\r\n                                            <\/div>\r\n                <\/div>\r\n\r\n                <div class=\"twp-reacts-wrap\">\r\n                    <a react-data=\"be-react-3\" post-id=\"4938\" class=\"be-face-icons un-reacted\" href=\"javascript:void(0)\">\r\n                        <img decoding=\"async\" src=\"https:\/\/jornaloassobio.pt\/wp-content\/plugins\/booster-extension\/\/assets\/icon\/excited.svg\" alt=\"Excited\">\r\n                    <\/a>\r\n                    <div class=\"twp-reaction-title\">\r\n                        Excited                    <\/div>\r\n                    <div class=\"twp-count-percent\">\r\n                                                    <span style=\"display: none;\" class=\"twp-react-count\">0<\/span>\r\n                                                                        <span class=\"twp-react-percent\"><span>0<\/span> %<\/span>\r\n                                            <\/div>\r\n                <\/div>\r\n\r\n                <div class=\"twp-reacts-wrap\">\r\n                    <a react-data=\"be-react-6\" post-id=\"4938\" class=\"be-face-icons un-reacted\" href=\"javascript:void(0)\">\r\n                        <img decoding=\"async\" src=\"https:\/\/jornaloassobio.pt\/wp-content\/plugins\/booster-extension\/\/assets\/icon\/sleepy.svg\" alt=\"Sleepy\">\r\n                    <\/a>\r\n                    <div class=\"twp-reaction-title\">\r\n                        Sleepy                    <\/div>\r\n                    <div class=\"twp-count-percent\">\r\n                                                    <span style=\"display: none;\" class=\"twp-react-count\">0<\/span>\r\n                        \r\n                                                <span class=\"twp-react-percent\"><span>0<\/span> %<\/span>\r\n                                            <\/div>\r\n                <\/div>\r\n\r\n                <div class=\"twp-reacts-wrap\">\r\n                    <a react-data=\"be-react-4\" post-id=\"4938\" class=\"be-face-icons un-reacted\" href=\"javascript:void(0)\">\r\n                        <img decoding=\"async\" src=\"https:\/\/jornaloassobio.pt\/wp-content\/plugins\/booster-extension\/\/assets\/icon\/angry.svg\" alt=\"Angry\">\r\n                    <\/a>\r\n                    <div class=\"twp-reaction-title\">Angry<\/div>\r\n                    <div class=\"twp-count-percent\">\r\n                                                    <span style=\"display: none;\" class=\"twp-react-count\">0<\/span>\r\n                                                                        <span class=\"twp-react-percent\"><span>0<\/span> %<\/span>\r\n                        \r\n                    <\/div>\r\n                <\/div>\r\n\r\n                <div class=\"twp-reacts-wrap\">\r\n                    <a react-data=\"be-react-5\" post-id=\"4938\" class=\"be-face-icons un-reacted\" href=\"javascript:void(0)\">\r\n                        <img decoding=\"async\" src=\"https:\/\/jornaloassobio.pt\/wp-content\/plugins\/booster-extension\/\/assets\/icon\/surprise.svg\" alt=\"Surprise\">\r\n                    <\/a>\r\n                    <div class=\"twp-reaction-title\">Surprise<\/div>\r\n                    <div class=\"twp-count-percent\">\r\n                                                    <span style=\"display: none;\" class=\"twp-react-count\">0<\/span>\r\n                                                                        <span class=\"twp-react-percent\"><span>0<\/span> %<\/span>\r\n                                            <\/div>\r\n                <\/div>\r\n\r\n            <\/div>\r\n        <\/div>\r\n\r\n    ","protected":false},"excerpt":{"rendered":"<p>O Dia Mundial da Poesia surgiu a seguir \u00e0 Primavera e aliou a alma das palavras\u00a0 \u00e0 magia das cores.\u00a0Na Escola Secund\u00e1ria Severim\u00a0 de Faria, o espa\u00e7o abriu-se \u00e0 criatividade e \u00e0 imagina\u00e7\u00e3o.\u00a0Os &#8220;Chap\u00e9us de Poesia&#8221; , colocados na Biblioteca e por toda a Escola abrigaram poemas que fizeram cintilar gotas de vida. Este projeto [&hellip;]<\/p>\n","protected":false},"author":6,"featured_media":4940,"comment_status":"open","ping_status":"open","sticky":false,"template":"","format":"standard","meta":{"footnotes":""},"categories":[4],"tags":[],"class_list":["post-4938","post","type-post","status-publish","format-standard","has-post-thumbnail","hentry","category-noticias"],"_links":{"self":[{"href":"https:\/\/jornaloassobio.pt\/index.php?rest_route=\/wp\/v2\/posts\/4938","targetHints":{"allow":["GET"]}}],"collection":[{"href":"https:\/\/jornaloassobio.pt\/index.php?rest_route=\/wp\/v2\/posts"}],"about":[{"href":"https:\/\/jornaloassobio.pt\/index.php?rest_route=\/wp\/v2\/types\/post"}],"author":[{"embeddable":true,"href":"https:\/\/jornaloassobio.pt\/index.php?rest_route=\/wp\/v2\/users\/6"}],"replies":[{"embeddable":true,"href":"https:\/\/jornaloassobio.pt\/index.php?rest_route=%2Fwp%2Fv2%2Fcomments&post=4938"}],"version-history":[{"count":17,"href":"https:\/\/jornaloassobio.pt\/index.php?rest_route=\/wp\/v2\/posts\/4938\/revisions"}],"predecessor-version":[{"id":5024,"href":"https:\/\/jornaloassobio.pt\/index.php?rest_route=\/wp\/v2\/posts\/4938\/revisions\/5024"}],"wp:featuredmedia":[{"embeddable":true,"href":"https:\/\/jornaloassobio.pt\/index.php?rest_route=\/wp\/v2\/media\/4940"}],"wp:attachment":[{"href":"https:\/\/jornaloassobio.pt\/index.php?rest_route=%2Fwp%2Fv2%2Fmedia&parent=4938"}],"wp:term":[{"taxonomy":"category","embeddable":true,"href":"https:\/\/jornaloassobio.pt\/index.php?rest_route=%2Fwp%2Fv2%2Fcategories&post=4938"},{"taxonomy":"post_tag","embeddable":true,"href":"https:\/\/jornaloassobio.pt\/index.php?rest_route=%2Fwp%2Fv2%2Ftags&post=4938"}],"curies":[{"name":"wp","href":"https:\/\/api.w.org\/{rel}","templated":true}]}}