{"id":500,"date":"2023-11-08T11:25:55","date_gmt":"2023-11-08T11:25:55","guid":{"rendered":"https:\/\/jornaloassobio.pt\/?p=500"},"modified":"2023-11-30T16:04:11","modified_gmt":"2023-11-30T16:04:11","slug":"dia-de-s-martinho-no-agrupamento","status":"publish","type":"post","link":"https:\/\/jornaloassobio.pt\/?p=500","title":{"rendered":"DIA DE S. MARTINHO NO AGRUPAMENTO"},"content":{"rendered":"<div class='booster-block booster-read-block'>\r\n                <div class=\"twp-read-time\">\r\n                \t<i class=\"booster-icon twp-clock\"><\/i> <span>Read Time:<\/span>1 Minute, 52 Second                <\/div>\r\n\r\n            <\/div><p>&nbsp;<\/p>\n<p><img loading=\"lazy\" decoding=\"async\" class=\"size-medium wp-image-601 alignright\" src=\"https:\/\/jornaloassobio.pt\/wp-content\/uploads\/2023\/11\/IMG_20231110_101817-300x225.jpg\" alt=\"\" width=\"300\" height=\"225\" srcset=\"https:\/\/jornaloassobio.pt\/wp-content\/uploads\/2023\/11\/IMG_20231110_101817-300x225.jpg 300w, https:\/\/jornaloassobio.pt\/wp-content\/uploads\/2023\/11\/IMG_20231110_101817-1024x768.jpg 1024w, https:\/\/jornaloassobio.pt\/wp-content\/uploads\/2023\/11\/IMG_20231110_101817-768x576.jpg 768w, https:\/\/jornaloassobio.pt\/wp-content\/uploads\/2023\/11\/IMG_20231110_101817-1536x1152.jpg 1536w, https:\/\/jornaloassobio.pt\/wp-content\/uploads\/2023\/11\/IMG_20231110_101817-2048x1536.jpg 2048w\" sizes=\"auto, (max-width: 300px) 100vw, 300px\" \/><\/p>\n<p><img loading=\"lazy\" decoding=\"async\" class=\"size-medium wp-image-604 alignright\" src=\"https:\/\/jornaloassobio.pt\/wp-content\/uploads\/2023\/11\/IMG_20231110_101700-300x225.jpg\" alt=\"\" width=\"300\" height=\"225\" srcset=\"https:\/\/jornaloassobio.pt\/wp-content\/uploads\/2023\/11\/IMG_20231110_101700-300x225.jpg 300w, https:\/\/jornaloassobio.pt\/wp-content\/uploads\/2023\/11\/IMG_20231110_101700-1024x768.jpg 1024w, https:\/\/jornaloassobio.pt\/wp-content\/uploads\/2023\/11\/IMG_20231110_101700-768x576.jpg 768w, https:\/\/jornaloassobio.pt\/wp-content\/uploads\/2023\/11\/IMG_20231110_101700-1536x1152.jpg 1536w, https:\/\/jornaloassobio.pt\/wp-content\/uploads\/2023\/11\/IMG_20231110_101700-2048x1536.jpg 2048w\" sizes=\"auto, (max-width: 300px) 100vw, 300px\" \/><\/p>\n<p><img loading=\"lazy\" decoding=\"async\" class=\"size-medium wp-image-605 alignright\" src=\"https:\/\/jornaloassobio.pt\/wp-content\/uploads\/2023\/11\/IMG_20231110_101902-300x225.jpg\" alt=\"\" width=\"300\" height=\"225\" srcset=\"https:\/\/jornaloassobio.pt\/wp-content\/uploads\/2023\/11\/IMG_20231110_101902-300x225.jpg 300w, https:\/\/jornaloassobio.pt\/wp-content\/uploads\/2023\/11\/IMG_20231110_101902-1024x768.jpg 1024w, https:\/\/jornaloassobio.pt\/wp-content\/uploads\/2023\/11\/IMG_20231110_101902-768x576.jpg 768w, https:\/\/jornaloassobio.pt\/wp-content\/uploads\/2023\/11\/IMG_20231110_101902-1536x1152.jpg 1536w, https:\/\/jornaloassobio.pt\/wp-content\/uploads\/2023\/11\/IMG_20231110_101902-2048x1536.jpg 2048w\" sizes=\"auto, (max-width: 300px) 100vw, 300px\" \/><\/p>\n<p><img loading=\"lazy\" decoding=\"async\" class=\"wp-image-501 alignleft\" src=\"https:\/\/jornaloassobio.pt\/wp-content\/uploads\/2023\/11\/capote-212x300.jpg\" alt=\"\" width=\"278\" height=\"393\" srcset=\"https:\/\/jornaloassobio.pt\/wp-content\/uploads\/2023\/11\/capote-212x300.jpg 212w, https:\/\/jornaloassobio.pt\/wp-content\/uploads\/2023\/11\/capote.jpg 701w\" sizes=\"auto, (max-width: 278px) 100vw, 278px\" \/><\/p>\n<p>Em todas as Escolas do nosso Agrupamento, no dia 10 de novembro, a partir das 10 horas, comemorou-se o <strong>Dia de S. Martinho<\/strong>.<\/p>\n<p>A partir das 14 horas e 30 minutos, na Escola B\u00e1sica de Santa Clara, realizou-se o tradicional <strong>Magusto<\/strong>, recheado de nozes, figos, batatas doces e castanhas assadas, entre outras iguarias. Este esteve aberto a toda a comunidade escolar.<\/p>\n<p class=\"x_MsoNormal\">Este ano , com a atividade &#8220;<strong>No Magusto, Doa o teu Capote<\/strong>&#8220;, promovida pelo Clube de Voluntariado do AESF, sob a coordena\u00e7\u00e3o da docente Jacinta Rosado, foi feita uma recolha de agasalhos para distribuir pelos mais necessitados.<\/p>\n<p class=\"x_MsoNormal\">A anima\u00e7\u00e3o do evento ficou a cargo dos alunos e docentes dos Cursos T\u00e9cnicos Profissionais e PIEF.<\/p>\n<p>No Bar da Escola Severim de Faria, est\u00e1 patente uma <strong>Exposi\u00e7\u00e3o de prov\u00e9rbios populares<\/strong>, pendurados em folhas de outono, alusivos \u00e0 tem\u00e1tica\u00a0 em apre\u00e7o.<\/p>\n<p>Integrada na abertura das comemora\u00e7\u00f5es do S. Martinho, foi feita a <strong>Apresenta\u00e7\u00e3o do Grupo Coral Infantil de S\u00e3o Man\u00e7os<\/strong>, na Casa do Povo desta vila, pelas 18 horas e 30 minutos. A organiza\u00e7\u00e3o do evento apela \u00e0 participa\u00e7\u00e3o de toda a comunidade: &#8220;Vem e traz um amigo tamb\u00e9m!&#8221;.<\/p>\n<p><img loading=\"lazy\" decoding=\"async\" class=\" wp-image-516 alignright\" src=\"https:\/\/jornaloassobio.pt\/wp-content\/uploads\/2023\/11\/IMG-20231107-WA0000-2-300x213.jpg\" alt=\"\" width=\"327\" height=\"232\" srcset=\"https:\/\/jornaloassobio.pt\/wp-content\/uploads\/2023\/11\/IMG-20231107-WA0000-2-300x213.jpg 300w, https:\/\/jornaloassobio.pt\/wp-content\/uploads\/2023\/11\/IMG-20231107-WA0000-2-1024x726.jpg 1024w, https:\/\/jornaloassobio.pt\/wp-content\/uploads\/2023\/11\/IMG-20231107-WA0000-2-768x545.jpg 768w, https:\/\/jornaloassobio.pt\/wp-content\/uploads\/2023\/11\/IMG-20231107-WA0000-2-1536x1090.jpg 1536w, https:\/\/jornaloassobio.pt\/wp-content\/uploads\/2023\/11\/IMG-20231107-WA0000-2.jpg 1748w\" sizes=\"auto, (max-width: 327px) 100vw, 327px\" \/><\/p>\n<p>Mas quem foi S. Martinho, este santo t\u00e3o venerado? Consta que ter\u00e1 nascido na Hungria, no ano de 316. Ter\u00e1 sido um soldado romano que, depois de receber o batismo e renunciar \u00e0 mil\u00edcia, ter\u00e1 fundado um mosteiro em Fran\u00e7a. Ter\u00e1 seguido a vida mon\u00e1stica, tornando-se bispo. Ter\u00e1 morrido no dia 8 de novembro de 397.<\/p>\n<p>A celebra\u00e7\u00e3o do Dia de S. Martinho tem origem numa lenda que remonta ao ano de 337 (s\u00e9culo IV) e que teve como cen\u00e1rio a G\u00e1lia (a atual Fran\u00e7a). Segundo esta lenda, Martinho, um cavaleiro gaul\u00eas, ter\u00e1 produzido um milagre. Corria o ano de 337 e, num outono muito frio e agreste, o cavaleiro\u00a0 Martinho tentava regressar a casa durante uma tempestade. A meio do caminho, encontrou um mendigo\u00a0 que lhe pediu que o ajudasse e lhe desse uma esmola. Martinho, para ajudar o mendigo, retirou o seu manto \u00a0e cortou-o em duas partes com a sua espada. Nesse momento, a tempestade\u00a0 terminou e apareceu o sol. Esse milagre \u00a0ficou conhecido como &#8220;o ver\u00e3o de S. Martinho&#8221;.<\/p>\n<h6 title=\"Esta se\u00e7\u00e3o foi configurada para n\u00e3o ser edit\u00e1vel diretamente. Edite a p\u00e1gina toda ou a se\u00e7\u00e3o anterior em vez disso.\">https:\/\/falarportugues.net\/as-tradicoes-de-s-martinho-em-portugal\/<\/h6>\n        <div class=\"booster-block booster-reactions-block\">\r\n            <div class=\"twp-reactions-icons\">\r\n                \r\n                <div class=\"twp-reacts-wrap\">\r\n                    <a react-data=\"be-react-1\" post-id=\"500\" class=\"be-face-icons un-reacted\" href=\"javascript:void(0)\">\r\n                        <img decoding=\"async\" src=\"https:\/\/jornaloassobio.pt\/wp-content\/plugins\/booster-extension\/\/assets\/icon\/happy.svg\" alt=\"Happy\">\r\n                    <\/a>\r\n                    <div class=\"twp-reaction-title\">\r\n                        Happy                    <\/div>\r\n                    <div class=\"twp-count-percent\">\r\n                                                    <span style=\"display: none;\" class=\"twp-react-count\">0<\/span>\r\n                        \r\n                                                <span class=\"twp-react-percent\"><span>0<\/span> %<\/span>\r\n                                            <\/div>\r\n                <\/div>\r\n\r\n                <div class=\"twp-reacts-wrap\">\r\n                    <a react-data=\"be-react-2\" post-id=\"500\" class=\"be-face-icons un-reacted\" href=\"javascript:void(0)\">\r\n                        <img decoding=\"async\" src=\"https:\/\/jornaloassobio.pt\/wp-content\/plugins\/booster-extension\/\/assets\/icon\/sad.svg\" alt=\"Sad\">\r\n                    <\/a>\r\n                    <div class=\"twp-reaction-title\">\r\n                        Sad                    <\/div>\r\n                    <div class=\"twp-count-percent\">\r\n                                                    <span style=\"display: none;\" class=\"twp-react-count\">0<\/span>\r\n                                                                        <span class=\"twp-react-percent\"><span>0<\/span> %<\/span>\r\n                                            <\/div>\r\n                <\/div>\r\n\r\n                <div class=\"twp-reacts-wrap\">\r\n                    <a react-data=\"be-react-3\" post-id=\"500\" class=\"be-face-icons un-reacted\" href=\"javascript:void(0)\">\r\n                        <img decoding=\"async\" src=\"https:\/\/jornaloassobio.pt\/wp-content\/plugins\/booster-extension\/\/assets\/icon\/excited.svg\" alt=\"Excited\">\r\n                    <\/a>\r\n                    <div class=\"twp-reaction-title\">\r\n                        Excited                    <\/div>\r\n                    <div class=\"twp-count-percent\">\r\n                                                    <span style=\"display: none;\" class=\"twp-react-count\">0<\/span>\r\n                                                                        <span class=\"twp-react-percent\"><span>0<\/span> %<\/span>\r\n                                            <\/div>\r\n                <\/div>\r\n\r\n                <div class=\"twp-reacts-wrap\">\r\n                    <a react-data=\"be-react-6\" post-id=\"500\" class=\"be-face-icons un-reacted\" href=\"javascript:void(0)\">\r\n                        <img decoding=\"async\" src=\"https:\/\/jornaloassobio.pt\/wp-content\/plugins\/booster-extension\/\/assets\/icon\/sleepy.svg\" alt=\"Sleepy\">\r\n                    <\/a>\r\n                    <div class=\"twp-reaction-title\">\r\n                        Sleepy                    <\/div>\r\n                    <div class=\"twp-count-percent\">\r\n                                                    <span style=\"display: none;\" class=\"twp-react-count\">0<\/span>\r\n                        \r\n                                                <span class=\"twp-react-percent\"><span>0<\/span> %<\/span>\r\n                                            <\/div>\r\n                <\/div>\r\n\r\n                <div class=\"twp-reacts-wrap\">\r\n                    <a react-data=\"be-react-4\" post-id=\"500\" class=\"be-face-icons un-reacted\" href=\"javascript:void(0)\">\r\n                        <img decoding=\"async\" src=\"https:\/\/jornaloassobio.pt\/wp-content\/plugins\/booster-extension\/\/assets\/icon\/angry.svg\" alt=\"Angry\">\r\n                    <\/a>\r\n                    <div class=\"twp-reaction-title\">Angry<\/div>\r\n                    <div class=\"twp-count-percent\">\r\n                                                    <span style=\"display: none;\" class=\"twp-react-count\">0<\/span>\r\n                                                                        <span class=\"twp-react-percent\"><span>0<\/span> %<\/span>\r\n                        \r\n                    <\/div>\r\n                <\/div>\r\n\r\n                <div class=\"twp-reacts-wrap\">\r\n                    <a react-data=\"be-react-5\" post-id=\"500\" class=\"be-face-icons un-reacted\" href=\"javascript:void(0)\">\r\n                        <img decoding=\"async\" src=\"https:\/\/jornaloassobio.pt\/wp-content\/plugins\/booster-extension\/\/assets\/icon\/surprise.svg\" alt=\"Surprise\">\r\n                    <\/a>\r\n                    <div class=\"twp-reaction-title\">Surprise<\/div>\r\n                    <div class=\"twp-count-percent\">\r\n                                                    <span style=\"display: none;\" class=\"twp-react-count\">0<\/span>\r\n                                                                        <span class=\"twp-react-percent\"><span>0<\/span> %<\/span>\r\n                                            <\/div>\r\n                <\/div>\r\n\r\n            <\/div>\r\n        <\/div>\r\n\r\n    ","protected":false},"excerpt":{"rendered":"<p>&nbsp; Em todas as Escolas do nosso Agrupamento, no dia 10 de novembro, a partir das 10 horas, comemorou-se o Dia de S. Martinho. A partir das 14 horas e 30 minutos, na Escola B\u00e1sica de Santa Clara, realizou-se o tradicional Magusto, recheado de nozes, figos, batatas doces e castanhas assadas, entre outras iguarias. Este [&hellip;]<\/p>\n","protected":false},"author":6,"featured_media":537,"comment_status":"open","ping_status":"open","sticky":false,"template":"","format":"standard","meta":{"footnotes":""},"categories":[4],"tags":[],"class_list":["post-500","post","type-post","status-publish","format-standard","has-post-thumbnail","hentry","category-noticias"],"_links":{"self":[{"href":"https:\/\/jornaloassobio.pt\/index.php?rest_route=\/wp\/v2\/posts\/500","targetHints":{"allow":["GET"]}}],"collection":[{"href":"https:\/\/jornaloassobio.pt\/index.php?rest_route=\/wp\/v2\/posts"}],"about":[{"href":"https:\/\/jornaloassobio.pt\/index.php?rest_route=\/wp\/v2\/types\/post"}],"author":[{"embeddable":true,"href":"https:\/\/jornaloassobio.pt\/index.php?rest_route=\/wp\/v2\/users\/6"}],"replies":[{"embeddable":true,"href":"https:\/\/jornaloassobio.pt\/index.php?rest_route=%2Fwp%2Fv2%2Fcomments&post=500"}],"version-history":[{"count":13,"href":"https:\/\/jornaloassobio.pt\/index.php?rest_route=\/wp\/v2\/posts\/500\/revisions"}],"predecessor-version":[{"id":610,"href":"https:\/\/jornaloassobio.pt\/index.php?rest_route=\/wp\/v2\/posts\/500\/revisions\/610"}],"wp:featuredmedia":[{"embeddable":true,"href":"https:\/\/jornaloassobio.pt\/index.php?rest_route=\/wp\/v2\/media\/537"}],"wp:attachment":[{"href":"https:\/\/jornaloassobio.pt\/index.php?rest_route=%2Fwp%2Fv2%2Fmedia&parent=500"}],"wp:term":[{"taxonomy":"category","embeddable":true,"href":"https:\/\/jornaloassobio.pt\/index.php?rest_route=%2Fwp%2Fv2%2Fcategories&post=500"},{"taxonomy":"post_tag","embeddable":true,"href":"https:\/\/jornaloassobio.pt\/index.php?rest_route=%2Fwp%2Fv2%2Ftags&post=500"}],"curies":[{"name":"wp","href":"https:\/\/api.w.org\/{rel}","templated":true}]}}