{"id":5000,"date":"2026-03-27T18:08:33","date_gmt":"2026-03-27T18:08:33","guid":{"rendered":"https:\/\/jornaloassobio.pt\/?p=5000"},"modified":"2026-03-27T18:38:22","modified_gmt":"2026-03-27T18:38:22","slug":"encontro-com-miguel-ferraoantigo-aluno-da-essf","status":"publish","type":"post","link":"https:\/\/jornaloassobio.pt\/?p=5000","title":{"rendered":"ENCONTRO COM MIGUEL FERR\u00c3O,ANTIGO ALUNO DA ESCOLA SEVERIM DE FARIA"},"content":{"rendered":"<div class='booster-block booster-read-block'>\r\n                <div class=\"twp-read-time\">\r\n                \t<i class=\"booster-icon twp-clock\"><\/i> <span>Read Time:<\/span>1 Minute, 30 Second                <\/div>\r\n\r\n            <\/div><p dir=\"auto\"><span style=\"color: #000000;\">No dia 24 de mar\u00e7o, a Escola Secund\u00e1ria Severim de Faria teve o prazer de receber um antigo e excelente aluno : <strong>Miguel Ferr\u00e3o.<\/strong>\u00a0<\/span><\/p>\n<p dir=\"auto\"><span style=\"color: #000000;\">Atualmente a exercer a fun\u00e7\u00e3o de <strong>Auditor Permanente do Tribunal de Contas Europeu<\/strong>, foi convidado a regressar \u00e0 sua Escola de origem, no \u00e2mbito da iniciativa europeia \u201c<strong>EU Back to School<\/strong>\u201d (UE Regresso \u00e0 Escola).<\/span><\/p>\n<p dir=\"auto\"><span style=\"color: #000000;\">O Encontro, dirigido aos alunos do Ensino Secund\u00e1rio, teve como objetivo principal partilhar a miss\u00e3o da Uni\u00e3o Europeia e, em particular, o papel do Tribunal de Contas Europeu na fiscaliza\u00e7\u00e3o das finan\u00e7as da UE, na promo\u00e7\u00e3o da transpar\u00eancia e na garantia de uma boa gest\u00e3o dos fundos europeus.<\/span><\/p>\n<p dir=\"auto\"><span style=\"color: #000000;\">Na sua brilhante apresenta\u00e7\u00e3o, o Dr. <\/span><span style=\"color: #000000;\">Miguel Ferr\u00e3o, que iniciou o seu percurso acad\u00e9mico na AESF, construiu uma linha do tempo com o seu <strong>percurso acad\u00e9mico<\/strong> e com o seu <strong>percurso profissional<\/strong>.\u00a0<\/span><\/p>\n<p dir=\"auto\"><span style=\"color: #000000;\">Fazendo uso de uma linguagem muito clara e fluente, explicou aos alunos como funcionam as institui\u00e7\u00f5es europeias e como \u00e9 poss\u00edvel construir uma carreira ao servi\u00e7o da Uni\u00e3o Europeia.<\/span><\/p>\n<p dir=\"auto\"><span style=\"color: #000000;\">A sess\u00e3o permitiu aos alunos colocarem quest\u00f5es sobre o dia a dia do Tribunal de Contas Europeu e sobre as oportunidades de trabalho nas institui\u00e7\u00f5es da UE. Tiveram tamb\u00e9m a oportunidade de revelar a sua cultura geral, atrav\u00e9s de um quizz que atribuiu pr\u00e9mios.\u00a0<\/span><\/p>\n<p dir=\"auto\"><span style=\"color: #000000;\">Dos v\u00e1rios conselhos que o Dr. Miguel Ferr\u00e3o transmitiu aos jovens presentes para os ajudar a singrar numa carreira europeia, destacam-se a <strong>aprendizagem de l\u00ednguas<\/strong> e a <strong>realiza\u00e7\u00e3o de<\/strong> <strong>voluntariado<\/strong>.<\/span><\/p>\n<p dir=\"auto\"><a href=\"https:\/\/aeseverim.pt\/ex-aluno-da-aesf-miguel-eduardo-liberato-ferrao-regressa-a-severim-de-faria-no-ambito-da-iniciativa-eu-back-to-school\/back-to-school-1\/\"><img loading=\"lazy\" decoding=\"async\" class=\"attachment-medium size-medium aligncenter\" src=\"https:\/\/aeseverim.pt\/wp-content\/uploads\/2026\/03\/Back-to-School-1-scaled-300x200.jpg\" sizes=\"auto, (max-width: 300px) 100vw, 300px\" srcset=\"https:\/\/aeseverim.pt\/wp-content\/uploads\/2026\/03\/Back-to-School-1-scaled-300x200.jpg 300w, https:\/\/aeseverim.pt\/wp-content\/uploads\/2026\/03\/Back-to-School-1-scaled-1024x683.jpg 1024w\" alt=\"\" width=\"300\" height=\"200\" \/><span style=\"color: #000000;\"><img loading=\"lazy\" decoding=\"async\" class=\"alignnone size-full wp-image-5005\" src=\"https:\/\/jornaloassobio.pt\/wp-content\/uploads\/2026\/03\/Back-to-School-2-scaled-300x200-1.jpg\" alt=\"\" width=\"300\" height=\"200\" \/><\/span><\/a>.\u00a0<img loading=\"lazy\" decoding=\"async\" class=\"alignnone size-medium wp-image-5002\" src=\"https:\/\/jornaloassobio.pt\/wp-content\/uploads\/2026\/03\/Back-to-School-6-scaled-300x200-1.jpg\" alt=\"\" width=\"300\" height=\"200\" \/> \u00a0<img loading=\"lazy\" decoding=\"async\" class=\"alignnone size-medium wp-image-5004\" src=\"https:\/\/jornaloassobio.pt\/wp-content\/uploads\/2026\/03\/Back-to-School-15-scaled-300x200-1.jpg\" alt=\"\" width=\"300\" height=\"200\" \/><img loading=\"lazy\" decoding=\"async\" class=\"size-medium wp-image-5003 aligncenter\" src=\"https:\/\/jornaloassobio.pt\/wp-content\/uploads\/2026\/03\/Back-to-School-14-scaled-300x200-1.jpg\" alt=\"\" width=\"300\" height=\"200\" \/><\/p>\n<p dir=\"auto\"><span style=\"color: #000000;\">A iniciativa \u201c<strong>EU Back to School<\/strong>\u201d visa aproximar as institui\u00e7\u00f5es europeias dos cidad\u00e3os mais jovens, incentivando o conhecimento da Uni\u00e3o Europeia e fomentando uma cidadania europeia ativa.<\/span><\/p>\n<p dir=\"auto\"><span style=\"color: #000000;\">A Escola Secund\u00e1ria Severim de Faria agradece a Miguel Eduardo Liberato Ferr\u00e3o o seu regresso e a generosidade em partilhar a sua experi\u00eancia acad\u00e9mica e profissional com a comunidade escolar.<\/span><\/p>\n<div id=\"gallery-1\" class=\"gallery galleryid-5499 gallery-columns-4 gallery-size-medium\"><\/div>\n        <div class=\"booster-block booster-reactions-block\">\r\n            <div class=\"twp-reactions-icons\">\r\n                \r\n                <div class=\"twp-reacts-wrap\">\r\n                    <a react-data=\"be-react-1\" post-id=\"5000\" class=\"be-face-icons un-reacted\" href=\"javascript:void(0)\">\r\n                        <img decoding=\"async\" src=\"https:\/\/jornaloassobio.pt\/wp-content\/plugins\/booster-extension\/\/assets\/icon\/happy.svg\" alt=\"Happy\">\r\n                    <\/a>\r\n                    <div class=\"twp-reaction-title\">\r\n                        Happy                    <\/div>\r\n                    <div class=\"twp-count-percent\">\r\n                                                    <span style=\"display: none;\" class=\"twp-react-count\">0<\/span>\r\n                        \r\n                                                <span class=\"twp-react-percent\"><span>0<\/span> %<\/span>\r\n                                            <\/div>\r\n                <\/div>\r\n\r\n                <div class=\"twp-reacts-wrap\">\r\n                    <a react-data=\"be-react-2\" post-id=\"5000\" class=\"be-face-icons un-reacted\" href=\"javascript:void(0)\">\r\n                        <img decoding=\"async\" src=\"https:\/\/jornaloassobio.pt\/wp-content\/plugins\/booster-extension\/\/assets\/icon\/sad.svg\" alt=\"Sad\">\r\n                    <\/a>\r\n                    <div class=\"twp-reaction-title\">\r\n                        Sad                    <\/div>\r\n                    <div class=\"twp-count-percent\">\r\n                                                    <span style=\"display: none;\" class=\"twp-react-count\">0<\/span>\r\n                                                                        <span class=\"twp-react-percent\"><span>0<\/span> %<\/span>\r\n                                            <\/div>\r\n                <\/div>\r\n\r\n                <div class=\"twp-reacts-wrap\">\r\n                    <a react-data=\"be-react-3\" post-id=\"5000\" class=\"be-face-icons un-reacted\" href=\"javascript:void(0)\">\r\n                        <img decoding=\"async\" src=\"https:\/\/jornaloassobio.pt\/wp-content\/plugins\/booster-extension\/\/assets\/icon\/excited.svg\" alt=\"Excited\">\r\n                    <\/a>\r\n                    <div class=\"twp-reaction-title\">\r\n                        Excited                    <\/div>\r\n                    <div class=\"twp-count-percent\">\r\n                                                    <span style=\"display: none;\" class=\"twp-react-count\">0<\/span>\r\n                                                                        <span class=\"twp-react-percent\"><span>0<\/span> %<\/span>\r\n                                            <\/div>\r\n                <\/div>\r\n\r\n                <div class=\"twp-reacts-wrap\">\r\n                    <a react-data=\"be-react-6\" post-id=\"5000\" class=\"be-face-icons un-reacted\" href=\"javascript:void(0)\">\r\n                        <img decoding=\"async\" src=\"https:\/\/jornaloassobio.pt\/wp-content\/plugins\/booster-extension\/\/assets\/icon\/sleepy.svg\" alt=\"Sleepy\">\r\n                    <\/a>\r\n                    <div class=\"twp-reaction-title\">\r\n                        Sleepy                    <\/div>\r\n                    <div class=\"twp-count-percent\">\r\n                                                    <span style=\"display: none;\" class=\"twp-react-count\">0<\/span>\r\n                        \r\n                                                <span class=\"twp-react-percent\"><span>0<\/span> %<\/span>\r\n                                            <\/div>\r\n                <\/div>\r\n\r\n                <div class=\"twp-reacts-wrap\">\r\n                    <a react-data=\"be-react-4\" post-id=\"5000\" class=\"be-face-icons un-reacted\" href=\"javascript:void(0)\">\r\n                        <img decoding=\"async\" src=\"https:\/\/jornaloassobio.pt\/wp-content\/plugins\/booster-extension\/\/assets\/icon\/angry.svg\" alt=\"Angry\">\r\n                    <\/a>\r\n                    <div class=\"twp-reaction-title\">Angry<\/div>\r\n                    <div class=\"twp-count-percent\">\r\n                                                    <span style=\"display: none;\" class=\"twp-react-count\">0<\/span>\r\n                                                                        <span class=\"twp-react-percent\"><span>0<\/span> %<\/span>\r\n                        \r\n                    <\/div>\r\n                <\/div>\r\n\r\n                <div class=\"twp-reacts-wrap\">\r\n                    <a react-data=\"be-react-5\" post-id=\"5000\" class=\"be-face-icons un-reacted\" href=\"javascript:void(0)\">\r\n                        <img decoding=\"async\" src=\"https:\/\/jornaloassobio.pt\/wp-content\/plugins\/booster-extension\/\/assets\/icon\/surprise.svg\" alt=\"Surprise\">\r\n                    <\/a>\r\n                    <div class=\"twp-reaction-title\">Surprise<\/div>\r\n                    <div class=\"twp-count-percent\">\r\n                                                    <span style=\"display: none;\" class=\"twp-react-count\">0<\/span>\r\n                                                                        <span class=\"twp-react-percent\"><span>0<\/span> %<\/span>\r\n                                            <\/div>\r\n                <\/div>\r\n\r\n            <\/div>\r\n        <\/div>\r\n\r\n    ","protected":false},"excerpt":{"rendered":"<p>No dia 24 de mar\u00e7o, a Escola Secund\u00e1ria Severim de Faria teve o prazer de receber um antigo e excelente aluno : Miguel Ferr\u00e3o.\u00a0 Atualmente a exercer a fun\u00e7\u00e3o de Auditor Permanente do Tribunal de Contas Europeu, foi convidado a regressar \u00e0 sua Escola de origem, no \u00e2mbito da iniciativa europeia \u201cEU Back to School\u201d [&hellip;]<\/p>\n","protected":false},"author":6,"featured_media":5001,"comment_status":"open","ping_status":"open","sticky":false,"template":"","format":"standard","meta":{"footnotes":""},"categories":[4],"tags":[],"class_list":["post-5000","post","type-post","status-publish","format-standard","has-post-thumbnail","hentry","category-noticias"],"_links":{"self":[{"href":"https:\/\/jornaloassobio.pt\/index.php?rest_route=\/wp\/v2\/posts\/5000","targetHints":{"allow":["GET"]}}],"collection":[{"href":"https:\/\/jornaloassobio.pt\/index.php?rest_route=\/wp\/v2\/posts"}],"about":[{"href":"https:\/\/jornaloassobio.pt\/index.php?rest_route=\/wp\/v2\/types\/post"}],"author":[{"embeddable":true,"href":"https:\/\/jornaloassobio.pt\/index.php?rest_route=\/wp\/v2\/users\/6"}],"replies":[{"embeddable":true,"href":"https:\/\/jornaloassobio.pt\/index.php?rest_route=%2Fwp%2Fv2%2Fcomments&post=5000"}],"version-history":[{"count":15,"href":"https:\/\/jornaloassobio.pt\/index.php?rest_route=\/wp\/v2\/posts\/5000\/revisions"}],"predecessor-version":[{"id":5020,"href":"https:\/\/jornaloassobio.pt\/index.php?rest_route=\/wp\/v2\/posts\/5000\/revisions\/5020"}],"wp:featuredmedia":[{"embeddable":true,"href":"https:\/\/jornaloassobio.pt\/index.php?rest_route=\/wp\/v2\/media\/5001"}],"wp:attachment":[{"href":"https:\/\/jornaloassobio.pt\/index.php?rest_route=%2Fwp%2Fv2%2Fmedia&parent=5000"}],"wp:term":[{"taxonomy":"category","embeddable":true,"href":"https:\/\/jornaloassobio.pt\/index.php?rest_route=%2Fwp%2Fv2%2Fcategories&post=5000"},{"taxonomy":"post_tag","embeddable":true,"href":"https:\/\/jornaloassobio.pt\/index.php?rest_route=%2Fwp%2Fv2%2Ftags&post=5000"}],"curies":[{"name":"wp","href":"https:\/\/api.w.org\/{rel}","templated":true}]}}