{"id":509,"date":"2023-11-09T15:05:34","date_gmt":"2023-11-09T15:05:34","guid":{"rendered":"https:\/\/jornaloassobio.pt\/?p=509"},"modified":"2023-11-30T16:01:43","modified_gmt":"2023-11-30T16:01:43","slug":"cinema-paraiso-na-severim","status":"publish","type":"post","link":"https:\/\/jornaloassobio.pt\/?p=509","title":{"rendered":"EXIBI\u00c7\u00c3O DO &#8220;CINEMA PARA\u00cdSO&#8221; NA SEVERIM"},"content":{"rendered":"<div class='booster-block booster-read-block'>\r\n                <div class=\"twp-read-time\">\r\n                \t<i class=\"booster-icon twp-clock\"><\/i> <span>Read Time:<\/span>1 Minute, 57 Second                <\/div>\r\n\r\n            <\/div><p><a href=\"https:\/\/jornaloassobio.pt\/wp-content\/uploads\/2023\/11\/Noticia.docx\">Noticia<\/a><img loading=\"lazy\" decoding=\"async\" class=\"aligncenter\" src=\"https:\/\/cdn-images.rtp.pt\/EPG\/imagens\/16412_56821_30032.jpg?amp;w=160\" alt=\"Cinema Para\u00edso - Filmes - RTP\" width=\"597\" height=\"334\" \/><\/p>\n<p>Inserida nas comemora\u00e7\u00f5es do Dia Mundial do Cinema, no dia 9 de novembro, pelas 10.05 minutos, no Audit\u00f3rio da Escola Secund\u00e1ria Severim de Faria, realizou-se uma sess\u00e3o de cinema.<\/p>\n<p>Foi exibido o filme &#8220;Cinema Para\u00edso&#8221;, de Giuseppe Tornatore, com o t\u00edtulo original de &#8220;Nuovo Cinema Paradiso&#8221;, que faz parte do Plano Nacional de Cinema (PNC). Apesar de datar de 1988, tendo sido estreado em Portugal em 1990,\u00a0 continua extremamente atual e a fazer sonhar todos os espectadores de todas as idades.<\/p>\n<p>Foi a vez de os alunos dos Cursos Profissionais de Log\u00edstica, 1\u00ba e 2\u00ba anos e de Turismo do 3\u00ba ano , acompanhados pelos seus professores, terem a oportunidade de experienciar todas as emo\u00e7\u00f5es que este filme pode proporcionar.<\/p>\n<p>Este &#8220;drama sentimental&#8221; , como \u00e9 conhecido, centra-se no percurso de vida de um homem e nos epis\u00f3dios que marcaram a sua inf\u00e2ncia e adolesc\u00eancia, vividas na It\u00e1lia do P\u00f3s-segunda Guerra Mundial. Atrav\u00e9s das suas imagens, somos transportados para uma aldeia siciliana dos anos 1940 onde um menino descobre a magia do cinema atrav\u00e9s da sua rela\u00e7\u00e3o de amizade com o projecionista do cinema local.\u00a0 S\u00e3o os filmes a que assiste que acabam por moldar a sua personalidade e o seu futuro.<\/p>\n<p>Para al\u00e9m de constituir uma celebra\u00e7\u00e3o do cinema, este filme tamb\u00e9m representa uma reflex\u00e3o sobre o fen\u00f3meno cinematogr\u00e1fico, agregador de todas as artes (m\u00fasica, pintura, escultura, fotografia, entre outras).<\/p>\n<p>Ainda no \u00e2mbito das comemora\u00e7\u00f5es do Dia Mundial do Cinema, est\u00e1 patente, na Biblioteca da Escola, uma mostra de documentos sobre a hist\u00f3ria do cinema (livros, cartazes, fichas t\u00e9cnicas de filmes e revistas de cinema).<\/p>\n<p><img loading=\"lazy\" decoding=\"async\" class=\"wp-image-524 aligncenter\" src=\"https:\/\/jornaloassobio.pt\/wp-content\/uploads\/2023\/11\/20231108_121804-300x225.jpg\" alt=\"\" width=\"481\" height=\"361\" srcset=\"https:\/\/jornaloassobio.pt\/wp-content\/uploads\/2023\/11\/20231108_121804-300x225.jpg 300w, https:\/\/jornaloassobio.pt\/wp-content\/uploads\/2023\/11\/20231108_121804-1024x768.jpg 1024w, https:\/\/jornaloassobio.pt\/wp-content\/uploads\/2023\/11\/20231108_121804-768x576.jpg 768w, https:\/\/jornaloassobio.pt\/wp-content\/uploads\/2023\/11\/20231108_121804-1536x1152.jpg 1536w, https:\/\/jornaloassobio.pt\/wp-content\/uploads\/2023\/11\/20231108_121804-2048x1536.jpg 2048w\" sizes=\"auto, (max-width: 481px) 100vw, 481px\" \/><\/p>\n<p>&nbsp;<\/p>\n<p><strong>Coment\u00e1rio de alunos sobre o filme visionado:<\/strong><\/p>\n<p>Cinema Para\u00edso<\/p>\n<p>No dia 09 de Novembro de 2023, assistimos ao filme \u201cCinema Para\u00edso\u201d, iniciativa levada a cabo pela Biblioteca da Escola Secund\u00e1ria Severim de Faria, para comemorar o Dia Mundial do Cinema. O autor deste filme chama-se Giuseppe Tornatore, que nasceu no dia 27 de maio de 1956, na regi\u00e3o da Sic\u00edlia, em It\u00e1lia. A aldeia, onde decorre o filme, foi inspirada pela sua cidade natal. Como personagens principais, temos Salvatore \u201cT\u00f3t\u00f3\u201d de Vita e o Alfredo. Na nossa opini\u00e3o, este filme mostra que nunca devemos desistir dos nossos sonhos e recomendamos a visualiza\u00e7\u00e3o deste filme a todos os jovens.<\/p>\n<p>&nbsp;<\/p>\n<p>Beatriz Moreira (2.\u00ba LOG)<\/p>\n<p>Ana Vieira (2.\u00ba LOG)<\/p>\n        <div class=\"booster-block booster-reactions-block\">\r\n            <div class=\"twp-reactions-icons\">\r\n                \r\n                <div class=\"twp-reacts-wrap\">\r\n                    <a react-data=\"be-react-1\" post-id=\"509\" class=\"be-face-icons un-reacted\" href=\"javascript:void(0)\">\r\n                        <img decoding=\"async\" src=\"https:\/\/jornaloassobio.pt\/wp-content\/plugins\/booster-extension\/\/assets\/icon\/happy.svg\" alt=\"Happy\">\r\n                    <\/a>\r\n                    <div class=\"twp-reaction-title\">\r\n                        Happy                    <\/div>\r\n                    <div class=\"twp-count-percent\">\r\n                                                    <span style=\"display: none;\" class=\"twp-react-count\">0<\/span>\r\n                        \r\n                                                <span class=\"twp-react-percent\"><span>0<\/span> %<\/span>\r\n                                            <\/div>\r\n                <\/div>\r\n\r\n                <div class=\"twp-reacts-wrap\">\r\n                    <a react-data=\"be-react-2\" post-id=\"509\" class=\"be-face-icons un-reacted\" href=\"javascript:void(0)\">\r\n                        <img decoding=\"async\" src=\"https:\/\/jornaloassobio.pt\/wp-content\/plugins\/booster-extension\/\/assets\/icon\/sad.svg\" alt=\"Sad\">\r\n                    <\/a>\r\n                    <div class=\"twp-reaction-title\">\r\n                        Sad                    <\/div>\r\n                    <div class=\"twp-count-percent\">\r\n                                                    <span style=\"display: none;\" class=\"twp-react-count\">0<\/span>\r\n                                                                        <span class=\"twp-react-percent\"><span>0<\/span> %<\/span>\r\n                                            <\/div>\r\n                <\/div>\r\n\r\n                <div class=\"twp-reacts-wrap\">\r\n                    <a react-data=\"be-react-3\" post-id=\"509\" class=\"be-face-icons un-reacted\" href=\"javascript:void(0)\">\r\n                        <img decoding=\"async\" src=\"https:\/\/jornaloassobio.pt\/wp-content\/plugins\/booster-extension\/\/assets\/icon\/excited.svg\" alt=\"Excited\">\r\n                    <\/a>\r\n                    <div class=\"twp-reaction-title\">\r\n                        Excited                    <\/div>\r\n                    <div class=\"twp-count-percent\">\r\n                                                    <span style=\"display: none;\" class=\"twp-react-count\">0<\/span>\r\n                                                                        <span class=\"twp-react-percent\"><span>0<\/span> %<\/span>\r\n                                            <\/div>\r\n                <\/div>\r\n\r\n                <div class=\"twp-reacts-wrap\">\r\n                    <a react-data=\"be-react-6\" post-id=\"509\" class=\"be-face-icons un-reacted\" href=\"javascript:void(0)\">\r\n                        <img decoding=\"async\" src=\"https:\/\/jornaloassobio.pt\/wp-content\/plugins\/booster-extension\/\/assets\/icon\/sleepy.svg\" alt=\"Sleepy\">\r\n                    <\/a>\r\n                    <div class=\"twp-reaction-title\">\r\n                        Sleepy                    <\/div>\r\n                    <div class=\"twp-count-percent\">\r\n                                                    <span style=\"display: none;\" class=\"twp-react-count\">0<\/span>\r\n                        \r\n                                                <span class=\"twp-react-percent\"><span>0<\/span> %<\/span>\r\n                                            <\/div>\r\n                <\/div>\r\n\r\n                <div class=\"twp-reacts-wrap\">\r\n                    <a react-data=\"be-react-4\" post-id=\"509\" class=\"be-face-icons un-reacted\" href=\"javascript:void(0)\">\r\n                        <img decoding=\"async\" src=\"https:\/\/jornaloassobio.pt\/wp-content\/plugins\/booster-extension\/\/assets\/icon\/angry.svg\" alt=\"Angry\">\r\n                    <\/a>\r\n                    <div class=\"twp-reaction-title\">Angry<\/div>\r\n                    <div class=\"twp-count-percent\">\r\n                                                    <span style=\"display: none;\" class=\"twp-react-count\">0<\/span>\r\n                                                                        <span class=\"twp-react-percent\"><span>0<\/span> %<\/span>\r\n                        \r\n                    <\/div>\r\n                <\/div>\r\n\r\n                <div class=\"twp-reacts-wrap\">\r\n                    <a react-data=\"be-react-5\" post-id=\"509\" class=\"be-face-icons un-reacted\" href=\"javascript:void(0)\">\r\n                        <img decoding=\"async\" src=\"https:\/\/jornaloassobio.pt\/wp-content\/plugins\/booster-extension\/\/assets\/icon\/surprise.svg\" alt=\"Surprise\">\r\n                    <\/a>\r\n                    <div class=\"twp-reaction-title\">Surprise<\/div>\r\n                    <div class=\"twp-count-percent\">\r\n                                                    <span style=\"display: none;\" class=\"twp-react-count\">0<\/span>\r\n                                                                        <span class=\"twp-react-percent\"><span>0<\/span> %<\/span>\r\n                                            <\/div>\r\n                <\/div>\r\n\r\n            <\/div>\r\n        <\/div>\r\n\r\n    ","protected":false},"excerpt":{"rendered":"<p>Noticia Inserida nas comemora\u00e7\u00f5es do Dia Mundial do Cinema, no dia 9 de novembro, pelas 10.05 minutos, no Audit\u00f3rio da Escola Secund\u00e1ria Severim de Faria, realizou-se uma sess\u00e3o de cinema. Foi exibido o filme &#8220;Cinema Para\u00edso&#8221;, de Giuseppe Tornatore, com o t\u00edtulo original de &#8220;Nuovo Cinema Paradiso&#8221;, que faz parte do Plano Nacional de Cinema [&hellip;]<\/p>\n","protected":false},"author":6,"featured_media":467,"comment_status":"open","ping_status":"open","sticky":false,"template":"","format":"standard","meta":{"footnotes":""},"categories":[10,4],"tags":[],"class_list":["post-509","post","type-post","status-publish","format-standard","has-post-thumbnail","hentry","category-cultura","category-noticias"],"_links":{"self":[{"href":"https:\/\/jornaloassobio.pt\/index.php?rest_route=\/wp\/v2\/posts\/509","targetHints":{"allow":["GET"]}}],"collection":[{"href":"https:\/\/jornaloassobio.pt\/index.php?rest_route=\/wp\/v2\/posts"}],"about":[{"href":"https:\/\/jornaloassobio.pt\/index.php?rest_route=\/wp\/v2\/types\/post"}],"author":[{"embeddable":true,"href":"https:\/\/jornaloassobio.pt\/index.php?rest_route=\/wp\/v2\/users\/6"}],"replies":[{"embeddable":true,"href":"https:\/\/jornaloassobio.pt\/index.php?rest_route=%2Fwp%2Fv2%2Fcomments&post=509"}],"version-history":[{"count":11,"href":"https:\/\/jornaloassobio.pt\/index.php?rest_route=\/wp\/v2\/posts\/509\/revisions"}],"predecessor-version":[{"id":525,"href":"https:\/\/jornaloassobio.pt\/index.php?rest_route=\/wp\/v2\/posts\/509\/revisions\/525"}],"wp:featuredmedia":[{"embeddable":true,"href":"https:\/\/jornaloassobio.pt\/index.php?rest_route=\/wp\/v2\/media\/467"}],"wp:attachment":[{"href":"https:\/\/jornaloassobio.pt\/index.php?rest_route=%2Fwp%2Fv2%2Fmedia&parent=509"}],"wp:term":[{"taxonomy":"category","embeddable":true,"href":"https:\/\/jornaloassobio.pt\/index.php?rest_route=%2Fwp%2Fv2%2Fcategories&post=509"},{"taxonomy":"post_tag","embeddable":true,"href":"https:\/\/jornaloassobio.pt\/index.php?rest_route=%2Fwp%2Fv2%2Ftags&post=509"}],"curies":[{"name":"wp","href":"https:\/\/api.w.org\/{rel}","templated":true}]}}