{"id":5185,"date":"2026-04-27T14:16:47","date_gmt":"2026-04-27T14:16:47","guid":{"rendered":"https:\/\/jornaloassobio.pt\/?p=5185"},"modified":"2026-04-27T14:18:05","modified_gmt":"2026-04-27T14:18:05","slug":"agrupamento-de-escolas-severim-de-faria-no-seminario-sobre-a-integracao-de-alunos-estrangeiros-nas-escolas","status":"publish","type":"post","link":"https:\/\/jornaloassobio.pt\/?p=5185","title":{"rendered":"AGRUPAMENTO DE ESCOLAS SEVERIM DE FARIA NO SEMIN\u00c1RIO SOBRE A INTEGRA\u00c7\u00c3O DE ALUNOS ESTRANGEIROS NAS ESCOLAS"},"content":{"rendered":"<div class='booster-block booster-read-block'>\r\n                <div class=\"twp-read-time\">\r\n                \t<i class=\"booster-icon twp-clock\"><\/i> <span>Read Time:<\/span>39 Second                <\/div>\r\n\r\n            <\/div><h3><\/h3>\n<h3><img loading=\"lazy\" decoding=\"async\" class=\" wp-image-5186 aligncenter\" src=\"https:\/\/jornaloassobio.pt\/wp-content\/uploads\/2026\/04\/WhatsApp-Image-2026-04-23-at-13.29.34-1024x650-1-300x190.jpeg\" alt=\"\" width=\"425\" height=\"269\" srcset=\"https:\/\/jornaloassobio.pt\/wp-content\/uploads\/2026\/04\/WhatsApp-Image-2026-04-23-at-13.29.34-1024x650-1-300x190.jpeg 300w, https:\/\/jornaloassobio.pt\/wp-content\/uploads\/2026\/04\/WhatsApp-Image-2026-04-23-at-13.29.34-1024x650-1-768x488.jpeg 768w, https:\/\/jornaloassobio.pt\/wp-content\/uploads\/2026\/04\/WhatsApp-Image-2026-04-23-at-13.29.34-1024x650-1.jpeg 1024w\" sizes=\"auto, (max-width: 425px) 100vw, 425px\" \/><\/h3>\n<h3><span style=\"color: #000000;\">No dia 22 de abril, a Diretora do Agrupamento de Escolas Severim de Faria, Doutora Ana Pires Fernandes, esteve presente, como oradora, no Parlamento de Portugal, <\/span><span style=\"color: #000000;\">numa iniciativa promovida pela <strong>Comiss\u00e3o de Educa\u00e7\u00e3o e Ci\u00eancia da Assembleia da Rep\u00fablica<\/strong>, sob a presid\u00eancia de Manuela Tender.<\/span><\/h3>\n<h3><span style=\"color: #000000;\">Este momento constituiu uma importante oportunidade de reflex\u00e3o e partilha de experi\u00eancias entre diversos agentes educativos, em torno dos desafios e das boas pr\u00e1ticas na integra\u00e7\u00e3o de alunos provenientes de diferentes contextos culturais. A interven\u00e7\u00e3o destacou o <strong>papel fundamental das escolas na promo\u00e7\u00e3o de uma educa\u00e7\u00e3o inclusiva, assente na valoriza\u00e7\u00e3o da diversidade e na igualdade de oportunidades.<\/strong><\/span><\/h3>\n<h3><span style=\"color: #000000;\">O Agrupamento reafirma, assim, o seu compromisso com a constru\u00e7\u00e3o de uma escola mais justa, inclusiva e promotora do sucesso educativo de todos os alunos.<\/span><\/h3>\n<p><img loading=\"lazy\" decoding=\"async\" class=\" wp-image-5187 aligncenter\" src=\"https:\/\/jornaloassobio.pt\/wp-content\/uploads\/2026\/04\/WhatsApp-Image-2026-04-22-at-21.16.23-768x1024-1-225x300.jpeg\" alt=\"\" width=\"301\" height=\"401\" srcset=\"https:\/\/jornaloassobio.pt\/wp-content\/uploads\/2026\/04\/WhatsApp-Image-2026-04-22-at-21.16.23-768x1024-1-225x300.jpeg 225w, https:\/\/jornaloassobio.pt\/wp-content\/uploads\/2026\/04\/WhatsApp-Image-2026-04-22-at-21.16.23-768x1024-1.jpeg 768w\" sizes=\"auto, (max-width: 301px) 100vw, 301px\" \/><\/p>\n<p>&nbsp;<\/p>\n        <div class=\"booster-block booster-reactions-block\">\r\n            <div class=\"twp-reactions-icons\">\r\n                \r\n                <div class=\"twp-reacts-wrap\">\r\n                    <a react-data=\"be-react-1\" post-id=\"5185\" class=\"be-face-icons un-reacted\" href=\"javascript:void(0)\">\r\n                        <img decoding=\"async\" src=\"https:\/\/jornaloassobio.pt\/wp-content\/plugins\/booster-extension\/\/assets\/icon\/happy.svg\" alt=\"Happy\">\r\n                    <\/a>\r\n                    <div class=\"twp-reaction-title\">\r\n                        Happy                    <\/div>\r\n                    <div class=\"twp-count-percent\">\r\n                                                    <span style=\"display: none;\" class=\"twp-react-count\">0<\/span>\r\n                        \r\n                                                <span class=\"twp-react-percent\"><span>0<\/span> %<\/span>\r\n                                            <\/div>\r\n                <\/div>\r\n\r\n                <div class=\"twp-reacts-wrap\">\r\n                    <a react-data=\"be-react-2\" post-id=\"5185\" class=\"be-face-icons un-reacted\" href=\"javascript:void(0)\">\r\n                        <img decoding=\"async\" src=\"https:\/\/jornaloassobio.pt\/wp-content\/plugins\/booster-extension\/\/assets\/icon\/sad.svg\" alt=\"Sad\">\r\n                    <\/a>\r\n                    <div class=\"twp-reaction-title\">\r\n                        Sad                    <\/div>\r\n                    <div class=\"twp-count-percent\">\r\n                                                    <span style=\"display: none;\" class=\"twp-react-count\">0<\/span>\r\n                                                                        <span class=\"twp-react-percent\"><span>0<\/span> %<\/span>\r\n                                            <\/div>\r\n                <\/div>\r\n\r\n                <div class=\"twp-reacts-wrap\">\r\n                    <a react-data=\"be-react-3\" post-id=\"5185\" class=\"be-face-icons un-reacted\" href=\"javascript:void(0)\">\r\n                        <img decoding=\"async\" src=\"https:\/\/jornaloassobio.pt\/wp-content\/plugins\/booster-extension\/\/assets\/icon\/excited.svg\" alt=\"Excited\">\r\n                    <\/a>\r\n                    <div class=\"twp-reaction-title\">\r\n                        Excited                    <\/div>\r\n                    <div class=\"twp-count-percent\">\r\n                                                    <span style=\"display: none;\" class=\"twp-react-count\">0<\/span>\r\n                                                                        <span class=\"twp-react-percent\"><span>0<\/span> %<\/span>\r\n                                            <\/div>\r\n                <\/div>\r\n\r\n                <div class=\"twp-reacts-wrap\">\r\n                    <a react-data=\"be-react-6\" post-id=\"5185\" class=\"be-face-icons un-reacted\" href=\"javascript:void(0)\">\r\n                        <img decoding=\"async\" src=\"https:\/\/jornaloassobio.pt\/wp-content\/plugins\/booster-extension\/\/assets\/icon\/sleepy.svg\" alt=\"Sleepy\">\r\n                    <\/a>\r\n                    <div class=\"twp-reaction-title\">\r\n                        Sleepy                    <\/div>\r\n                    <div class=\"twp-count-percent\">\r\n                                                    <span style=\"display: none;\" class=\"twp-react-count\">0<\/span>\r\n                        \r\n                                                <span class=\"twp-react-percent\"><span>0<\/span> %<\/span>\r\n                                            <\/div>\r\n                <\/div>\r\n\r\n                <div class=\"twp-reacts-wrap\">\r\n                    <a react-data=\"be-react-4\" post-id=\"5185\" class=\"be-face-icons un-reacted\" href=\"javascript:void(0)\">\r\n                        <img decoding=\"async\" src=\"https:\/\/jornaloassobio.pt\/wp-content\/plugins\/booster-extension\/\/assets\/icon\/angry.svg\" alt=\"Angry\">\r\n                    <\/a>\r\n                    <div class=\"twp-reaction-title\">Angry<\/div>\r\n                    <div class=\"twp-count-percent\">\r\n                                                    <span style=\"display: none;\" class=\"twp-react-count\">0<\/span>\r\n                                                                        <span class=\"twp-react-percent\"><span>0<\/span> %<\/span>\r\n                        \r\n                    <\/div>\r\n                <\/div>\r\n\r\n                <div class=\"twp-reacts-wrap\">\r\n                    <a react-data=\"be-react-5\" post-id=\"5185\" class=\"be-face-icons un-reacted\" href=\"javascript:void(0)\">\r\n                        <img decoding=\"async\" src=\"https:\/\/jornaloassobio.pt\/wp-content\/plugins\/booster-extension\/\/assets\/icon\/surprise.svg\" alt=\"Surprise\">\r\n                    <\/a>\r\n                    <div class=\"twp-reaction-title\">Surprise<\/div>\r\n                    <div class=\"twp-count-percent\">\r\n                                                    <span style=\"display: none;\" class=\"twp-react-count\">0<\/span>\r\n                                                                        <span class=\"twp-react-percent\"><span>0<\/span> %<\/span>\r\n                                            <\/div>\r\n                <\/div>\r\n\r\n            <\/div>\r\n        <\/div>\r\n\r\n    ","protected":false},"excerpt":{"rendered":"<p>No dia 22 de abril, a Diretora do Agrupamento de Escolas Severim de Faria, Doutora Ana Pires Fernandes, esteve presente, como oradora, no Parlamento de Portugal, numa iniciativa promovida pela Comiss\u00e3o de Educa\u00e7\u00e3o e Ci\u00eancia da Assembleia da Rep\u00fablica, sob a presid\u00eancia de Manuela Tender. Este momento constituiu uma importante oportunidade de reflex\u00e3o e partilha [&hellip;]<\/p>\n","protected":false},"author":6,"featured_media":5186,"comment_status":"open","ping_status":"open","sticky":false,"template":"","format":"standard","meta":{"footnotes":""},"categories":[4],"tags":[],"class_list":["post-5185","post","type-post","status-publish","format-standard","has-post-thumbnail","hentry","category-noticias"],"_links":{"self":[{"href":"https:\/\/jornaloassobio.pt\/index.php?rest_route=\/wp\/v2\/posts\/5185","targetHints":{"allow":["GET"]}}],"collection":[{"href":"https:\/\/jornaloassobio.pt\/index.php?rest_route=\/wp\/v2\/posts"}],"about":[{"href":"https:\/\/jornaloassobio.pt\/index.php?rest_route=\/wp\/v2\/types\/post"}],"author":[{"embeddable":true,"href":"https:\/\/jornaloassobio.pt\/index.php?rest_route=\/wp\/v2\/users\/6"}],"replies":[{"embeddable":true,"href":"https:\/\/jornaloassobio.pt\/index.php?rest_route=%2Fwp%2Fv2%2Fcomments&post=5185"}],"version-history":[{"count":4,"href":"https:\/\/jornaloassobio.pt\/index.php?rest_route=\/wp\/v2\/posts\/5185\/revisions"}],"predecessor-version":[{"id":5191,"href":"https:\/\/jornaloassobio.pt\/index.php?rest_route=\/wp\/v2\/posts\/5185\/revisions\/5191"}],"wp:featuredmedia":[{"embeddable":true,"href":"https:\/\/jornaloassobio.pt\/index.php?rest_route=\/wp\/v2\/media\/5186"}],"wp:attachment":[{"href":"https:\/\/jornaloassobio.pt\/index.php?rest_route=%2Fwp%2Fv2%2Fmedia&parent=5185"}],"wp:term":[{"taxonomy":"category","embeddable":true,"href":"https:\/\/jornaloassobio.pt\/index.php?rest_route=%2Fwp%2Fv2%2Fcategories&post=5185"},{"taxonomy":"post_tag","embeddable":true,"href":"https:\/\/jornaloassobio.pt\/index.php?rest_route=%2Fwp%2Fv2%2Ftags&post=5185"}],"curies":[{"name":"wp","href":"https:\/\/api.w.org\/{rel}","templated":true}]}}