{"id":5211,"date":"2026-04-28T11:03:05","date_gmt":"2026-04-28T11:03:05","guid":{"rendered":"https:\/\/jornaloassobio.pt\/?p=5211"},"modified":"2026-04-28T11:08:51","modified_gmt":"2026-04-28T11:08:51","slug":"piquenique-literario-no-dia-mundial-do-livro","status":"publish","type":"post","link":"https:\/\/jornaloassobio.pt\/?p=5211","title":{"rendered":"PIQUENIQUE LITER\u00c1RIO NO DIA MUNDIAL DO LIVRO"},"content":{"rendered":"<div class='booster-block booster-read-block'>\r\n                <div class=\"twp-read-time\">\r\n                \t<i class=\"booster-icon twp-clock\"><\/i> <span>Read Time:<\/span>19 Second                <\/div>\r\n\r\n            <\/div><p><span style=\"color: #000000;\"><img loading=\"lazy\" decoding=\"async\" class=\"size-medium wp-image-5212 alignright\" src=\"https:\/\/jornaloassobio.pt\/wp-content\/uploads\/2026\/04\/IMG-20260423-WA0010-169x300.jpg\" alt=\"\" width=\"169\" height=\"300\" srcset=\"https:\/\/jornaloassobio.pt\/wp-content\/uploads\/2026\/04\/IMG-20260423-WA0010-169x300.jpg 169w, https:\/\/jornaloassobio.pt\/wp-content\/uploads\/2026\/04\/IMG-20260423-WA0010-576x1024.jpg 576w, https:\/\/jornaloassobio.pt\/wp-content\/uploads\/2026\/04\/IMG-20260423-WA0010-768x1365.jpg 768w, https:\/\/jornaloassobio.pt\/wp-content\/uploads\/2026\/04\/IMG-20260423-WA0010-864x1536.jpg 864w, https:\/\/jornaloassobio.pt\/wp-content\/uploads\/2026\/04\/IMG-20260423-WA0010.jpg 1152w\" sizes=\"auto, (max-width: 169px) 100vw, 169px\" \/><img loading=\"lazy\" decoding=\"async\" class=\"size-medium wp-image-5213 alignright\" src=\"https:\/\/jornaloassobio.pt\/wp-content\/uploads\/2026\/04\/IMG-20260423-WA0012-169x300.jpg\" alt=\"\" width=\"169\" height=\"300\" srcset=\"https:\/\/jornaloassobio.pt\/wp-content\/uploads\/2026\/04\/IMG-20260423-WA0012-169x300.jpg 169w, https:\/\/jornaloassobio.pt\/wp-content\/uploads\/2026\/04\/IMG-20260423-WA0012-576x1024.jpg 576w, https:\/\/jornaloassobio.pt\/wp-content\/uploads\/2026\/04\/IMG-20260423-WA0012-768x1365.jpg 768w, https:\/\/jornaloassobio.pt\/wp-content\/uploads\/2026\/04\/IMG-20260423-WA0012-864x1536.jpg 864w, https:\/\/jornaloassobio.pt\/wp-content\/uploads\/2026\/04\/IMG-20260423-WA0012.jpg 1152w\" sizes=\"auto, (max-width: 169px) 100vw, 169px\" \/><\/span><\/p>\n<p><span style=\"color: #000000;\">No dia 23 de abril, no \u00e2mbito da <strong>Comemora\u00e7\u00e3o do Dia Mundial do Livro<\/strong>, a Professora Maria Jo\u00e3o Carvalho e os alunos da turma do 9\u00ba D, realizaram um <strong>Piquenique Liter\u00e1rio no Jardim P\u00fablico,<\/strong> ap\u00f3s a realiza\u00e7\u00e3o das provas &#8211; ensaio de Matem\u00e1tica.<\/span><\/p>\n<p><span style=\"color: #000000;\">Cada aluno partilhou com os colegas um trecho do seu livro preferido , promovendo-se a leitura num ambiente descontra\u00eddo e de conv\u00edvio.<\/span><\/p>\n        <div class=\"booster-block booster-reactions-block\">\r\n            <div class=\"twp-reactions-icons\">\r\n                \r\n                <div class=\"twp-reacts-wrap\">\r\n                    <a react-data=\"be-react-1\" post-id=\"5211\" class=\"be-face-icons un-reacted\" href=\"javascript:void(0)\">\r\n                        <img decoding=\"async\" src=\"https:\/\/jornaloassobio.pt\/wp-content\/plugins\/booster-extension\/\/assets\/icon\/happy.svg\" alt=\"Happy\">\r\n                    <\/a>\r\n                    <div class=\"twp-reaction-title\">\r\n                        Happy                    <\/div>\r\n                    <div class=\"twp-count-percent\">\r\n                                                    <span style=\"display: none;\" class=\"twp-react-count\">0<\/span>\r\n                        \r\n                                                <span class=\"twp-react-percent\"><span>0<\/span> %<\/span>\r\n                                            <\/div>\r\n                <\/div>\r\n\r\n                <div class=\"twp-reacts-wrap\">\r\n                    <a react-data=\"be-react-2\" post-id=\"5211\" class=\"be-face-icons un-reacted\" href=\"javascript:void(0)\">\r\n                        <img decoding=\"async\" src=\"https:\/\/jornaloassobio.pt\/wp-content\/plugins\/booster-extension\/\/assets\/icon\/sad.svg\" alt=\"Sad\">\r\n                    <\/a>\r\n                    <div class=\"twp-reaction-title\">\r\n                        Sad                    <\/div>\r\n                    <div class=\"twp-count-percent\">\r\n                                                    <span style=\"display: none;\" class=\"twp-react-count\">0<\/span>\r\n                                                                        <span class=\"twp-react-percent\"><span>0<\/span> %<\/span>\r\n                                            <\/div>\r\n                <\/div>\r\n\r\n                <div class=\"twp-reacts-wrap\">\r\n                    <a react-data=\"be-react-3\" post-id=\"5211\" class=\"be-face-icons un-reacted\" href=\"javascript:void(0)\">\r\n                        <img decoding=\"async\" src=\"https:\/\/jornaloassobio.pt\/wp-content\/plugins\/booster-extension\/\/assets\/icon\/excited.svg\" alt=\"Excited\">\r\n                    <\/a>\r\n                    <div class=\"twp-reaction-title\">\r\n                        Excited                    <\/div>\r\n                    <div class=\"twp-count-percent\">\r\n                                                    <span style=\"display: none;\" class=\"twp-react-count\">0<\/span>\r\n                                                                        <span class=\"twp-react-percent\"><span>0<\/span> %<\/span>\r\n                                            <\/div>\r\n                <\/div>\r\n\r\n                <div class=\"twp-reacts-wrap\">\r\n                    <a react-data=\"be-react-6\" post-id=\"5211\" class=\"be-face-icons un-reacted\" href=\"javascript:void(0)\">\r\n                        <img decoding=\"async\" src=\"https:\/\/jornaloassobio.pt\/wp-content\/plugins\/booster-extension\/\/assets\/icon\/sleepy.svg\" alt=\"Sleepy\">\r\n                    <\/a>\r\n                    <div class=\"twp-reaction-title\">\r\n                        Sleepy                    <\/div>\r\n                    <div class=\"twp-count-percent\">\r\n                                                    <span style=\"display: none;\" class=\"twp-react-count\">0<\/span>\r\n                        \r\n                                                <span class=\"twp-react-percent\"><span>0<\/span> %<\/span>\r\n                                            <\/div>\r\n                <\/div>\r\n\r\n                <div class=\"twp-reacts-wrap\">\r\n                    <a react-data=\"be-react-4\" post-id=\"5211\" class=\"be-face-icons un-reacted\" href=\"javascript:void(0)\">\r\n                        <img decoding=\"async\" src=\"https:\/\/jornaloassobio.pt\/wp-content\/plugins\/booster-extension\/\/assets\/icon\/angry.svg\" alt=\"Angry\">\r\n                    <\/a>\r\n                    <div class=\"twp-reaction-title\">Angry<\/div>\r\n                    <div class=\"twp-count-percent\">\r\n                                                    <span style=\"display: none;\" class=\"twp-react-count\">0<\/span>\r\n                                                                        <span class=\"twp-react-percent\"><span>0<\/span> %<\/span>\r\n                        \r\n                    <\/div>\r\n                <\/div>\r\n\r\n                <div class=\"twp-reacts-wrap\">\r\n                    <a react-data=\"be-react-5\" post-id=\"5211\" class=\"be-face-icons un-reacted\" href=\"javascript:void(0)\">\r\n                        <img decoding=\"async\" src=\"https:\/\/jornaloassobio.pt\/wp-content\/plugins\/booster-extension\/\/assets\/icon\/surprise.svg\" alt=\"Surprise\">\r\n                    <\/a>\r\n                    <div class=\"twp-reaction-title\">Surprise<\/div>\r\n                    <div class=\"twp-count-percent\">\r\n                                                    <span style=\"display: none;\" class=\"twp-react-count\">0<\/span>\r\n                                                                        <span class=\"twp-react-percent\"><span>0<\/span> %<\/span>\r\n                                            <\/div>\r\n                <\/div>\r\n\r\n            <\/div>\r\n        <\/div>\r\n\r\n    ","protected":false},"excerpt":{"rendered":"<p>No dia 23 de abril, no \u00e2mbito da Comemora\u00e7\u00e3o do Dia Mundial do Livro, a Professora Maria Jo\u00e3o Carvalho e os alunos da turma do 9\u00ba D, realizaram um Piquenique Liter\u00e1rio no Jardim P\u00fablico, ap\u00f3s a realiza\u00e7\u00e3o das provas &#8211; ensaio de Matem\u00e1tica. Cada aluno partilhou com os colegas um trecho do seu livro preferido [&hellip;]<\/p>\n","protected":false},"author":6,"featured_media":5213,"comment_status":"open","ping_status":"open","sticky":false,"template":"","format":"standard","meta":{"footnotes":""},"categories":[4],"tags":[],"class_list":["post-5211","post","type-post","status-publish","format-standard","has-post-thumbnail","hentry","category-noticias"],"_links":{"self":[{"href":"https:\/\/jornaloassobio.pt\/index.php?rest_route=\/wp\/v2\/posts\/5211","targetHints":{"allow":["GET"]}}],"collection":[{"href":"https:\/\/jornaloassobio.pt\/index.php?rest_route=\/wp\/v2\/posts"}],"about":[{"href":"https:\/\/jornaloassobio.pt\/index.php?rest_route=\/wp\/v2\/types\/post"}],"author":[{"embeddable":true,"href":"https:\/\/jornaloassobio.pt\/index.php?rest_route=\/wp\/v2\/users\/6"}],"replies":[{"embeddable":true,"href":"https:\/\/jornaloassobio.pt\/index.php?rest_route=%2Fwp%2Fv2%2Fcomments&post=5211"}],"version-history":[{"count":4,"href":"https:\/\/jornaloassobio.pt\/index.php?rest_route=\/wp\/v2\/posts\/5211\/revisions"}],"predecessor-version":[{"id":5215,"href":"https:\/\/jornaloassobio.pt\/index.php?rest_route=\/wp\/v2\/posts\/5211\/revisions\/5215"}],"wp:featuredmedia":[{"embeddable":true,"href":"https:\/\/jornaloassobio.pt\/index.php?rest_route=\/wp\/v2\/media\/5213"}],"wp:attachment":[{"href":"https:\/\/jornaloassobio.pt\/index.php?rest_route=%2Fwp%2Fv2%2Fmedia&parent=5211"}],"wp:term":[{"taxonomy":"category","embeddable":true,"href":"https:\/\/jornaloassobio.pt\/index.php?rest_route=%2Fwp%2Fv2%2Fcategories&post=5211"},{"taxonomy":"post_tag","embeddable":true,"href":"https:\/\/jornaloassobio.pt\/index.php?rest_route=%2Fwp%2Fv2%2Ftags&post=5211"}],"curies":[{"name":"wp","href":"https:\/\/api.w.org\/{rel}","templated":true}]}}