{"id":5218,"date":"2026-04-30T11:27:54","date_gmt":"2026-04-30T11:27:54","guid":{"rendered":"https:\/\/jornaloassobio.pt\/?p=5218"},"modified":"2026-04-30T11:28:35","modified_gmt":"2026-04-30T11:28:35","slug":"severim-de-faria-na-feira-do-livro-de-evora-2026","status":"publish","type":"post","link":"https:\/\/jornaloassobio.pt\/?p=5218","title":{"rendered":"SEVERIM DE FARIA NA FEIRA DO LIVRO DE \u00c9VORA\/2026"},"content":{"rendered":"<div class='booster-block booster-read-block'>\r\n                <div class=\"twp-read-time\">\r\n                \t<i class=\"booster-icon twp-clock\"><\/i> <span>Read Time:<\/span>1 Minute, 12 Second                <\/div>\r\n\r\n            <\/div><p>&nbsp;<\/p>\n<p><img loading=\"lazy\" decoding=\"async\" class=\" wp-image-5219 aligncenter\" src=\"https:\/\/jornaloassobio.pt\/wp-content\/uploads\/2026\/04\/fl-1120x400-1-300x107.webp\" alt=\"\" width=\"774\" height=\"276\" srcset=\"https:\/\/jornaloassobio.pt\/wp-content\/uploads\/2026\/04\/fl-1120x400-1-300x107.webp 300w, https:\/\/jornaloassobio.pt\/wp-content\/uploads\/2026\/04\/fl-1120x400-1-1024x366.webp 1024w, https:\/\/jornaloassobio.pt\/wp-content\/uploads\/2026\/04\/fl-1120x400-1-768x274.webp 768w, https:\/\/jornaloassobio.pt\/wp-content\/uploads\/2026\/04\/fl-1120x400-1.webp 1120w\" sizes=\"auto, (max-width: 774px) 100vw, 774px\" \/><\/p>\n<p>&nbsp;<\/p>\n<p style=\"text-align: center;\"><strong>A EDI\u00c7\u00c3O DE 2026 REALIZA-SE de 02 A 09 DE MAIO<\/strong><\/p>\n<p><span style=\"color: #000000;\">A zona do Templo Romano de \u00c9vora mant\u00e9m-se como pano de fundo de um certame que promove <strong>encontros entre autores, escritores, livreiros e leitores<\/strong>. A caminho da <strong>Capital Europeia da Cultura<\/strong> e consolidando o papel da cidade como <strong>Capital Europeia ao Sul,<\/strong> esta edi\u00e7\u00e3o da <strong>Feira do Livro<\/strong> apresenta, como destaque, a passagem do <strong>Comboio Liter\u00e1rio,<\/strong> um evento de \u00e2mbito nacional que passar\u00e1 por \u00c9vora com um conjunto alargado de escritores, entre os quais Lu\u00edsa Sobral e Rodrigo Guedes de Carvalho.<\/span><br \/>\n<span style=\"color: #000000;\">Outra novidade passa pela iniciativa \u201c<strong>O Livro da Minha Vida\u201d<\/strong>, projeto participativo que convida a popula\u00e7\u00e3o a partilhar as suas obras de refer\u00eancia, sendo os resultados apresentados durante a Feira do Livro. Ap\u00f3s a feira ser\u00e1 feito o lan\u00e7amento de uma publica\u00e7\u00e3o com entrevistas aos escritores e autores presentes no evento.<\/span><br \/>\n<span style=\"color: #000000;\">Neste acontecimento liter\u00e1rio est\u00e1 confirmada a vinda de diversas institui\u00e7\u00f5es e livrarias independentes da Cidade e de outros pontos do Pa\u00eds. A C\u00e2mara Municipal de \u00c9vora, entidade organizadora, tem como parceiros a Biblioteca P\u00fablica de \u00c9vora, a Funda\u00e7\u00e3o Eug\u00e9nio de Almeida e o Museu Nacional Frei Manuel do Cen\u00e1culo.<\/span><\/p>\n<p><strong><span style=\"color: #000000;\">Destacamos no dia 6 de maio, quarta-feira, pelas 15 horas:<img loading=\"lazy\" decoding=\"async\" class=\" wp-image-5221 alignright\" src=\"https:\/\/jornaloassobio.pt\/wp-content\/uploads\/2026\/04\/18068_b-300x225.jpg\" alt=\"\" width=\"228\" height=\"171\" srcset=\"https:\/\/jornaloassobio.pt\/wp-content\/uploads\/2026\/04\/18068_b-300x225.jpg 300w, https:\/\/jornaloassobio.pt\/wp-content\/uploads\/2026\/04\/18068_b-1024x768.jpg 1024w, https:\/\/jornaloassobio.pt\/wp-content\/uploads\/2026\/04\/18068_b-768x576.jpg 768w, https:\/\/jornaloassobio.pt\/wp-content\/uploads\/2026\/04\/18068_b.jpg 1200w\" sizes=\"auto, (max-width: 228px) 100vw, 228px\" \/><\/span><\/strong><\/p>\n<p><span style=\"color: #000000;\"><strong>| Mesa redonda dedicada a Severim de Faria, com o Doutor Manuel Ferro e modera\u00e7\u00e3o da Doutora Ana Pires Fernandes.<\/strong><\/span><\/p>\n<p><strong><span style=\"color: #000000;\">Local: Recinto da Feira<\/span><\/strong><\/p>\n<blockquote class=\"wp-embedded-content\" data-secret=\"bY5hLc8WAY\"><p><a href=\"https:\/\/www.cm-evora.pt\/eventos\/feira-do-livro-2026\/\">Feira do Livro 2026<\/a><\/p><\/blockquote>\n<p><iframe loading=\"lazy\" class=\"wp-embedded-content\" sandbox=\"allow-scripts\" security=\"restricted\" style=\"position: absolute; visibility: hidden;\" title=\"&#8220;Feira do Livro 2026&#8221; &#8212; Portal Institucional\" src=\"https:\/\/www.cm-evora.pt\/eventos\/feira-do-livro-2026\/embed\/#?secret=K7I01Bpeof#?secret=bY5hLc8WAY\" data-secret=\"bY5hLc8WAY\" width=\"600\" height=\"338\" frameborder=\"0\" marginwidth=\"0\" marginheight=\"0\" scrolling=\"no\"><\/iframe><\/p>\n        <div class=\"booster-block booster-reactions-block\">\r\n            <div class=\"twp-reactions-icons\">\r\n                \r\n                <div class=\"twp-reacts-wrap\">\r\n                    <a react-data=\"be-react-1\" post-id=\"5218\" class=\"be-face-icons un-reacted\" href=\"javascript:void(0)\">\r\n                        <img decoding=\"async\" src=\"https:\/\/jornaloassobio.pt\/wp-content\/plugins\/booster-extension\/\/assets\/icon\/happy.svg\" alt=\"Happy\">\r\n                    <\/a>\r\n                    <div class=\"twp-reaction-title\">\r\n                        Happy                    <\/div>\r\n                    <div class=\"twp-count-percent\">\r\n                                                    <span style=\"display: none;\" class=\"twp-react-count\">0<\/span>\r\n                        \r\n                                                <span class=\"twp-react-percent\"><span>0<\/span> %<\/span>\r\n                                            <\/div>\r\n                <\/div>\r\n\r\n                <div class=\"twp-reacts-wrap\">\r\n                    <a react-data=\"be-react-2\" post-id=\"5218\" class=\"be-face-icons un-reacted\" href=\"javascript:void(0)\">\r\n                        <img decoding=\"async\" src=\"https:\/\/jornaloassobio.pt\/wp-content\/plugins\/booster-extension\/\/assets\/icon\/sad.svg\" alt=\"Sad\">\r\n                    <\/a>\r\n                    <div class=\"twp-reaction-title\">\r\n                        Sad                    <\/div>\r\n                    <div class=\"twp-count-percent\">\r\n                                                    <span style=\"display: none;\" class=\"twp-react-count\">0<\/span>\r\n                                                                        <span class=\"twp-react-percent\"><span>0<\/span> %<\/span>\r\n                                            <\/div>\r\n                <\/div>\r\n\r\n                <div class=\"twp-reacts-wrap\">\r\n                    <a react-data=\"be-react-3\" post-id=\"5218\" class=\"be-face-icons un-reacted\" href=\"javascript:void(0)\">\r\n                        <img decoding=\"async\" src=\"https:\/\/jornaloassobio.pt\/wp-content\/plugins\/booster-extension\/\/assets\/icon\/excited.svg\" alt=\"Excited\">\r\n                    <\/a>\r\n                    <div class=\"twp-reaction-title\">\r\n                        Excited                    <\/div>\r\n                    <div class=\"twp-count-percent\">\r\n                                                    <span style=\"display: none;\" class=\"twp-react-count\">0<\/span>\r\n                                                                        <span class=\"twp-react-percent\"><span>0<\/span> %<\/span>\r\n                                            <\/div>\r\n                <\/div>\r\n\r\n                <div class=\"twp-reacts-wrap\">\r\n                    <a react-data=\"be-react-6\" post-id=\"5218\" class=\"be-face-icons un-reacted\" href=\"javascript:void(0)\">\r\n                        <img decoding=\"async\" src=\"https:\/\/jornaloassobio.pt\/wp-content\/plugins\/booster-extension\/\/assets\/icon\/sleepy.svg\" alt=\"Sleepy\">\r\n                    <\/a>\r\n                    <div class=\"twp-reaction-title\">\r\n                        Sleepy                    <\/div>\r\n                    <div class=\"twp-count-percent\">\r\n                                                    <span style=\"display: none;\" class=\"twp-react-count\">0<\/span>\r\n                        \r\n                                                <span class=\"twp-react-percent\"><span>0<\/span> %<\/span>\r\n                                            <\/div>\r\n                <\/div>\r\n\r\n                <div class=\"twp-reacts-wrap\">\r\n                    <a react-data=\"be-react-4\" post-id=\"5218\" class=\"be-face-icons un-reacted\" href=\"javascript:void(0)\">\r\n                        <img decoding=\"async\" src=\"https:\/\/jornaloassobio.pt\/wp-content\/plugins\/booster-extension\/\/assets\/icon\/angry.svg\" alt=\"Angry\">\r\n                    <\/a>\r\n                    <div class=\"twp-reaction-title\">Angry<\/div>\r\n                    <div class=\"twp-count-percent\">\r\n                                                    <span style=\"display: none;\" class=\"twp-react-count\">0<\/span>\r\n                                                                        <span class=\"twp-react-percent\"><span>0<\/span> %<\/span>\r\n                        \r\n                    <\/div>\r\n                <\/div>\r\n\r\n                <div class=\"twp-reacts-wrap\">\r\n                    <a react-data=\"be-react-5\" post-id=\"5218\" class=\"be-face-icons un-reacted\" href=\"javascript:void(0)\">\r\n                        <img decoding=\"async\" src=\"https:\/\/jornaloassobio.pt\/wp-content\/plugins\/booster-extension\/\/assets\/icon\/surprise.svg\" alt=\"Surprise\">\r\n                    <\/a>\r\n                    <div class=\"twp-reaction-title\">Surprise<\/div>\r\n                    <div class=\"twp-count-percent\">\r\n                                                    <span style=\"display: none;\" class=\"twp-react-count\">0<\/span>\r\n                                                                        <span class=\"twp-react-percent\"><span>0<\/span> %<\/span>\r\n                                            <\/div>\r\n                <\/div>\r\n\r\n            <\/div>\r\n        <\/div>\r\n\r\n    ","protected":false},"excerpt":{"rendered":"<p>&nbsp; &nbsp; A EDI\u00c7\u00c3O DE 2026 REALIZA-SE de 02 A 09 DE MAIO A zona do Templo Romano de \u00c9vora mant\u00e9m-se como pano de fundo de um certame que promove encontros entre autores, escritores, livreiros e leitores. A caminho da Capital Europeia da Cultura e consolidando o papel da cidade como Capital Europeia ao Sul, [&hellip;]<\/p>\n","protected":false},"author":6,"featured_media":5221,"comment_status":"open","ping_status":"open","sticky":false,"template":"","format":"standard","meta":{"footnotes":""},"categories":[4],"tags":[],"class_list":["post-5218","post","type-post","status-publish","format-standard","has-post-thumbnail","hentry","category-noticias"],"_links":{"self":[{"href":"https:\/\/jornaloassobio.pt\/index.php?rest_route=\/wp\/v2\/posts\/5218","targetHints":{"allow":["GET"]}}],"collection":[{"href":"https:\/\/jornaloassobio.pt\/index.php?rest_route=\/wp\/v2\/posts"}],"about":[{"href":"https:\/\/jornaloassobio.pt\/index.php?rest_route=\/wp\/v2\/types\/post"}],"author":[{"embeddable":true,"href":"https:\/\/jornaloassobio.pt\/index.php?rest_route=\/wp\/v2\/users\/6"}],"replies":[{"embeddable":true,"href":"https:\/\/jornaloassobio.pt\/index.php?rest_route=%2Fwp%2Fv2%2Fcomments&post=5218"}],"version-history":[{"count":6,"href":"https:\/\/jornaloassobio.pt\/index.php?rest_route=\/wp\/v2\/posts\/5218\/revisions"}],"predecessor-version":[{"id":5226,"href":"https:\/\/jornaloassobio.pt\/index.php?rest_route=\/wp\/v2\/posts\/5218\/revisions\/5226"}],"wp:featuredmedia":[{"embeddable":true,"href":"https:\/\/jornaloassobio.pt\/index.php?rest_route=\/wp\/v2\/media\/5221"}],"wp:attachment":[{"href":"https:\/\/jornaloassobio.pt\/index.php?rest_route=%2Fwp%2Fv2%2Fmedia&parent=5218"}],"wp:term":[{"taxonomy":"category","embeddable":true,"href":"https:\/\/jornaloassobio.pt\/index.php?rest_route=%2Fwp%2Fv2%2Fcategories&post=5218"},{"taxonomy":"post_tag","embeddable":true,"href":"https:\/\/jornaloassobio.pt\/index.php?rest_route=%2Fwp%2Fv2%2Ftags&post=5218"}],"curies":[{"name":"wp","href":"https:\/\/api.w.org\/{rel}","templated":true}]}}