{"id":561,"date":"2023-11-13T16:51:01","date_gmt":"2023-11-13T16:51:01","guid":{"rendered":"https:\/\/jornaloassobio.pt\/?p=561"},"modified":"2023-11-30T15:59:42","modified_gmt":"2023-11-30T15:59:42","slug":"parlamento-dos-jovens","status":"publish","type":"post","link":"https:\/\/jornaloassobio.pt\/?p=561","title":{"rendered":"PARLAMENTO DOS JOVENS"},"content":{"rendered":"<div class='booster-block booster-read-block'>\r\n                <div class=\"twp-read-time\">\r\n                \t<i class=\"booster-icon twp-clock\"><\/i> <span>Read Time:<\/span>1 Minute, 12 Second                <\/div>\r\n\r\n            <\/div><p><img loading=\"lazy\" decoding=\"async\" class=\"size-medium wp-image-572 alignright\" src=\"https:\/\/jornaloassobio.pt\/wp-content\/uploads\/2023\/11\/processed-6C742618-652E-46E8-8C99-A43373B2D535-6C4B7C0A-6844-47B5-BF64-0FDB8A7D819F-300x225.jpeg\" alt=\"\" width=\"300\" height=\"225\" srcset=\"https:\/\/jornaloassobio.pt\/wp-content\/uploads\/2023\/11\/processed-6C742618-652E-46E8-8C99-A43373B2D535-6C4B7C0A-6844-47B5-BF64-0FDB8A7D819F-300x225.jpeg 300w, https:\/\/jornaloassobio.pt\/wp-content\/uploads\/2023\/11\/processed-6C742618-652E-46E8-8C99-A43373B2D535-6C4B7C0A-6844-47B5-BF64-0FDB8A7D819F-1024x768.jpeg 1024w, https:\/\/jornaloassobio.pt\/wp-content\/uploads\/2023\/11\/processed-6C742618-652E-46E8-8C99-A43373B2D535-6C4B7C0A-6844-47B5-BF64-0FDB8A7D819F-768x576.jpeg 768w, https:\/\/jornaloassobio.pt\/wp-content\/uploads\/2023\/11\/processed-6C742618-652E-46E8-8C99-A43373B2D535-6C4B7C0A-6844-47B5-BF64-0FDB8A7D819F-1536x1153.jpeg 1536w, https:\/\/jornaloassobio.pt\/wp-content\/uploads\/2023\/11\/processed-6C742618-652E-46E8-8C99-A43373B2D535-6C4B7C0A-6844-47B5-BF64-0FDB8A7D819F-2048x1537.jpeg 2048w\" sizes=\"auto, (max-width: 300px) 100vw, 300px\" \/> \u00a0\u00a0<img loading=\"lazy\" decoding=\"async\" class=\"size-medium wp-image-575 alignleft\" src=\"https:\/\/jornaloassobio.pt\/wp-content\/uploads\/2023\/11\/processed-E5E54E8E-ADB5-4EF8-B4BC-BECCEF60476B-D2AE93A2-0722-416D-AD7B-BF79B29E263A-300x225.jpeg\" alt=\"\" width=\"300\" height=\"225\" srcset=\"https:\/\/jornaloassobio.pt\/wp-content\/uploads\/2023\/11\/processed-E5E54E8E-ADB5-4EF8-B4BC-BECCEF60476B-D2AE93A2-0722-416D-AD7B-BF79B29E263A-300x225.jpeg 300w, https:\/\/jornaloassobio.pt\/wp-content\/uploads\/2023\/11\/processed-E5E54E8E-ADB5-4EF8-B4BC-BECCEF60476B-D2AE93A2-0722-416D-AD7B-BF79B29E263A-1024x768.jpeg 1024w, https:\/\/jornaloassobio.pt\/wp-content\/uploads\/2023\/11\/processed-E5E54E8E-ADB5-4EF8-B4BC-BECCEF60476B-D2AE93A2-0722-416D-AD7B-BF79B29E263A-768x576.jpeg 768w, https:\/\/jornaloassobio.pt\/wp-content\/uploads\/2023\/11\/processed-E5E54E8E-ADB5-4EF8-B4BC-BECCEF60476B-D2AE93A2-0722-416D-AD7B-BF79B29E263A-1536x1153.jpeg 1536w, https:\/\/jornaloassobio.pt\/wp-content\/uploads\/2023\/11\/processed-E5E54E8E-ADB5-4EF8-B4BC-BECCEF60476B-D2AE93A2-0722-416D-AD7B-BF79B29E263A-2048x1537.jpeg 2048w\" sizes=\"auto, (max-width: 300px) 100vw, 300px\" \/> <img loading=\"lazy\" decoding=\"async\" class=\"size-medium wp-image-576 aligncenter\" src=\"https:\/\/jornaloassobio.pt\/wp-content\/uploads\/2023\/11\/processed-5E7DE869-03BE-4397-B264-57044383B5A3-A96EA23A-E868-4528-B1EC-63E33C25D40D-300x225.jpeg\" alt=\"\" width=\"300\" height=\"225\" srcset=\"https:\/\/jornaloassobio.pt\/wp-content\/uploads\/2023\/11\/processed-5E7DE869-03BE-4397-B264-57044383B5A3-A96EA23A-E868-4528-B1EC-63E33C25D40D-300x225.jpeg 300w, https:\/\/jornaloassobio.pt\/wp-content\/uploads\/2023\/11\/processed-5E7DE869-03BE-4397-B264-57044383B5A3-A96EA23A-E868-4528-B1EC-63E33C25D40D-1024x768.jpeg 1024w, https:\/\/jornaloassobio.pt\/wp-content\/uploads\/2023\/11\/processed-5E7DE869-03BE-4397-B264-57044383B5A3-A96EA23A-E868-4528-B1EC-63E33C25D40D-768x576.jpeg 768w, https:\/\/jornaloassobio.pt\/wp-content\/uploads\/2023\/11\/processed-5E7DE869-03BE-4397-B264-57044383B5A3-A96EA23A-E868-4528-B1EC-63E33C25D40D-1536x1153.jpeg 1536w, https:\/\/jornaloassobio.pt\/wp-content\/uploads\/2023\/11\/processed-5E7DE869-03BE-4397-B264-57044383B5A3-A96EA23A-E868-4528-B1EC-63E33C25D40D-2048x1537.jpeg 2048w\" sizes=\"auto, (max-width: 300px) 100vw, 300px\" \/><\/p>\n<p>O projeto &#8220;Parlamento dos Jovens&#8221; continua a &#8220;dar que falar&#8221; na Escola Severim de Faria.<\/p>\n<p>No dia 13 de novembro, pelas 10 e pelas 16 horas, foram realizadas duas Sess\u00f5es de Esclarecimento no Audit\u00f3rio, dirigidas aos alunos do Ensino B\u00e1sico e do Ensino Secund\u00e1rio.<\/p>\n<p>A Comiss\u00e3o Eleitoral do Ensino B\u00e1sico \u00e9 constitu\u00edda pelos professores M\u00aa Teresa Cravo, M\u00aa Paula Carvalho e Rui Ladeiras e pelos alunos\u00a0 Layrubim Leit\u00e3o &#8211; 8\u00ba A; Madalena Carvalho &#8211; 8\u00ba A e M\u00aa do Carmo Pinheiro &#8211; 8\u00ba A.<\/p>\n<p>A Apresenta\u00e7\u00e3o das Listas ter\u00e1 lugar at\u00e9 15 de janeiro de 2024 , a Campanha Eleitoral decorrer\u00e1 de 15 a 19 de janeiro de 2024, o Debate entre Listas efetuar-se-\u00e1\u00a0 no dia 19 de novembro e as Elei\u00e7\u00f5es realizar-se-\u00e3o no dia 22 de janeiro de 2024, na Sala de Pausa.<\/p>\n<p><img loading=\"lazy\" decoding=\"async\" class=\"alignnone wp-image-565\" src=\"https:\/\/jornaloassobio.pt\/wp-content\/uploads\/2023\/11\/Cartaz-PJ-23_24-Ensino-Basico-207x300.png\" alt=\"\" width=\"304\" height=\"441\" srcset=\"https:\/\/jornaloassobio.pt\/wp-content\/uploads\/2023\/11\/Cartaz-PJ-23_24-Ensino-Basico-207x300.png 207w, https:\/\/jornaloassobio.pt\/wp-content\/uploads\/2023\/11\/Cartaz-PJ-23_24-Ensino-Basico.png 420w\" sizes=\"auto, (max-width: 304px) 100vw, 304px\" \/> <img loading=\"lazy\" decoding=\"async\" class=\"wp-image-566 alignright\" src=\"https:\/\/jornaloassobio.pt\/wp-content\/uploads\/2023\/11\/cartaz-PJS_2024-ESecundario-207x300.png\" alt=\"\" width=\"305\" height=\"442\" srcset=\"https:\/\/jornaloassobio.pt\/wp-content\/uploads\/2023\/11\/cartaz-PJS_2024-ESecundario-207x300.png 207w, https:\/\/jornaloassobio.pt\/wp-content\/uploads\/2023\/11\/cartaz-PJS_2024-ESecundario.png 420w\" sizes=\"auto, (max-width: 305px) 100vw, 305px\" \/><\/p>\n<p>A Comiss\u00e3o Eleitoral do Ensino Secund\u00e1rio \u00e9 constitu\u00edda pelos seguintes membros: professoras Manuela Ramalho e Rosa Punilhas, alunos Afonso Tenda &#8211; 10\u00ba CT3; Jos\u00e9 Grilo &#8211; 11\u00ba LH2; Sofia Godinho -11\u00ba LH2; Leonor Ribeiro &#8211; 11\u00ba LH1; Tatiana Caneca &#8211; 11\u00ba LH1; Leonor Paulino \u2013 11\u00ba CT1 e Mafalda Santos \u2013 10\u00ba LH2.<\/p>\n<p>A Apresenta\u00e7\u00e3o das Listas ter\u00e1 lugar at\u00e9 15 de janeiro de 2024, a Campanha Eleitoral decorrer\u00e1 de 15 a 19 de janeiro de 2024, o Debate Eleitoral ser\u00e1 no dia 19 de janeiro de 2024, pelas 11.30, no Audit\u00f3rio e as Elei\u00e7\u00f5es realizar-se-\u00e3o no dia 22 de janeiro de 2024, no \u00e1trio do Audit\u00f3rio.<\/p>\n        <div class=\"booster-block booster-reactions-block\">\r\n            <div class=\"twp-reactions-icons\">\r\n                \r\n                <div class=\"twp-reacts-wrap\">\r\n                    <a react-data=\"be-react-1\" post-id=\"561\" class=\"be-face-icons un-reacted\" href=\"javascript:void(0)\">\r\n                        <img decoding=\"async\" src=\"https:\/\/jornaloassobio.pt\/wp-content\/plugins\/booster-extension\/\/assets\/icon\/happy.svg\" alt=\"Happy\">\r\n                    <\/a>\r\n                    <div class=\"twp-reaction-title\">\r\n                        Happy                    <\/div>\r\n                    <div class=\"twp-count-percent\">\r\n                                                    <span style=\"display: none;\" class=\"twp-react-count\">1<\/span>\r\n                        \r\n                                                <span class=\"twp-react-percent\"><span>100<\/span> %<\/span>\r\n                                            <\/div>\r\n                <\/div>\r\n\r\n                <div class=\"twp-reacts-wrap\">\r\n                    <a react-data=\"be-react-2\" post-id=\"561\" class=\"be-face-icons un-reacted\" href=\"javascript:void(0)\">\r\n                        <img decoding=\"async\" src=\"https:\/\/jornaloassobio.pt\/wp-content\/plugins\/booster-extension\/\/assets\/icon\/sad.svg\" alt=\"Sad\">\r\n                    <\/a>\r\n                    <div class=\"twp-reaction-title\">\r\n                        Sad                    <\/div>\r\n                    <div class=\"twp-count-percent\">\r\n                                                    <span style=\"display: none;\" class=\"twp-react-count\">0<\/span>\r\n                                                                        <span class=\"twp-react-percent\"><span>0<\/span> %<\/span>\r\n                                            <\/div>\r\n                <\/div>\r\n\r\n                <div class=\"twp-reacts-wrap\">\r\n                    <a react-data=\"be-react-3\" post-id=\"561\" class=\"be-face-icons un-reacted\" href=\"javascript:void(0)\">\r\n                        <img decoding=\"async\" src=\"https:\/\/jornaloassobio.pt\/wp-content\/plugins\/booster-extension\/\/assets\/icon\/excited.svg\" alt=\"Excited\">\r\n                    <\/a>\r\n                    <div class=\"twp-reaction-title\">\r\n                        Excited                    <\/div>\r\n                    <div class=\"twp-count-percent\">\r\n                                                    <span style=\"display: none;\" class=\"twp-react-count\">0<\/span>\r\n                                                                        <span class=\"twp-react-percent\"><span>0<\/span> %<\/span>\r\n                                            <\/div>\r\n                <\/div>\r\n\r\n                <div class=\"twp-reacts-wrap\">\r\n                    <a react-data=\"be-react-6\" post-id=\"561\" class=\"be-face-icons un-reacted\" href=\"javascript:void(0)\">\r\n                        <img decoding=\"async\" src=\"https:\/\/jornaloassobio.pt\/wp-content\/plugins\/booster-extension\/\/assets\/icon\/sleepy.svg\" alt=\"Sleepy\">\r\n                    <\/a>\r\n                    <div class=\"twp-reaction-title\">\r\n                        Sleepy                    <\/div>\r\n                    <div class=\"twp-count-percent\">\r\n                                                    <span style=\"display: none;\" class=\"twp-react-count\">0<\/span>\r\n                        \r\n                                                <span class=\"twp-react-percent\"><span>0<\/span> %<\/span>\r\n                                            <\/div>\r\n                <\/div>\r\n\r\n                <div class=\"twp-reacts-wrap\">\r\n                    <a react-data=\"be-react-4\" post-id=\"561\" class=\"be-face-icons un-reacted\" href=\"javascript:void(0)\">\r\n                        <img decoding=\"async\" src=\"https:\/\/jornaloassobio.pt\/wp-content\/plugins\/booster-extension\/\/assets\/icon\/angry.svg\" alt=\"Angry\">\r\n                    <\/a>\r\n                    <div class=\"twp-reaction-title\">Angry<\/div>\r\n                    <div class=\"twp-count-percent\">\r\n                                                    <span style=\"display: none;\" class=\"twp-react-count\">0<\/span>\r\n                                                                        <span class=\"twp-react-percent\"><span>0<\/span> %<\/span>\r\n                        \r\n                    <\/div>\r\n                <\/div>\r\n\r\n                <div class=\"twp-reacts-wrap\">\r\n                    <a react-data=\"be-react-5\" post-id=\"561\" class=\"be-face-icons un-reacted\" href=\"javascript:void(0)\">\r\n                        <img decoding=\"async\" src=\"https:\/\/jornaloassobio.pt\/wp-content\/plugins\/booster-extension\/\/assets\/icon\/surprise.svg\" alt=\"Surprise\">\r\n                    <\/a>\r\n                    <div class=\"twp-reaction-title\">Surprise<\/div>\r\n                    <div class=\"twp-count-percent\">\r\n                                                    <span style=\"display: none;\" class=\"twp-react-count\">0<\/span>\r\n                                                                        <span class=\"twp-react-percent\"><span>0<\/span> %<\/span>\r\n                                            <\/div>\r\n                <\/div>\r\n\r\n            <\/div>\r\n        <\/div>\r\n\r\n    ","protected":false},"excerpt":{"rendered":"<p>\u00a0\u00a0 O projeto &#8220;Parlamento dos Jovens&#8221; continua a &#8220;dar que falar&#8221; na Escola Severim de Faria. No dia 13 de novembro, pelas 10 e pelas 16 horas, foram realizadas duas Sess\u00f5es de Esclarecimento no Audit\u00f3rio, dirigidas aos alunos do Ensino B\u00e1sico e do Ensino Secund\u00e1rio. A Comiss\u00e3o Eleitoral do Ensino B\u00e1sico \u00e9 constitu\u00edda pelos professores [&hellip;]<\/p>\n","protected":false},"author":6,"featured_media":566,"comment_status":"open","ping_status":"open","sticky":false,"template":"","format":"standard","meta":{"footnotes":""},"categories":[4],"tags":[],"class_list":["post-561","post","type-post","status-publish","format-standard","has-post-thumbnail","hentry","category-noticias"],"_links":{"self":[{"href":"https:\/\/jornaloassobio.pt\/index.php?rest_route=\/wp\/v2\/posts\/561","targetHints":{"allow":["GET"]}}],"collection":[{"href":"https:\/\/jornaloassobio.pt\/index.php?rest_route=\/wp\/v2\/posts"}],"about":[{"href":"https:\/\/jornaloassobio.pt\/index.php?rest_route=\/wp\/v2\/types\/post"}],"author":[{"embeddable":true,"href":"https:\/\/jornaloassobio.pt\/index.php?rest_route=\/wp\/v2\/users\/6"}],"replies":[{"embeddable":true,"href":"https:\/\/jornaloassobio.pt\/index.php?rest_route=%2Fwp%2Fv2%2Fcomments&post=561"}],"version-history":[{"count":9,"href":"https:\/\/jornaloassobio.pt\/index.php?rest_route=\/wp\/v2\/posts\/561\/revisions"}],"predecessor-version":[{"id":585,"href":"https:\/\/jornaloassobio.pt\/index.php?rest_route=\/wp\/v2\/posts\/561\/revisions\/585"}],"wp:featuredmedia":[{"embeddable":true,"href":"https:\/\/jornaloassobio.pt\/index.php?rest_route=\/wp\/v2\/media\/566"}],"wp:attachment":[{"href":"https:\/\/jornaloassobio.pt\/index.php?rest_route=%2Fwp%2Fv2%2Fmedia&parent=561"}],"wp:term":[{"taxonomy":"category","embeddable":true,"href":"https:\/\/jornaloassobio.pt\/index.php?rest_route=%2Fwp%2Fv2%2Fcategories&post=561"},{"taxonomy":"post_tag","embeddable":true,"href":"https:\/\/jornaloassobio.pt\/index.php?rest_route=%2Fwp%2Fv2%2Ftags&post=561"}],"curies":[{"name":"wp","href":"https:\/\/api.w.org\/{rel}","templated":true}]}}