{"id":587,"date":"2023-11-15T11:16:02","date_gmt":"2023-11-15T11:16:02","guid":{"rendered":"https:\/\/jornaloassobio.pt\/?p=587"},"modified":"2023-11-30T15:50:14","modified_gmt":"2023-11-30T15:50:14","slug":"filme-da-semana-o-direito-a-felicidade","status":"publish","type":"post","link":"https:\/\/jornaloassobio.pt\/?p=587","title":{"rendered":"FILME DA SEMANA : &#8220;O DIREITO \u00c0 FELICIDADE&#8221;"},"content":{"rendered":"<div class='booster-block booster-read-block'>\r\n                <div class=\"twp-read-time\">\r\n                \t<i class=\"booster-icon twp-clock\"><\/i> <span>Read Time:<\/span>1 Minute, 44 Second                <\/div>\r\n\r\n            <\/div><p>Com a rubrica <strong>&#8220;Filme da semana&#8221;<\/strong>, pretendemos dar a conhecer e recomendar alguns filmes que, pelo seu car\u00e1ter formativo e valor cinematogr\u00e1fico, merecem ser assinalados.<\/p>\n<p><img loading=\"lazy\" decoding=\"async\" class=\" wp-image-615 aligncenter\" src=\"https:\/\/jornaloassobio.pt\/wp-content\/uploads\/2023\/11\/O-direito-a-felicidader.jpg\" alt=\"\" width=\"421\" height=\"236\" \/><\/p>\n<p style=\"text-align: center;\"><strong>&#8220;Sempre que um livro muda de dono, sempre que um novo olhar desfolha as p\u00e1ginas, o seu esp\u00edrito ganha for\u00e7a&#8221;. <\/strong><\/p>\n<p style=\"text-align: center;\">\u00a0 \u00a0&#8221; A Sombra do vento&#8221;, Carlos Ru\u00edz Zaf\u00f3n<\/p>\n<p><strong>&#8220;O Direito\u00a0 \u00e0 Felicidade&#8221;, <\/strong>filme do cineasta italiano Claudio Rossi Massimi, estreou em 2021, na It\u00e1lia, nunca tendo sido exibido em Portugal, nas salas de cinema.<\/p>\n<p>Este filme narra a hist\u00f3ria de um livreiro e de uma crian\u00e7a que aprendeu a sonhar, viajando atrav\u00e9s da leitura de livros emprestados\u00a0 por Libero, dono de uma pequena livraria de livros usados.<\/p>\n<p>Nesta hist\u00f3ria, estabelece-se\u00a0 uma amizade e cumplicidade entre diferentes gera\u00e7\u00f5es, diferentes nacionalidades e diferentes experi\u00eancias de vida.<\/p>\n<p>Libero, apaixonado pelos livros e Essien, um menino imigrante que vive na It\u00e1lia h\u00e1 alguns anos, criam uma rela\u00e7\u00e3o afetiva que\u00a0 passa pelos livros que Libero empresta a Essien.<\/p>\n<p>A cumplicidade entre eles cresce paralelamente \u00e0s suas conversas sobre o que cada um destes livros, lidos pelo menino, pode transmitir.<\/p>\n<p>Libero cumpre o significado do seu nome ao tentar consciencializar Essien do valor da liberdade e do seu direito \u00e0 felicidade.<\/p>\n<p>O \u00faltimo livro que o livreiro oferece ao menino do Burkina Faso \u00e9 a <strong>&#8220;Declara\u00e7\u00e3o dos Direitos Humanos&#8221;<\/strong>.<\/p>\n<p>Salientam-se algumas frases inspiradoras sobre o poder transformador dos livros e da leitura:<\/p>\n<p>&nbsp;<\/p>\n<p style=\"text-align: center;\"><strong>&#8220;Os livros devem ser lidos, pelo menos, duas vezes. A primeira para perceber e a segunda para pensar.&#8221;<\/strong><\/p>\n<p style=\"text-align: center;\"><strong>\u00a0&#8220;L\u00ea com calma, devagar. Tudo o que lemos fica l\u00e1 dentro, depois, um dia vem para fora sem nos apercebermos.&#8221;<\/strong><\/p>\n<p style=\"text-align: center;\"><strong>&#8220;Uma hist\u00f3ria nunca \u00e9 s\u00f3 uma coisa. Pelo menos, n\u00e3o \u00e9 s\u00f3 a primeira coisa que nos vem \u00e0 cabe\u00e7a. Ler faz-nos pensar devagar.&#8221;<\/strong><\/p>\n<p style=\"text-align: center;\"><strong>&#8220;\u00c9 importante que sejas sempre tu a decidir aquilo que te agrada. Os livros s\u00e3o como a comida, se n\u00e3o provares a comida n\u00e3o podes saber se gostas ou n\u00e3o.&#8221;<\/strong><\/p>\n<p>&nbsp;<\/p>\n<p>O filme, com a dura\u00e7\u00e3o de 81 minutos,\u00a0 pode ser visualizado em :<\/p>\n<p>https:\/\/www.rtp.pt\/play\/p12419\/il-diritto-alla-felicita<\/p>\n        <div class=\"booster-block booster-reactions-block\">\r\n            <div class=\"twp-reactions-icons\">\r\n                \r\n                <div class=\"twp-reacts-wrap\">\r\n                    <a react-data=\"be-react-1\" post-id=\"587\" class=\"be-face-icons un-reacted\" href=\"javascript:void(0)\">\r\n                        <img decoding=\"async\" src=\"https:\/\/jornaloassobio.pt\/wp-content\/plugins\/booster-extension\/\/assets\/icon\/happy.svg\" alt=\"Happy\">\r\n                    <\/a>\r\n                    <div class=\"twp-reaction-title\">\r\n                        Happy                    <\/div>\r\n                    <div class=\"twp-count-percent\">\r\n                                                    <span style=\"display: none;\" class=\"twp-react-count\">0<\/span>\r\n                        \r\n                                                <span class=\"twp-react-percent\"><span>0<\/span> %<\/span>\r\n                                            <\/div>\r\n                <\/div>\r\n\r\n                <div class=\"twp-reacts-wrap\">\r\n                    <a react-data=\"be-react-2\" post-id=\"587\" class=\"be-face-icons un-reacted\" href=\"javascript:void(0)\">\r\n                        <img decoding=\"async\" src=\"https:\/\/jornaloassobio.pt\/wp-content\/plugins\/booster-extension\/\/assets\/icon\/sad.svg\" alt=\"Sad\">\r\n                    <\/a>\r\n                    <div class=\"twp-reaction-title\">\r\n                        Sad                    <\/div>\r\n                    <div class=\"twp-count-percent\">\r\n                                                    <span style=\"display: none;\" class=\"twp-react-count\">0<\/span>\r\n                                                                        <span class=\"twp-react-percent\"><span>0<\/span> %<\/span>\r\n                                            <\/div>\r\n                <\/div>\r\n\r\n                <div class=\"twp-reacts-wrap\">\r\n                    <a react-data=\"be-react-3\" post-id=\"587\" class=\"be-face-icons un-reacted\" href=\"javascript:void(0)\">\r\n                        <img decoding=\"async\" src=\"https:\/\/jornaloassobio.pt\/wp-content\/plugins\/booster-extension\/\/assets\/icon\/excited.svg\" alt=\"Excited\">\r\n                    <\/a>\r\n                    <div class=\"twp-reaction-title\">\r\n                        Excited                    <\/div>\r\n                    <div class=\"twp-count-percent\">\r\n                                                    <span style=\"display: none;\" class=\"twp-react-count\">0<\/span>\r\n                                                                        <span class=\"twp-react-percent\"><span>0<\/span> %<\/span>\r\n                                            <\/div>\r\n                <\/div>\r\n\r\n                <div class=\"twp-reacts-wrap\">\r\n                    <a react-data=\"be-react-6\" post-id=\"587\" class=\"be-face-icons un-reacted\" href=\"javascript:void(0)\">\r\n                        <img decoding=\"async\" src=\"https:\/\/jornaloassobio.pt\/wp-content\/plugins\/booster-extension\/\/assets\/icon\/sleepy.svg\" alt=\"Sleepy\">\r\n                    <\/a>\r\n                    <div class=\"twp-reaction-title\">\r\n                        Sleepy                    <\/div>\r\n                    <div class=\"twp-count-percent\">\r\n                                                    <span style=\"display: none;\" class=\"twp-react-count\">0<\/span>\r\n                        \r\n                                                <span class=\"twp-react-percent\"><span>0<\/span> %<\/span>\r\n                                            <\/div>\r\n                <\/div>\r\n\r\n                <div class=\"twp-reacts-wrap\">\r\n                    <a react-data=\"be-react-4\" post-id=\"587\" class=\"be-face-icons un-reacted\" href=\"javascript:void(0)\">\r\n                        <img decoding=\"async\" src=\"https:\/\/jornaloassobio.pt\/wp-content\/plugins\/booster-extension\/\/assets\/icon\/angry.svg\" alt=\"Angry\">\r\n                    <\/a>\r\n                    <div class=\"twp-reaction-title\">Angry<\/div>\r\n                    <div class=\"twp-count-percent\">\r\n                                                    <span style=\"display: none;\" class=\"twp-react-count\">0<\/span>\r\n                                                                        <span class=\"twp-react-percent\"><span>0<\/span> %<\/span>\r\n                        \r\n                    <\/div>\r\n                <\/div>\r\n\r\n                <div class=\"twp-reacts-wrap\">\r\n                    <a react-data=\"be-react-5\" post-id=\"587\" class=\"be-face-icons un-reacted\" href=\"javascript:void(0)\">\r\n                        <img decoding=\"async\" src=\"https:\/\/jornaloassobio.pt\/wp-content\/plugins\/booster-extension\/\/assets\/icon\/surprise.svg\" alt=\"Surprise\">\r\n                    <\/a>\r\n                    <div class=\"twp-reaction-title\">Surprise<\/div>\r\n                    <div class=\"twp-count-percent\">\r\n                                                    <span style=\"display: none;\" class=\"twp-react-count\">0<\/span>\r\n                                                                        <span class=\"twp-react-percent\"><span>0<\/span> %<\/span>\r\n                                            <\/div>\r\n                <\/div>\r\n\r\n            <\/div>\r\n        <\/div>\r\n\r\n    ","protected":false},"excerpt":{"rendered":"<p>Com a rubrica &#8220;Filme da semana&#8221;, pretendemos dar a conhecer e recomendar alguns filmes que, pelo seu car\u00e1ter formativo e valor cinematogr\u00e1fico, merecem ser assinalados. &#8220;Sempre que um livro muda de dono, sempre que um novo olhar desfolha as p\u00e1ginas, o seu esp\u00edrito ganha for\u00e7a&#8221;. \u00a0 \u00a0&#8221; A Sombra do vento&#8221;, Carlos Ru\u00edz Zaf\u00f3n &#8220;O [&hellip;]<\/p>\n","protected":false},"author":6,"featured_media":743,"comment_status":"open","ping_status":"open","sticky":false,"template":"","format":"standard","meta":{"footnotes":""},"categories":[4],"tags":[],"class_list":["post-587","post","type-post","status-publish","format-standard","has-post-thumbnail","hentry","category-noticias"],"_links":{"self":[{"href":"https:\/\/jornaloassobio.pt\/index.php?rest_route=\/wp\/v2\/posts\/587","targetHints":{"allow":["GET"]}}],"collection":[{"href":"https:\/\/jornaloassobio.pt\/index.php?rest_route=\/wp\/v2\/posts"}],"about":[{"href":"https:\/\/jornaloassobio.pt\/index.php?rest_route=\/wp\/v2\/types\/post"}],"author":[{"embeddable":true,"href":"https:\/\/jornaloassobio.pt\/index.php?rest_route=\/wp\/v2\/users\/6"}],"replies":[{"embeddable":true,"href":"https:\/\/jornaloassobio.pt\/index.php?rest_route=%2Fwp%2Fv2%2Fcomments&post=587"}],"version-history":[{"count":7,"href":"https:\/\/jornaloassobio.pt\/index.php?rest_route=\/wp\/v2\/posts\/587\/revisions"}],"predecessor-version":[{"id":619,"href":"https:\/\/jornaloassobio.pt\/index.php?rest_route=\/wp\/v2\/posts\/587\/revisions\/619"}],"wp:featuredmedia":[{"embeddable":true,"href":"https:\/\/jornaloassobio.pt\/index.php?rest_route=\/wp\/v2\/media\/743"}],"wp:attachment":[{"href":"https:\/\/jornaloassobio.pt\/index.php?rest_route=%2Fwp%2Fv2%2Fmedia&parent=587"}],"wp:term":[{"taxonomy":"category","embeddable":true,"href":"https:\/\/jornaloassobio.pt\/index.php?rest_route=%2Fwp%2Fv2%2Fcategories&post=587"},{"taxonomy":"post_tag","embeddable":true,"href":"https:\/\/jornaloassobio.pt\/index.php?rest_route=%2Fwp%2Fv2%2Ftags&post=587"}],"curies":[{"name":"wp","href":"https:\/\/api.w.org\/{rel}","templated":true}]}}