{"id":589,"date":"2023-11-14T11:10:57","date_gmt":"2023-11-14T11:10:57","guid":{"rendered":"https:\/\/jornaloassobio.pt\/?p=589"},"modified":"2023-11-30T15:58:45","modified_gmt":"2023-11-30T15:58:45","slug":"pnc-no-dia-nacional-da-lgp","status":"publish","type":"post","link":"https:\/\/jornaloassobio.pt\/?p=589","title":{"rendered":"PNC NO DIA NACIONAL DA LGP"},"content":{"rendered":"<div class='booster-block booster-read-block'>\r\n                <div class=\"twp-read-time\">\r\n                \t<i class=\"booster-icon twp-clock\"><\/i> <span>Read Time:<\/span>2 Minute, 9 Second                <\/div>\r\n\r\n            <\/div><div>\n<div>\n<div data-tid=\"messageBodyContainer\">\n<div data-tid=\"messageBodyContent\">\n<p>No dia <b>15 de novembro<\/b> de cada ano, comemora-se o <b>Dia Nacional da L\u00edngua Gestual Portuguesa<\/b>\u00a0<strong>(LGP)<\/strong>, que tem como objetivo promover a LGP e garantir o respeito dos direitos das pessoas surdas. Corresponde \u00e0 data em que foi reconhecida enquanto l\u00edngua da comunidade surda portuguesa pela Constitui\u00e7\u00e3o da Rep\u00fablica, em 1997. A Comiss\u00e3o para o reconhecimento e prote\u00e7\u00e3o da L\u00edngua Gestual Portuguesa e defesa dos direitos das pessoas surdas foi criada tamb\u00e9m a 15 de novembro.<\/p>\n<p>A l\u00edngua gestual \u00e9 a forma de comunica\u00e7\u00e3o utilizada pelas pessoas surdas e por todos aqueles que comunicam com pessoas surdas. \u00c9 produzida a partir dos movimentos das m\u00e3os, do corpo e por express\u00f5es faciais, sendo a sua rece\u00e7\u00e3o visual.<\/p>\n<p>Para<img loading=\"lazy\" decoding=\"async\" class=\"size-medium wp-image-591 alignright\" src=\"https:\/\/jornaloassobio.pt\/wp-content\/uploads\/2023\/11\/image001-210x300.jpg\" alt=\"\" width=\"210\" height=\"300\" srcset=\"https:\/\/jornaloassobio.pt\/wp-content\/uploads\/2023\/11\/image001-210x300.jpg 210w, https:\/\/jornaloassobio.pt\/wp-content\/uploads\/2023\/11\/image001-717x1024.jpg 717w, https:\/\/jornaloassobio.pt\/wp-content\/uploads\/2023\/11\/image001.jpg 734w\" sizes=\"auto, (max-width: 210px) 100vw, 210px\" \/>\u00a0assinalar esta data, o PNC disponibilizou o filme <b><i>Gesto<\/i><\/b> (2011), document\u00e1rio que aborda a tem\u00e1tica das comunidades surdas,\u00a0 na sua plataforma <i>streaming<\/i>. Este foi escrito e realizado por Ant\u00f3nio Borges Correia. \u00c9 um trabalho destinado a surdos e n\u00e3o surdos, promovendo a conviv\u00eancia e o respeito por esta comunidade. Devido \u00e0 sua import\u00e2ncia na inclus\u00e3o social e no direito \u00e0 diferen\u00e7a , o PNC prop\u00f5e \u00e0s escolas o seu visionamento.<\/p>\n<p>Aqui fica a sinopse do filme :<\/p>\n<p><b>Sinopse<\/b> &#8211; Ant\u00f3nio tem 18 anos e \u00e9 surdo profundo. Quer estudar cinema fora de Portugal e tornar-se realizador. Quer fazer filmes para todos, surdos e ouvintes. O seu sonho, como todos os sonhos, tem um pre\u00e7o: questionar-se a si pr\u00f3prio, p\u00f4r-se em causa a si mesmo e \u00e0 comunidade surda \u00e0 qual pertence. Ao mesmo tempo, vive o primeiro amor com Irina, uma jovem surda, que n\u00e3o compreende o facto de Ant\u00f3nio querer sair da escola e do pa\u00eds. Pela primeira vez na vida, o mundo de Ant\u00f3nio est\u00e1 a desabar. Perder o mundo para conquistar o universo, onde surdos e ouvintes se descubram num mesmo gesto \u00e9 o desafio que o filme coloca. <b>Dossi\u00ea<\/b> sobre o filme , da autoria da Prof.a Dra. In\u00eas Gil, dispon\u00edvel aqui: <u><a title=\"https:\/\/pnc.gov.pt\/18-gesto\" href=\"https:\/\/pnc.gov.pt\/18-gesto\">https:\/\/pnc.gov.pt\/18-gesto<\/a><\/u><\/p>\n<p>O filme foi produzido por Ant\u00f3nio Borges Correia e Fernando Centeio.<\/p>\n<p>O Plano Nacional de Cinema \u00e9 dinamizado pela Dire\u00e7\u00e3o-Geral da Educa\u00e7\u00e3o (DGE), pelo Instituto do Cinema e do Audiovisual (ICA) e pela Cinemateca Portuguesa-Museu do Cinema.<\/p>\n<\/div>\n<\/div>\n<div><\/div>\n<\/div>\n<\/div>\n<p><img loading=\"lazy\" decoding=\"async\" class=\"aligncenter\" src=\"https:\/\/i0.wp.com\/yield.pt\/wp-content\/uploads\/2020\/10\/15_Nov.png?fit=551%2C367&amp;ssl=1\" alt=\"Dia Nacional da L\u00edngua Gestual Portuguesa \u2013 Yield Sa\u00fade\" width=\"465\" height=\"310\" \/><\/p>\n<p>&nbsp;<\/p>\n<p>Noticia do jornal <em>P\u00fablico<\/em>:<\/p>\n<p><a href=\"https:\/\/www.publico.pt\/2023\/11\/15\/p3\/perfil\/mariana-medica-surda-primeira-nativa-lingua-gestual-sns-2069487?utm_source=copy_paste\">https:\/\/www.publico.pt\/2023\/11\/15\/p3\/perfil\/mariana-medica-surda-primeira-nativa-lingua-gestual-sns-2069487<\/a><\/p>\n<p><img loading=\"lazy\" decoding=\"async\" class=\"aligncenter\" src=\"https:\/\/imagens.publico.pt\/imagens.aspx\/1858760?tp=UH&amp;db=IMAGENS&amp;type=JPG\" width=\"441\" height=\"248\" \/><\/p>\n<p>Mariana Couto B\u00e1rtolo\u00a0\u00e9 m\u00e9dica, surda e a primeira nativa de l\u00edngua gestual no SNS. \u00c9 surda profunda (e a primeira m\u00e9dica assim no pa\u00eds) e usa l\u00edngua gestual no consult\u00f3rio sempre que \u00e9 preciso.<\/p>\n<p>#dianacionaldal\u00ednguagestualportuguesa |\u00a0#esssm |\u00a0#comunidadesurdaportuguesa<\/p>\n<div class=\"kad-youtube-shortcode videofit\"><\/div>\n        <div class=\"booster-block booster-reactions-block\">\r\n            <div class=\"twp-reactions-icons\">\r\n                \r\n                <div class=\"twp-reacts-wrap\">\r\n                    <a react-data=\"be-react-1\" post-id=\"589\" class=\"be-face-icons un-reacted\" href=\"javascript:void(0)\">\r\n                        <img decoding=\"async\" src=\"https:\/\/jornaloassobio.pt\/wp-content\/plugins\/booster-extension\/\/assets\/icon\/happy.svg\" alt=\"Happy\">\r\n                    <\/a>\r\n                    <div class=\"twp-reaction-title\">\r\n                        Happy                    <\/div>\r\n                    <div class=\"twp-count-percent\">\r\n                                                    <span style=\"display: none;\" class=\"twp-react-count\">0<\/span>\r\n                        \r\n                                                <span class=\"twp-react-percent\"><span>0<\/span> %<\/span>\r\n                                            <\/div>\r\n                <\/div>\r\n\r\n                <div class=\"twp-reacts-wrap\">\r\n                    <a react-data=\"be-react-2\" post-id=\"589\" class=\"be-face-icons un-reacted\" href=\"javascript:void(0)\">\r\n                        <img decoding=\"async\" src=\"https:\/\/jornaloassobio.pt\/wp-content\/plugins\/booster-extension\/\/assets\/icon\/sad.svg\" alt=\"Sad\">\r\n                    <\/a>\r\n                    <div class=\"twp-reaction-title\">\r\n                        Sad                    <\/div>\r\n                    <div class=\"twp-count-percent\">\r\n                                                    <span style=\"display: none;\" class=\"twp-react-count\">0<\/span>\r\n                                                                        <span class=\"twp-react-percent\"><span>0<\/span> %<\/span>\r\n                                            <\/div>\r\n                <\/div>\r\n\r\n                <div class=\"twp-reacts-wrap\">\r\n                    <a react-data=\"be-react-3\" post-id=\"589\" class=\"be-face-icons un-reacted\" href=\"javascript:void(0)\">\r\n                        <img decoding=\"async\" src=\"https:\/\/jornaloassobio.pt\/wp-content\/plugins\/booster-extension\/\/assets\/icon\/excited.svg\" alt=\"Excited\">\r\n                    <\/a>\r\n                    <div class=\"twp-reaction-title\">\r\n                        Excited                    <\/div>\r\n                    <div class=\"twp-count-percent\">\r\n                                                    <span style=\"display: none;\" class=\"twp-react-count\">0<\/span>\r\n                                                                        <span class=\"twp-react-percent\"><span>0<\/span> %<\/span>\r\n                                            <\/div>\r\n                <\/div>\r\n\r\n                <div class=\"twp-reacts-wrap\">\r\n                    <a react-data=\"be-react-6\" post-id=\"589\" class=\"be-face-icons un-reacted\" href=\"javascript:void(0)\">\r\n                        <img decoding=\"async\" src=\"https:\/\/jornaloassobio.pt\/wp-content\/plugins\/booster-extension\/\/assets\/icon\/sleepy.svg\" alt=\"Sleepy\">\r\n                    <\/a>\r\n                    <div class=\"twp-reaction-title\">\r\n                        Sleepy                    <\/div>\r\n                    <div class=\"twp-count-percent\">\r\n                                                    <span style=\"display: none;\" class=\"twp-react-count\">0<\/span>\r\n                        \r\n                                                <span class=\"twp-react-percent\"><span>0<\/span> %<\/span>\r\n                                            <\/div>\r\n                <\/div>\r\n\r\n                <div class=\"twp-reacts-wrap\">\r\n                    <a react-data=\"be-react-4\" post-id=\"589\" class=\"be-face-icons un-reacted\" href=\"javascript:void(0)\">\r\n                        <img decoding=\"async\" src=\"https:\/\/jornaloassobio.pt\/wp-content\/plugins\/booster-extension\/\/assets\/icon\/angry.svg\" alt=\"Angry\">\r\n                    <\/a>\r\n                    <div class=\"twp-reaction-title\">Angry<\/div>\r\n                    <div class=\"twp-count-percent\">\r\n                                                    <span style=\"display: none;\" class=\"twp-react-count\">0<\/span>\r\n                                                                        <span class=\"twp-react-percent\"><span>0<\/span> %<\/span>\r\n                        \r\n                    <\/div>\r\n                <\/div>\r\n\r\n                <div class=\"twp-reacts-wrap\">\r\n                    <a react-data=\"be-react-5\" post-id=\"589\" class=\"be-face-icons un-reacted\" href=\"javascript:void(0)\">\r\n                        <img decoding=\"async\" src=\"https:\/\/jornaloassobio.pt\/wp-content\/plugins\/booster-extension\/\/assets\/icon\/surprise.svg\" alt=\"Surprise\">\r\n                    <\/a>\r\n                    <div class=\"twp-reaction-title\">Surprise<\/div>\r\n                    <div class=\"twp-count-percent\">\r\n                                                    <span style=\"display: none;\" class=\"twp-react-count\">0<\/span>\r\n                                                                        <span class=\"twp-react-percent\"><span>0<\/span> %<\/span>\r\n                                            <\/div>\r\n                <\/div>\r\n\r\n            <\/div>\r\n        <\/div>\r\n\r\n    ","protected":false},"excerpt":{"rendered":"<p>No dia 15 de novembro de cada ano, comemora-se o Dia Nacional da L\u00edngua Gestual Portuguesa\u00a0(LGP), que tem como objetivo promover a LGP e garantir o respeito dos direitos das pessoas surdas. Corresponde \u00e0 data em que foi reconhecida enquanto l\u00edngua da comunidade surda portuguesa pela Constitui\u00e7\u00e3o da Rep\u00fablica, em 1997. A Comiss\u00e3o para o [&hellip;]<\/p>\n","protected":false},"author":6,"featured_media":591,"comment_status":"open","ping_status":"open","sticky":false,"template":"","format":"standard","meta":{"footnotes":""},"categories":[4],"tags":[],"class_list":["post-589","post","type-post","status-publish","format-standard","has-post-thumbnail","hentry","category-noticias"],"_links":{"self":[{"href":"https:\/\/jornaloassobio.pt\/index.php?rest_route=\/wp\/v2\/posts\/589","targetHints":{"allow":["GET"]}}],"collection":[{"href":"https:\/\/jornaloassobio.pt\/index.php?rest_route=\/wp\/v2\/posts"}],"about":[{"href":"https:\/\/jornaloassobio.pt\/index.php?rest_route=\/wp\/v2\/types\/post"}],"author":[{"embeddable":true,"href":"https:\/\/jornaloassobio.pt\/index.php?rest_route=\/wp\/v2\/users\/6"}],"replies":[{"embeddable":true,"href":"https:\/\/jornaloassobio.pt\/index.php?rest_route=%2Fwp%2Fv2%2Fcomments&post=589"}],"version-history":[{"count":3,"href":"https:\/\/jornaloassobio.pt\/index.php?rest_route=\/wp\/v2\/posts\/589\/revisions"}],"predecessor-version":[{"id":629,"href":"https:\/\/jornaloassobio.pt\/index.php?rest_route=\/wp\/v2\/posts\/589\/revisions\/629"}],"wp:featuredmedia":[{"embeddable":true,"href":"https:\/\/jornaloassobio.pt\/index.php?rest_route=\/wp\/v2\/media\/591"}],"wp:attachment":[{"href":"https:\/\/jornaloassobio.pt\/index.php?rest_route=%2Fwp%2Fv2%2Fmedia&parent=589"}],"wp:term":[{"taxonomy":"category","embeddable":true,"href":"https:\/\/jornaloassobio.pt\/index.php?rest_route=%2Fwp%2Fv2%2Fcategories&post=589"},{"taxonomy":"post_tag","embeddable":true,"href":"https:\/\/jornaloassobio.pt\/index.php?rest_route=%2Fwp%2Fv2%2Ftags&post=589"}],"curies":[{"name":"wp","href":"https:\/\/api.w.org\/{rel}","templated":true}]}}