{"id":593,"date":"2023-11-14T11:45:27","date_gmt":"2023-11-14T11:45:27","guid":{"rendered":"https:\/\/jornaloassobio.pt\/?p=593"},"modified":"2023-11-30T15:56:25","modified_gmt":"2023-11-30T15:56:25","slug":"dia-da-filosofia-e-da-tolerancia","status":"publish","type":"post","link":"https:\/\/jornaloassobio.pt\/?p=593","title":{"rendered":"DIA MUNDIAL DA FILOSOFIA E DA TOLER\u00c2NCIA"},"content":{"rendered":"<div class='booster-block booster-read-block'>\r\n                <div class=\"twp-read-time\">\r\n                \t<i class=\"booster-icon twp-clock\"><\/i> <span>Read Time:<\/span>52 Second                <\/div>\r\n\r\n            <\/div><p>&nbsp;<\/p>\n<p><img loading=\"lazy\" decoding=\"async\" class=\"aligncenter\" src=\"https:\/\/encrypted-tbn0.gstatic.com\/images?q=tbn:ANd9GcSo2IFeMo8mgU5LQV3oaOvPGDGMeLGU0bFPRQ&amp;usqp=CAU\" alt=\"Mensagem de Audrey Azoulay, Diretora-Geral da UNESCO, por ocasi\u00e3o do dia Mundial da Filosofia - 17 de novembro de 2022 - Agrupamento de Escolas de Pombal\" width=\"557\" height=\"235\" \/><\/p>\n<p>&nbsp;<\/p>\n<p>Constatando a urg\u00eancia da humanidade desenvolver um pensamento cr\u00edtico, independente, necess\u00e1rio ao exerc\u00edcio da cidadania e promo\u00e7\u00e3o da toler\u00e2ncia e da paz, a UNESCO, em 2002,\u00a0 instituiu o Dia Mundial da Filosofia que se comemora, por todo o mundo, na terceira quinta-feira do m\u00eas de Novembro. Em 2023, assinala-se no dia 16 de Novembro.<\/p>\n<p>Com este dia, pretende-se apelar \u00e0 reflex\u00e3o sobre acontecimentos da atualidade para uma consciente, tolerante, informada e ativa interven\u00e7\u00e3o no mundo.<\/p>\n<p>Neste dia, comemora-se igualmente o\u00a0 Dia Internacional da Toler\u00e2ncia que procura promover a aceita\u00e7\u00e3o e o respeito pela diferen\u00e7a, princ\u00edpios que se desenvolvem com a reflex\u00e3o filos\u00f3fica.<\/p>\n<p>Algumas leituras recomendadas:<\/p>\n<ul>\n<li><em><span style=\"color: #0000ff;\">A m\u00e1quina dos Ses,<\/span> <\/em>de Peter Worley,\u00a0Edi\u00e7\u00f5es 70, (para principiantes).<\/li>\n<li><em><span style=\"color: #0000ff;\">A vida que podemos salvar- Agir agora para p\u00f4r fim \u00e0 pobreza do mundo,<\/span><\/em><span style=\"color: #0000ff;\"> de Peter Singer, Gradiva, Cole\u00e7\u00e3o Filosofia Aberta.<\/span><\/li>\n<li><span style=\"color: #0000ff;\"><em>Um s\u00f3 mundo- A \u00e9tica da globaliza\u00e7\u00e3o,<\/em> de Peter Singer, Gradiva, Cole\u00e7\u00e3o Filosofia Aberta.<\/span><\/li>\n<li><span style=\"color: #0000ff;\"><em>Que quer dizer tudo isto?- Uma inicia\u00e7\u00e3o \u00e0 Filosofia<\/em><\/span>, Thomas Nagel, Gradiva, Cole\u00e7\u00e3o Filosofia Aberta.<\/li>\n<\/ul>\n<p>&nbsp;<\/p>\n<p>&nbsp;<\/p>\n        <div class=\"booster-block booster-reactions-block\">\r\n            <div class=\"twp-reactions-icons\">\r\n                \r\n                <div class=\"twp-reacts-wrap\">\r\n                    <a react-data=\"be-react-1\" post-id=\"593\" class=\"be-face-icons un-reacted\" href=\"javascript:void(0)\">\r\n                        <img decoding=\"async\" src=\"https:\/\/jornaloassobio.pt\/wp-content\/plugins\/booster-extension\/\/assets\/icon\/happy.svg\" alt=\"Happy\">\r\n                    <\/a>\r\n                    <div class=\"twp-reaction-title\">\r\n                        Happy                    <\/div>\r\n                    <div class=\"twp-count-percent\">\r\n                                                    <span style=\"display: none;\" class=\"twp-react-count\">0<\/span>\r\n                        \r\n                                                <span class=\"twp-react-percent\"><span>0<\/span> %<\/span>\r\n                                            <\/div>\r\n                <\/div>\r\n\r\n                <div class=\"twp-reacts-wrap\">\r\n                    <a react-data=\"be-react-2\" post-id=\"593\" class=\"be-face-icons un-reacted\" href=\"javascript:void(0)\">\r\n                        <img decoding=\"async\" src=\"https:\/\/jornaloassobio.pt\/wp-content\/plugins\/booster-extension\/\/assets\/icon\/sad.svg\" alt=\"Sad\">\r\n                    <\/a>\r\n                    <div class=\"twp-reaction-title\">\r\n                        Sad                    <\/div>\r\n                    <div class=\"twp-count-percent\">\r\n                                                    <span style=\"display: none;\" class=\"twp-react-count\">0<\/span>\r\n                                                                        <span class=\"twp-react-percent\"><span>0<\/span> %<\/span>\r\n                                            <\/div>\r\n                <\/div>\r\n\r\n                <div class=\"twp-reacts-wrap\">\r\n                    <a react-data=\"be-react-3\" post-id=\"593\" class=\"be-face-icons un-reacted\" href=\"javascript:void(0)\">\r\n                        <img decoding=\"async\" src=\"https:\/\/jornaloassobio.pt\/wp-content\/plugins\/booster-extension\/\/assets\/icon\/excited.svg\" alt=\"Excited\">\r\n                    <\/a>\r\n                    <div class=\"twp-reaction-title\">\r\n                        Excited                    <\/div>\r\n                    <div class=\"twp-count-percent\">\r\n                                                    <span style=\"display: none;\" class=\"twp-react-count\">0<\/span>\r\n                                                                        <span class=\"twp-react-percent\"><span>0<\/span> %<\/span>\r\n                                            <\/div>\r\n                <\/div>\r\n\r\n                <div class=\"twp-reacts-wrap\">\r\n                    <a react-data=\"be-react-6\" post-id=\"593\" class=\"be-face-icons un-reacted\" href=\"javascript:void(0)\">\r\n                        <img decoding=\"async\" src=\"https:\/\/jornaloassobio.pt\/wp-content\/plugins\/booster-extension\/\/assets\/icon\/sleepy.svg\" alt=\"Sleepy\">\r\n                    <\/a>\r\n                    <div class=\"twp-reaction-title\">\r\n                        Sleepy                    <\/div>\r\n                    <div class=\"twp-count-percent\">\r\n                                                    <span style=\"display: none;\" class=\"twp-react-count\">0<\/span>\r\n                        \r\n                                                <span class=\"twp-react-percent\"><span>0<\/span> %<\/span>\r\n                                            <\/div>\r\n                <\/div>\r\n\r\n                <div class=\"twp-reacts-wrap\">\r\n                    <a react-data=\"be-react-4\" post-id=\"593\" class=\"be-face-icons un-reacted\" href=\"javascript:void(0)\">\r\n                        <img decoding=\"async\" src=\"https:\/\/jornaloassobio.pt\/wp-content\/plugins\/booster-extension\/\/assets\/icon\/angry.svg\" alt=\"Angry\">\r\n                    <\/a>\r\n                    <div class=\"twp-reaction-title\">Angry<\/div>\r\n                    <div class=\"twp-count-percent\">\r\n                                                    <span style=\"display: none;\" class=\"twp-react-count\">0<\/span>\r\n                                                                        <span class=\"twp-react-percent\"><span>0<\/span> %<\/span>\r\n                        \r\n                    <\/div>\r\n                <\/div>\r\n\r\n                <div class=\"twp-reacts-wrap\">\r\n                    <a react-data=\"be-react-5\" post-id=\"593\" class=\"be-face-icons un-reacted\" href=\"javascript:void(0)\">\r\n                        <img decoding=\"async\" src=\"https:\/\/jornaloassobio.pt\/wp-content\/plugins\/booster-extension\/\/assets\/icon\/surprise.svg\" alt=\"Surprise\">\r\n                    <\/a>\r\n                    <div class=\"twp-reaction-title\">Surprise<\/div>\r\n                    <div class=\"twp-count-percent\">\r\n                                                    <span style=\"display: none;\" class=\"twp-react-count\">0<\/span>\r\n                                                                        <span class=\"twp-react-percent\"><span>0<\/span> %<\/span>\r\n                                            <\/div>\r\n                <\/div>\r\n\r\n            <\/div>\r\n        <\/div>\r\n\r\n    ","protected":false},"excerpt":{"rendered":"<p>&nbsp; &nbsp; Constatando a urg\u00eancia da humanidade desenvolver um pensamento cr\u00edtico, independente, necess\u00e1rio ao exerc\u00edcio da cidadania e promo\u00e7\u00e3o da toler\u00e2ncia e da paz, a UNESCO, em 2002,\u00a0 instituiu o Dia Mundial da Filosofia que se comemora, por todo o mundo, na terceira quinta-feira do m\u00eas de Novembro. Em 2023, assinala-se no dia 16 de [&hellip;]<\/p>\n","protected":false},"author":6,"featured_media":624,"comment_status":"open","ping_status":"open","sticky":false,"template":"","format":"standard","meta":{"footnotes":""},"categories":[4],"tags":[],"class_list":["post-593","post","type-post","status-publish","format-standard","has-post-thumbnail","hentry","category-noticias"],"_links":{"self":[{"href":"https:\/\/jornaloassobio.pt\/index.php?rest_route=\/wp\/v2\/posts\/593","targetHints":{"allow":["GET"]}}],"collection":[{"href":"https:\/\/jornaloassobio.pt\/index.php?rest_route=\/wp\/v2\/posts"}],"about":[{"href":"https:\/\/jornaloassobio.pt\/index.php?rest_route=\/wp\/v2\/types\/post"}],"author":[{"embeddable":true,"href":"https:\/\/jornaloassobio.pt\/index.php?rest_route=\/wp\/v2\/users\/6"}],"replies":[{"embeddable":true,"href":"https:\/\/jornaloassobio.pt\/index.php?rest_route=%2Fwp%2Fv2%2Fcomments&post=593"}],"version-history":[{"count":9,"href":"https:\/\/jornaloassobio.pt\/index.php?rest_route=\/wp\/v2\/posts\/593\/revisions"}],"predecessor-version":[{"id":636,"href":"https:\/\/jornaloassobio.pt\/index.php?rest_route=\/wp\/v2\/posts\/593\/revisions\/636"}],"wp:featuredmedia":[{"embeddable":true,"href":"https:\/\/jornaloassobio.pt\/index.php?rest_route=\/wp\/v2\/media\/624"}],"wp:attachment":[{"href":"https:\/\/jornaloassobio.pt\/index.php?rest_route=%2Fwp%2Fv2%2Fmedia&parent=593"}],"wp:term":[{"taxonomy":"category","embeddable":true,"href":"https:\/\/jornaloassobio.pt\/index.php?rest_route=%2Fwp%2Fv2%2Fcategories&post=593"},{"taxonomy":"post_tag","embeddable":true,"href":"https:\/\/jornaloassobio.pt\/index.php?rest_route=%2Fwp%2Fv2%2Ftags&post=593"}],"curies":[{"name":"wp","href":"https:\/\/api.w.org\/{rel}","templated":true}]}}