{"id":630,"date":"2023-11-15T12:47:48","date_gmt":"2023-11-15T12:47:48","guid":{"rendered":"https:\/\/jornaloassobio.pt\/?p=630"},"modified":"2023-11-30T15:45:34","modified_gmt":"2023-11-30T15:45:34","slug":"roteiro-literario-pelo-centro-de-portugal","status":"publish","type":"post","link":"https:\/\/jornaloassobio.pt\/?p=630","title":{"rendered":"ROTEIRO LITER\u00c1RIO PELO CENTRO DE PORTUGAL"},"content":{"rendered":"<div class='booster-block booster-read-block'>\r\n                <div class=\"twp-read-time\">\r\n                \t<i class=\"booster-icon twp-clock\"><\/i> <span>Read Time:<\/span>4 Minute, 39 Second                <\/div>\r\n\r\n            <\/div><p class=\"\">A\u00a0<a href=\"https:\/\/turismodocentro.pt\/artigo\/roteiros-literarios-no-centro-de-portugal\/?utm_source=PUBLICO&amp;utm_medium=CONTENT&amp;utm_term=11-23&amp;utm_content=TURISMO%20LITER%C3%81RIO&amp;utm_campaign=\" target=\"_blank\" rel=\"noopener\">Regi\u00e3o Centro de Portugal<\/a>\u00a0foi ber\u00e7o e ponto de passagem de alguns dos maiores escritores nacionais, mas tamb\u00e9m serviu de inspira\u00e7\u00e3o a algumas obras que marcaram a literatura portuguesa, influenciando Jos\u00e9 Saramago, E\u00e7a de Queiroz ou Jos\u00e9 Lu\u00eds Peixoto.<\/p>\n<p class=\"\">Para quem tem a paix\u00e3o da leitura, a Regi\u00e3o Centro convida-o a colocar-se ao caminho e a viajar por estes passeios liter\u00e1rios, como se estivesse a folhear as melhores obras nacionais. Desde paisagens inspiradoras a casas onde viveram os autores, s\u00e3o muitas as leituras que estes passeios podem oferecer.<\/p>\n<p class=\"\">Um ano antes da sua morte, Jos\u00e9 Saramago escreveu \u201cA Viagem do Elefante\u201d, que conta a hist\u00f3ria do caminho que o elefante Salom\u00e3o, oferecido pelo rei D. Jo\u00e3o III ao seu primo, arquiduque da \u00c1ustria, faz desde Lisboa por v\u00e1rios pa\u00edses europeus, atravessando cidades e vilas do centro do pa\u00eds, como\u00a0<strong>Figueira de Castelo Rodrigo, Pinhel, Almeida, Guarda, Sabugal, Belmonte, Fund\u00e3o e M\u00eada.<\/strong><\/p>\n<p class=\"\">A escrita do livro levou o autor a viajar at\u00e9 Figueira de Castelo Rodrigo, percorrendo estas paisagens. Hoje, a\u00a0<a href=\"https:\/\/turismodocentro.pt\/artigo\/viagem-do-elefante-rota-turistica-literaria\/?utm_source=PUBLICO&amp;utm_medium=CONTENT&amp;utm_term=11-23&amp;utm_content=TURISMO%20LITER%C3%81RIO&amp;utm_campaign=TPC-23\" target=\"_blank\" rel=\"noopener\">Rota Tur\u00edstica Liter\u00e1ria Viagem do Elefante<\/a>, inspirada na obra de Jos\u00e9 Saramago, materializa essa viagem.<\/p>\n<h2><strong>Jos\u00e9 Saramago<\/strong><\/h2>\n<p class=\"\">No percurso h\u00e1 aldeias hist\u00f3ricas, castelos e fortalezas, bem como gastronomia e vinhos para apreciar. Por exemplo, segundo &#8220;A Viagem do Elefante&#8221;, Salom\u00e3o passou por &#8220;uma aldeia como j\u00e1 n\u00e3o se veem nos dias de hoje&#8221;. Trata-se de\u00a0<strong>Castelo Novo<\/strong>, Aldeia Hist\u00f3rica de Portugal situada em plena Serra da Gardunha, que at\u00e9 hoje mant\u00e9m a sua matriz rural<span class=\"Theme-ForegroundColorCustom-OCXdeW\">.<\/span><\/p>\n<figure class=\"InlineMedia InlineMedia--image media-size-110 Lazyload--isLoaded\" data-lazyload-container=\"true\" data-lazyload-trigger=\"true\">\n<div class=\"InlineMedia--image__inner\">\n<div class=\"Lazyload__loading\" aria-hidden=\"true\">\n<div class=\"Display--none Display--md-block\"><img decoding=\"async\" src=\"https:\/\/static.publico.pt\/s3\/shorthand\/um-roteiro-literario-pelo-centro-de-portugal-231114172403\/assets\/rKDcw0zeKB\/elefante-900x300.jpg\" alt=\"\" \/><\/div>\n<\/div>\n<\/div>\n<\/figure>\n<h2><strong>E\u00e7a de Queiroz<\/strong><\/h2>\n<p class=\"\">Em 1870, E\u00e7a de Queiroz chegou a<strong>\u00a0Leiria\u00a0<\/strong>para ser administrador do concelho. E foi aqui que escreveu \u201cO Crime do Padre Amaro\u201d, uma obra que percorreu alguns dos locais mais ic\u00f3nicos da cidade do Lis e j\u00e1 foi transposta para a televis\u00e3o e para o cinema.<\/p>\n<p class=\"\">Esses locais s\u00e3o agora revisitados\u00a0<a href=\"https:\/\/turismodocentro.pt\/artigo\/o-roteiro-do-crime-do-padre-amaro-esta-de-regresso-a-leiria\/?utm_source=PUBLICO&amp;utm_medium=CONTENT&amp;utm_term=11-23&amp;utm_content=TURISMO%20LITER%C3%81RIO&amp;utm_campaign=TPC-23\" target=\"_blank\" rel=\"noopener\">num passeio liter\u00e1rio\u00a0<\/a>de uma hora e meia, relatado pelo \u201cpr\u00f3prio\u201d E\u00e7a de Queiroz. Come\u00e7ando na Pra\u00e7a Rodrigues Lobo, passa pel<span class=\"Theme-ForegroundColorCustom-OCXdeW\">a Igreja da Miseric\u00f3rdia, para na Casa do Arco, continua pela Travessa da Tipografia, sobe at\u00e9 \u00e0 Torre Sineira e termina no Miradouro Ernesto Korrodi.<\/span><\/p>\n<h2><strong>Jos\u00e9 Lu\u00eds Peixoto<\/strong><\/h2>\n<p class=\"\">Um dos escritores contempor\u00e2neos de maior sucesso, Jos\u00e9 Lu\u00eds Peixoto mergulhou no M\u00e9dio Tejo e, em 2022, lan\u00e7ou \u201cOnde\u201d, uma obra in\u00e9dita que percorre mais de 60 locais de tr\u00eas munic\u00edpios desta regi\u00e3o: <strong>Abrantes<\/strong>,\u00a0<strong>Sardoal<\/strong>\u00a0e\u00a0<strong>Const\u00e2ncia<\/strong>. Por esses locais \u00e9 poss\u00edvel ler textos do livro que est\u00e3o distribu\u00eddos por 62 estruturas colocadas ao longo da paisagem.<\/p>\n<p class=\"\">Partindo de um projecto comum das tr\u00eas autarquias, \u201cOnde\u201d &#8211; que \u00e9 simultaneamente um roteiro tur\u00edstico &#8211; viaja por locais como\u00a0<span class=\"Theme-ForegroundColorCustom-U26QMH\">a Pra\u00e7a da Rep\u00fablica do Sardoal, o miradouro do Cristo Rei, em Matagosa (Abrantes), a Pra\u00e7a Alexandre Herculano (Const\u00e2ncia), as Escadinhas do Tem-Te Bem e o Chafariz das Tr\u00eas Bicas (ambos no Sardoal), o Largo Cabral Moncada em Const\u00e2ncia, ou o Castelo de Abrantes.<\/span><\/p>\n<h2><strong>Afonso Cruz<\/strong><\/h2>\n<p class=\"\"><span class=\"Theme-ForegroundColorCustom-U26QMH\">Viajou por mais de 80 pa\u00edses, mas \u00e9 a regi\u00e3o Centro e a sua\u00a0<strong>Figueira da Foz<\/strong>\u00a0natal que mais inspiram o escritor Afonso Cruz.<\/span><\/p>\n<p class=\"\"><span class=\"Theme-ForegroundColorCustom-U26QMH\">Essa fonte de inspira\u00e7\u00e3o est\u00e1 presente no seu\u00a0<\/span><a href=\"https:\/\/turismodocentro.pt\/roteiro\/experiencias-espiritual-by-afonso-cruz\/\" target=\"_blank\" rel=\"noopener\"><span class=\"Theme-ForegroundColor-7\">Roteiro Espiritual<\/span><\/a><span class=\"Theme-ForegroundColorCustom-U26QMH\">, que percorre alguns locais ic\u00f3nicos de tr\u00eas munic\u00edpios: Figueira da Foz, Tomar e Batalha.<\/span><\/p>\n<p class=\"\"><span class=\"Theme-ForegroundColor-7\">O roteiro arranca na Figueira da Foz, segue para\u00a0<strong>Tomar<\/strong> e termina no Mosteiro da Batalha. \u201cLevar um livro para ler, partir com tempo, descobrir o charme resistente da Figueira da Foz, do mar \u00e0 serra, o encanto do Mondego e seus arrozais&#8221;.\u00a0<\/span><span class=\"Theme-ForegroundColor-7\">Mergulhar no patrim\u00f3nio menos \u00f3bvio de Tomar e da Batalha, caminhar e passear, contemplar e respirar. Comer enguias e observar flamingos com ou sem bin\u00f3culos\u201d, sugere a brochura do roteiro.<\/span><\/p>\n<figure class=\"InlineMedia InlineMedia--image media-size-110 Lazyload--isLoaded\" data-lazyload-container=\"true\" data-lazyload-trigger=\"true\">\n<div class=\"InlineMedia--image__inner\">\n<div class=\"Lazyload__loading\" aria-hidden=\"true\">\n<div class=\"Display--none Display--md-block\"><img decoding=\"async\" src=\"https:\/\/static.publico.pt\/s3\/shorthand\/um-roteiro-literario-pelo-centro-de-portugal-231114172403\/assets\/KVFxy49qmD\/9-900x300.jpg\" alt=\"\" \/><\/div>\n<\/div>\n<div class=\"FullSize\" data-lazyload-item=\"true\">\n<p class=\"Theme-TextSize-default\"><span class=\"Theme-ForegroundColor-5\">Miguel Torga, Fernando Namora, Afonso Alves Vieira, Jo\u00e3o Jos\u00e9 Cochofel, J\u00falio Dinis, Verg\u00edlio Ferreira ou Eug\u00e9nio de Andrade passaram muita da sua vida por estas regi\u00f5es e t\u00eam as suas casas conservadas ou mesmo transformadas em museus.<\/span><\/p>\n<p><span class=\"Theme-ForegroundColor-5\">Numa altura em que se comemoram 100 anos do seu nascimento, vale sempre a pena uma passagem pelas origens de Eduardo Louren\u00e7o, escritor e ensa\u00edsta portugu\u00eas. Eduardo Louren\u00e7o nasceu numa pequena aldeia junto \u00e0 fronteira com Espanha, S\u00e3o Pedro do Rio Seco, no concelho de Almeida. Foi no distrito da Guarda que viveu grande parte da sua juventude, antes de rumar a Lisboa.<\/span><\/p>\n<figure class=\"InlineMedia InlineMedia--image media-size-110 Lazyload--isLoaded\" data-lazyload-container=\"true\" data-lazyload-trigger=\"true\">\n<div class=\"InlineMedia--image__inner\">\n<div class=\"Lazyload__loading\" aria-hidden=\"true\">\n<div class=\"Display--none Display--md-block\"><\/div>\n<\/div>\n<div class=\"FullSize\" data-lazyload-item=\"true\"><picture><img decoding=\"async\" src=\"https:\/\/static.publico.pt\/s3\/shorthand\/um-roteiro-literario-pelo-centro-de-portugal-231114172403\/assets\/8LSmaY37n5\/casa-900x300.jpg\" alt=\"\" \/><\/picture><\/div>\n<\/div>\n<\/figure>\n<\/div>\n<\/div>\n<\/figure>\n<h2 class=\"Theme-Layer-BodyText-Heading-Large Theme-Title Theme-Title Theme-TextSize-xsmall\"><span class=\"Theme-ForegroundColorCustom-5UqSvX\">Verg\u00edlio Ferreira<\/span><\/h2>\n<p class=\"\"><span class=\"Theme-ForegroundColorCustom-U26QMH\">Em <strong>Melo, no concelho de Gouveia<\/strong>, Verg\u00edlio Ferreira viveu at\u00e9 aos 12 anos e a Biblioteca Municipal com o seu nome conserva o seu esp\u00f3lio.<\/span><\/p>\n<h2 class=\"Theme-Layer-BodyText-Heading-Large Theme-Title Theme-Title Theme-TextSize-xsmall\"><span class=\"Theme-ForegroundColorCustom-5UqSvX\">Miguel Torga<\/span><\/h2>\n<p class=\"\"><span class=\"Theme-ForegroundColorCustom-U26QMH\">A casa de Miguel Torga est\u00e1 situada na freguesia de\u00a0<strong>Santo Ant\u00f3nio dos Olivais<\/strong>, em Coimbra. Foi nesta cidade que Adolfo Rocha, o nome verdadeiro do escritor transmontano, tinha o seu consult\u00f3rio m\u00e9dico.<\/span><\/p>\n<h2 class=\"Theme-Layer-BodyText-Heading-Large Theme-Title Theme-Title Theme-TextSize-xsmall\"><span class=\"Theme-ForegroundColorCustom-5UqSvX\">Fernando Namora<\/span><\/h2>\n<p class=\"\"><span class=\"Theme-ForegroundColorCustom-U26QMH\">Fernando Gon\u00e7alves Namora nasceu em <strong>Condeixa<\/strong> a 15 de Abril de 1919. Foi aqui que viveu at\u00e9 aos dez anos e onde descobriu o gosto pela escrita, pela pintura e pelo desenho.<\/span><\/p>\n<h2 class=\"Theme-Layer-BodyText-Heading-Large Theme-Title Theme-Title Theme-TextSize-xsmall\"><span class=\"Theme-ForegroundColorCustom-5UqSvX\">Vasco de Lima Couto<\/span><\/h2>\n<p class=\"\"><span class=\"Theme-ForegroundColor-7\">\u00c9 em <strong>Const\u00e2ncia<\/strong>, junto ao rio Tejo, que est\u00e1 instalada a Casa-Museu Vasco de Lima Couto, poeta, ator, encenador e declamador. A casa onde viveu os seus \u00faltimos anos de vida \u00e9 hoje um espa\u00e7o museol\u00f3gico.<\/span><\/p>\n<p>&#8220;Eu n\u00e3o quero fazer uma livraria. Eu quero fazer uma cidade, uma vila liter\u00e1ria&#8221;. Esta frase foi dita por Jos\u00e9 Pinho, fundador do Festival FOLIO, o Festival Liter\u00e1rio Internacional de \u00d3bidos. E o respons\u00e1vel, recentemente falecido, conseguiu. Durante dez dias, esta ic\u00f3nica vila medieval transforma-se numa vila liter\u00e1ria e, nesse per\u00edodo, juntam-se escritores, leitores, artistas, m\u00fasicos, livros, letras e muitos pontos de vista diferentes. Criado em 2015, o FOLIO contou, na edi\u00e7\u00e3o de 2023, com convidados como Gon\u00e7alo M. Tavares e Ney Matogrosso.<\/p>\n<p>&nbsp;<\/p>\n<p>https:\/\/www.publico.pt\/estudiop\/conteudo_patrocinado\/turismo-centro-roteiro-literario<\/p>\n        <div class=\"booster-block booster-reactions-block\">\r\n            <div class=\"twp-reactions-icons\">\r\n                \r\n                <div class=\"twp-reacts-wrap\">\r\n                    <a react-data=\"be-react-1\" post-id=\"630\" class=\"be-face-icons un-reacted\" href=\"javascript:void(0)\">\r\n                        <img decoding=\"async\" src=\"https:\/\/jornaloassobio.pt\/wp-content\/plugins\/booster-extension\/\/assets\/icon\/happy.svg\" alt=\"Happy\">\r\n                    <\/a>\r\n                    <div class=\"twp-reaction-title\">\r\n                        Happy                    <\/div>\r\n                    <div class=\"twp-count-percent\">\r\n                                                    <span style=\"display: none;\" class=\"twp-react-count\">0<\/span>\r\n                        \r\n                                                <span class=\"twp-react-percent\"><span>0<\/span> %<\/span>\r\n                                            <\/div>\r\n                <\/div>\r\n\r\n                <div class=\"twp-reacts-wrap\">\r\n                    <a react-data=\"be-react-2\" post-id=\"630\" class=\"be-face-icons un-reacted\" href=\"javascript:void(0)\">\r\n                        <img decoding=\"async\" src=\"https:\/\/jornaloassobio.pt\/wp-content\/plugins\/booster-extension\/\/assets\/icon\/sad.svg\" alt=\"Sad\">\r\n                    <\/a>\r\n                    <div class=\"twp-reaction-title\">\r\n                        Sad                    <\/div>\r\n                    <div class=\"twp-count-percent\">\r\n                                                    <span style=\"display: none;\" class=\"twp-react-count\">0<\/span>\r\n                                                                        <span class=\"twp-react-percent\"><span>0<\/span> %<\/span>\r\n                                            <\/div>\r\n                <\/div>\r\n\r\n                <div class=\"twp-reacts-wrap\">\r\n                    <a react-data=\"be-react-3\" post-id=\"630\" class=\"be-face-icons un-reacted\" href=\"javascript:void(0)\">\r\n                        <img decoding=\"async\" src=\"https:\/\/jornaloassobio.pt\/wp-content\/plugins\/booster-extension\/\/assets\/icon\/excited.svg\" alt=\"Excited\">\r\n                    <\/a>\r\n                    <div class=\"twp-reaction-title\">\r\n                        Excited                    <\/div>\r\n                    <div class=\"twp-count-percent\">\r\n                                                    <span style=\"display: none;\" class=\"twp-react-count\">0<\/span>\r\n                                                                        <span class=\"twp-react-percent\"><span>0<\/span> %<\/span>\r\n                                            <\/div>\r\n                <\/div>\r\n\r\n                <div class=\"twp-reacts-wrap\">\r\n                    <a react-data=\"be-react-6\" post-id=\"630\" class=\"be-face-icons un-reacted\" href=\"javascript:void(0)\">\r\n                        <img decoding=\"async\" src=\"https:\/\/jornaloassobio.pt\/wp-content\/plugins\/booster-extension\/\/assets\/icon\/sleepy.svg\" alt=\"Sleepy\">\r\n                    <\/a>\r\n                    <div class=\"twp-reaction-title\">\r\n                        Sleepy                    <\/div>\r\n                    <div class=\"twp-count-percent\">\r\n                                                    <span style=\"display: none;\" class=\"twp-react-count\">0<\/span>\r\n                        \r\n                                                <span class=\"twp-react-percent\"><span>0<\/span> %<\/span>\r\n                                            <\/div>\r\n                <\/div>\r\n\r\n                <div class=\"twp-reacts-wrap\">\r\n                    <a react-data=\"be-react-4\" post-id=\"630\" class=\"be-face-icons un-reacted\" href=\"javascript:void(0)\">\r\n                        <img decoding=\"async\" src=\"https:\/\/jornaloassobio.pt\/wp-content\/plugins\/booster-extension\/\/assets\/icon\/angry.svg\" alt=\"Angry\">\r\n                    <\/a>\r\n                    <div class=\"twp-reaction-title\">Angry<\/div>\r\n                    <div class=\"twp-count-percent\">\r\n                                                    <span style=\"display: none;\" class=\"twp-react-count\">0<\/span>\r\n                                                                        <span class=\"twp-react-percent\"><span>0<\/span> %<\/span>\r\n                        \r\n                    <\/div>\r\n                <\/div>\r\n\r\n                <div class=\"twp-reacts-wrap\">\r\n                    <a react-data=\"be-react-5\" post-id=\"630\" class=\"be-face-icons un-reacted\" href=\"javascript:void(0)\">\r\n                        <img decoding=\"async\" src=\"https:\/\/jornaloassobio.pt\/wp-content\/plugins\/booster-extension\/\/assets\/icon\/surprise.svg\" alt=\"Surprise\">\r\n                    <\/a>\r\n                    <div class=\"twp-reaction-title\">Surprise<\/div>\r\n                    <div class=\"twp-count-percent\">\r\n                                                    <span style=\"display: none;\" class=\"twp-react-count\">0<\/span>\r\n                                                                        <span class=\"twp-react-percent\"><span>0<\/span> %<\/span>\r\n                                            <\/div>\r\n                <\/div>\r\n\r\n            <\/div>\r\n        <\/div>\r\n\r\n    ","protected":false},"excerpt":{"rendered":"<p>A\u00a0Regi\u00e3o Centro de Portugal\u00a0foi ber\u00e7o e ponto de passagem de alguns dos maiores escritores nacionais, mas tamb\u00e9m serviu de inspira\u00e7\u00e3o a algumas obras que marcaram a literatura portuguesa, influenciando Jos\u00e9 Saramago, E\u00e7a de Queiroz ou Jos\u00e9 Lu\u00eds Peixoto. Para quem tem a paix\u00e3o da leitura, a Regi\u00e3o Centro convida-o a colocar-se ao caminho e a [&hellip;]<\/p>\n","protected":false},"author":6,"featured_media":742,"comment_status":"open","ping_status":"open","sticky":false,"template":"","format":"standard","meta":{"footnotes":""},"categories":[10,4],"tags":[],"class_list":["post-630","post","type-post","status-publish","format-standard","has-post-thumbnail","hentry","category-cultura","category-noticias"],"_links":{"self":[{"href":"https:\/\/jornaloassobio.pt\/index.php?rest_route=\/wp\/v2\/posts\/630","targetHints":{"allow":["GET"]}}],"collection":[{"href":"https:\/\/jornaloassobio.pt\/index.php?rest_route=\/wp\/v2\/posts"}],"about":[{"href":"https:\/\/jornaloassobio.pt\/index.php?rest_route=\/wp\/v2\/types\/post"}],"author":[{"embeddable":true,"href":"https:\/\/jornaloassobio.pt\/index.php?rest_route=\/wp\/v2\/users\/6"}],"replies":[{"embeddable":true,"href":"https:\/\/jornaloassobio.pt\/index.php?rest_route=%2Fwp%2Fv2%2Fcomments&post=630"}],"version-history":[{"count":4,"href":"https:\/\/jornaloassobio.pt\/index.php?rest_route=\/wp\/v2\/posts\/630\/revisions"}],"predecessor-version":[{"id":634,"href":"https:\/\/jornaloassobio.pt\/index.php?rest_route=\/wp\/v2\/posts\/630\/revisions\/634"}],"wp:featuredmedia":[{"embeddable":true,"href":"https:\/\/jornaloassobio.pt\/index.php?rest_route=\/wp\/v2\/media\/742"}],"wp:attachment":[{"href":"https:\/\/jornaloassobio.pt\/index.php?rest_route=%2Fwp%2Fv2%2Fmedia&parent=630"}],"wp:term":[{"taxonomy":"category","embeddable":true,"href":"https:\/\/jornaloassobio.pt\/index.php?rest_route=%2Fwp%2Fv2%2Fcategories&post=630"},{"taxonomy":"post_tag","embeddable":true,"href":"https:\/\/jornaloassobio.pt\/index.php?rest_route=%2Fwp%2Fv2%2Ftags&post=630"}],"curies":[{"name":"wp","href":"https:\/\/api.w.org\/{rel}","templated":true}]}}