{"id":637,"date":"2023-11-16T14:40:27","date_gmt":"2023-11-16T14:40:27","guid":{"rendered":"https:\/\/jornaloassobio.pt\/?p=637"},"modified":"2023-11-26T18:40:19","modified_gmt":"2023-11-26T18:40:19","slug":"dia-nacional-do-mar","status":"publish","type":"post","link":"https:\/\/jornaloassobio.pt\/?p=637","title":{"rendered":"DIA NACIONAL DO MAR"},"content":{"rendered":"<div class='booster-block booster-read-block'>\r\n                <div class=\"twp-read-time\">\r\n                \t<i class=\"booster-icon twp-clock\"><\/i> <span>Read Time:<\/span>2 Minute, 6 Second                <\/div>\r\n\r\n            <\/div><div class=\"title\">\n<h1><img decoding=\"async\" class=\"aligncenter\" src=\"https:\/\/www.santander.pt\/content\/dam\/sitepublico\/images\/particulares\/blogue\/artigos\/topo\/mobile\/importancia-do-mar-720x406-mobile.jpg\" alt=\"Descubra a import\u00e2ncia do mar para a sa\u00fade humana e do planeta\" \/><\/h1>\n<h1><span style=\"font-size: 16px;\">\u00a0 \u00a0 \u00a0 \u00a0 \u00a0 \u00a0O Dia Nacional do Mar celebra-se a 16 de novembro, data em que, no ano de 1994, entrou em vigor a Conven\u00e7\u00e3o das Na\u00e7\u00f5es Unidas sobre o Direito do Mar.<\/span><\/h1>\n<\/div>\n<div id=\"regText\" class=\"gov-texts\">\n<div>\u00a0 \u00a0 \u00a0 \u00a0 \u00a0 \u00a0Portugal, comprometido com as responsabilidades e desafios a que a urg\u00eancia em torno da necessidade de prote\u00e7\u00e3o do Oceano obriga, tem refor\u00e7ado a sua posi\u00e7\u00e3o de pa\u00eds l\u00edder no dom\u00ednio da governa\u00e7\u00e3o internacional do Mar.<\/div>\n<div>\u00a0 \u00a0 \u00a0 \u00a0 \u00a0 \u00a0O uso sustent\u00e1vel do Oceano contempla atividades mar\u00edtimas tradicionais, mas tamb\u00e9m o desenvolvimento de outras emergentes, o que faz do mar um territ\u00f3rio de compatibiliza\u00e7\u00e3o entre diferentes usos e atores, com condi\u00e7\u00f5es de excel\u00eancia para sinergias em prol do incremento da economia azul.<\/div>\n<hr \/>\n<div>\u00a0 \u00a0 \u00a0 \u00a0in https:\/\/www.portugal.gov.pt\/pt\/gc23\/comunicacao\/comunicado?i=governo-assinala-dia-nacional-do-mar<\/div>\n<div><\/div>\n<div>\n<article id=\"post-41344\" class=\"group post-standard post-41344 post type-post status-publish format-standard hentry category-frases formas-frases adjetivos-curtas adjetivos-exclamativas assuntos-imperio assuntos-mar assuntos-portugal assuntos-senhores autores-fernando-pessoa\">\n<div class=\"post-inner post-hover\">\n<div class=\"post-content\">\n<div class=\"entry excerpt entry-summary\">\n<blockquote><p><strong>O mar e o seu car\u00e1ter dual t\u00eam servido, ao longo dos s\u00e9culos, de fonte de inspira\u00e7\u00e3o para in\u00fameros poetas e escritores. Aliado da dor e da alegria , das partidas e das chegadas , das vit\u00f3rias e das derrotas, o mar une e separa.<\/strong><\/p>\n<p><strong>Podemos verificar a influ\u00eancia do mar em Fernando Pessoa, Sophia de Mello Breyner Andresen e Miguel Torga, entre muitos outros autores.<\/strong><\/p>\n<p><strong>\u00a0 \u00a0<\/strong><strong>MAR PORTUGU\u00caS<\/strong><\/p>\n<p>\u00d3\u00a0<b><\/b>mar salgado, quanto do teu sal<br \/>\nS\u00e3o l\u00e1grimas de Portugal!<br \/>\nPor te cruzarmos, quantas m\u00e3es choraram,<br \/>\nQuantos filhos em v\u00e3o rezaram!<br \/>\nQuantas noivas ficaram por casar<br \/>\nPara que fosses nosso, \u00f3 mar!<\/p>\n<p>Valeu a pena? Tudo vale a pena<br \/>\nSe a alma n\u00e3o \u00e9 pequena.<br \/>\nQuem quer passar al\u00e9m do Bojador<br \/>\nTem que passar al\u00e9m da dor.<br \/>\nDeus ao mar o perigo e o abismo deu,<br \/>\nMas nele \u00e9 que espelhou o c\u00e9u.<\/p>\n<div class=\"data\"><b>Mensagem<\/b>. <strong>Fernando Pessoa<\/strong>.<\/div>\n<p>&nbsp;<\/p>\n<p id=\"MjY3MDExMg\" class=\"frase fr0\">Mar, metade da minha alma \u00e9 feita de maresia<br \/>\nPois \u00e9 pela mesma inquieta\u00e7\u00e3o e nostalgia,<br \/>\nQue h\u00e1 no vasto clamor da mar\u00e9 cheia,<br \/>\nQue nunca nenhum bem me satisfez.<br \/>\nE \u00e9 porque as tuas ondas desfeitas pela areia<br \/>\nMais fortes se levantam outra vez,<br \/>\nQue ap\u00f3s cada queda caminho para a vida,<br \/>\nPor uma nova ilus\u00e3o entontecida.<\/p>\n<p>E se vou dizendo aos astros o meu mal<br \/>\n\u00c9 porque tamb\u00e9m tu revoltado e teatral<br \/>\nFazes soar a tua dor pelas alturas.<br \/>\nE se antes de tudo odeio e fujo<br \/>\nO que \u00e9 impuro, profano e sujo,<br \/>\n\u00c9 s\u00f3 porque as tuas ondas s\u00e3o puras.<\/p>\n<div class=\"autor\"><strong><a href=\"https:\/\/www.pensador.com\/autor\/sophia_de_mello_breyner_andresen\/\"><span class=\"author-name\"><span style=\"color: #000000;\">Sophia de Mello Breyner Andresen<\/span><\/span><\/a><\/strong><\/div>\n<p>&nbsp;<\/p>\n<p><strong>Mar!<\/strong><\/p><\/blockquote>\n<\/div>\n<\/div>\n<\/div>\n<\/article>\n<article id=\"post-26951\" class=\"group post-standard post-26951 post type-post status-publish format-standard has-post-thumbnail hentry category-frases formas-frases adjetivos-curtas assuntos-interior assuntos-mar assuntos-rios assuntos-vida autores-fernando-pessoa\">\n<div class=\"post-inner post-hover\">\n<div class=\"post-content\">\n<div class=\"post-meta group\">\n<div class=\"post-tags\">\n<article id=\"post-9368\" class=\"group post-standard post-9368 post type-post status-publish format-standard has-post-thumbnail hentry category-frases formas-frases adjetivos-curtas assuntos-mar assuntos-monotonia autores-fernando-pessoa fontes-livro-do-desassossego\">\n<div class=\"post-inner post-hover\">\n<div class=\"post-content\">\n<div class=\"post-meta group\">\n<div class=\"post-tags\">\n<article id=\"post-26951\" class=\"group post-standard post-26951 post type-post status-publish format-standard has-post-thumbnail hentry category-frases formas-frases adjetivos-curtas assuntos-interior assuntos-mar assuntos-rios assuntos-vida autores-fernando-pessoa\">\n<div class=\"post-inner post-hover\">\n<div class=\"post-content\">\n<div class=\"post-meta group\">\n<div class=\"post-tags\">\n<article id=\"post-26951\" class=\"group post-standard post-26951 post type-post status-publish format-standard has-post-thumbnail hentry category-frases formas-frases adjetivos-curtas assuntos-interior assuntos-mar assuntos-rios assuntos-vida autores-fernando-pessoa\">\n<div class=\"post-inner post-hover\">\n<div class=\"post-content\">\n<div class=\"post-meta group\">\n<div class=\"post-tags\">\n<article id=\"post-9368\" class=\"group post-standard post-9368 post type-post status-publish format-standard has-post-thumbnail hentry category-frases formas-frases adjetivos-curtas assuntos-mar assuntos-monotonia autores-fernando-pessoa fontes-livro-do-desassossego\">\n<div class=\"post-inner post-hover\">\n<div class=\"post-content\">\n<div class=\"post-meta group\">\n<div class=\"post-tags\">\n<article id=\"post-39531\" class=\"group post-standard post-39531 post type-post status-publish format-standard has-post-thumbnail hentry category-frases formas-frases adjetivos-interrogativas assuntos-abismo assuntos-alma assuntos-ceu assuntos-deus assuntos-dor assuntos-mar assuntos-pena assuntos-perigo assuntos-vales autores-fernando-pessoa\">\n<div class=\"post-inner post-hover\">\n<div class=\"post-content\">\n<div class=\"entry excerpt entry-summary\">\n<div dir=\"auto\">\u00a0 \u00a0 \u00a0 \u00a0 \u00a0 \u00a0 E \u00e9 um aberto poema que ressoa<\/div>\n<div dir=\"auto\">\u00a0 \u00a0 \u00a0 \u00a0 \u00a0 \u00a0 No b\u00fazio do areal&#8230;<\/div>\n<div dir=\"auto\">\u00a0 \u00a0 \u00a0 \u00a0 \u00a0 \u00a0Ah, quem pudesse ouvi-lo sem mais versos!<\/div>\n<div dir=\"auto\">\u00a0 \u00a0 \u00a0 \u00a0 \u00a0 \u00a0Assim puro,<\/div>\n<div dir=\"auto\">\u00a0 \u00a0 \u00a0 \u00a0 \u00a0 \u00a0Assim azul,<\/div>\n<div dir=\"auto\">\u00a0 \u00a0 \u00a0 \u00a0 \u00a0 \u00a0Assim salgado&#8230;<\/div>\n<div dir=\"auto\">\u00a0 \u00a0 \u00a0 \u00a0 \u00a0 \u00a0Milagre horizontal<\/div>\n<div dir=\"auto\">\u00a0 \u00a0 \u00a0 \u00a0 \u00a0 \u00a0Universal,<\/div>\n<div dir=\"auto\">\u00a0 \u00a0 \u00a0 \u00a0 \u00a0 \u00a0Numa palavra s\u00f3 realizado.<\/div>\n<div dir=\"auto\">&#8211;<\/div>\n<div dir=\"auto\">\u00a0 \u00a0 \u00a0 \u00a0 \u00a0 \u00a0<strong>Miguel Torga<\/strong><\/div>\n<div dir=\"auto\"><strong>\u00a0 \u00a0 \u00a0 \u00a0 \u00a0 \u00a0in Di\u00e1rio XI<\/strong><\/div>\n<\/div>\n<\/div>\n<\/div>\n<\/article>\n<article id=\"post-9368\" class=\"group post-standard post-9368 post type-post status-publish format-standard has-post-thumbnail hentry category-frases formas-frases adjetivos-curtas assuntos-mar assuntos-monotonia autores-fernando-pessoa fontes-livro-do-desassossego\">\n<div class=\"post-inner post-hover\">\n<div class=\"post-content\">\n<div class=\"post-meta group\">\n<div class=\"post-tags\"><\/div>\n<\/div>\n<\/div>\n<\/div>\n<\/article>\n<article id=\"post-54718\" class=\"group post-standard post-54718 post type-post status-publish format-standard has-post-thumbnail hentry category-frases formas-frases assuntos-civilizacao assuntos-emocoes assuntos-fisico assuntos-intelectuais assuntos-maes assuntos-mar assuntos-temperamento assuntos-universais autores-fernando-pessoa fontes-livro-do-desassossego\">\n<div class=\"post-inner post-hover\">\n<div class=\"post-content\">\n<div class=\"entry excerpt entry-summary\"><\/div>\n<\/div>\n<\/div>\n<\/article>\n<article id=\"post-50665\" class=\"group post-standard post-50665 post type-post status-publish format-standard hentry category-frases formas-frases assuntos-apocalipse assuntos-aventura assuntos-cacadores assuntos-carros assuntos-cinco assuntos-conceito assuntos-cozinheiros assuntos-dia assuntos-existencia assuntos-infinito assuntos-leoes assuntos-lisboa assuntos-mar assuntos-maravilha assuntos-marte assuntos-mil assuntos-novidades assuntos-privilegios assuntos-ruas assuntos-sabios assuntos-sempre assuntos-terceiros assuntos-terra assuntos-velhice assuntos-vez assuntos-viajantes autores-fernando-pessoa fontes-livro-do-desassossego\">\n<div class=\"post-inner post-hover\">\n<div class=\"post-content\">\n<div class=\"post-meta group\">\n<div class=\"post-tags\"><\/div>\n<\/div>\n<\/div>\n<\/div>\n<\/article>\n<\/div>\n<\/div>\n<\/div>\n<\/div>\n<\/article>\n<\/div>\n<\/div>\n<\/div>\n<\/div>\n<\/article>\n<article id=\"post-50665\" class=\"group post-standard post-50665 post type-post status-publish format-standard hentry category-frases formas-frases assuntos-apocalipse assuntos-aventura assuntos-cacadores assuntos-carros assuntos-cinco assuntos-conceito assuntos-cozinheiros assuntos-dia assuntos-existencia assuntos-infinito assuntos-leoes assuntos-lisboa assuntos-mar assuntos-maravilha assuntos-marte assuntos-mil assuntos-novidades assuntos-privilegios assuntos-ruas assuntos-sabios assuntos-sempre assuntos-terceiros assuntos-terra assuntos-velhice assuntos-vez assuntos-viajantes autores-fernando-pessoa fontes-livro-do-desassossego\">\n<div class=\"post-inner post-hover\">\n<div class=\"post-content\">\n<div class=\"post-meta group\">\n<div class=\"post-tags\" style=\"text-align: center;\"><\/div>\n<\/div>\n<\/div>\n<\/div>\n<\/article>\n<\/div>\n<\/div>\n<\/div>\n<\/div>\n<\/article>\n<article id=\"post-39531\" class=\"group post-standard post-39531 post type-post status-publish format-standard has-post-thumbnail hentry category-frases formas-frases adjetivos-interrogativas assuntos-abismo assuntos-alma assuntos-ceu assuntos-deus assuntos-dor assuntos-mar assuntos-pena assuntos-perigo assuntos-vales autores-fernando-pessoa\">\n<div class=\"post-inner post-hover\">\n<div class=\"post-content\">\n<div class=\"entry excerpt entry-summary\"><\/div>\n<\/div>\n<\/div>\n<\/article>\n<article id=\"post-9368\" class=\"group post-standard post-9368 post type-post status-publish format-standard has-post-thumbnail hentry category-frases formas-frases adjetivos-curtas assuntos-mar assuntos-monotonia autores-fernando-pessoa fontes-livro-do-desassossego\">\n<div class=\"post-inner post-hover\">\n<div class=\"post-content\">\n<div class=\"post-meta group\">\n<div class=\"post-tags\"><\/div>\n<\/div>\n<\/div>\n<\/div>\n<\/article>\n<\/div>\n<\/div>\n<\/div>\n<\/div>\n<\/article>\n<\/div>\n<\/div>\n<\/div>\n<\/div>\n<\/article>\n<\/div>\n<\/div>\n<div>\n<div id=\"PageSelector__ctl0_SimpleRecordPageLauncher__ctl0_SimpleRecordViewer_FilesList_rpItems__ctl0_SimpleViewPanel\">\n<div class=\"file-dwn\"><\/div>\n<\/div>\n<\/div>\n        <div class=\"booster-block booster-reactions-block\">\r\n            <div class=\"twp-reactions-icons\">\r\n                \r\n                <div class=\"twp-reacts-wrap\">\r\n                    <a react-data=\"be-react-1\" post-id=\"637\" class=\"be-face-icons un-reacted\" href=\"javascript:void(0)\">\r\n                        <img decoding=\"async\" src=\"https:\/\/jornaloassobio.pt\/wp-content\/plugins\/booster-extension\/\/assets\/icon\/happy.svg\" alt=\"Happy\">\r\n                    <\/a>\r\n                    <div class=\"twp-reaction-title\">\r\n                        Happy                    <\/div>\r\n                    <div class=\"twp-count-percent\">\r\n                                                    <span style=\"display: none;\" class=\"twp-react-count\">0<\/span>\r\n                        \r\n                                                <span class=\"twp-react-percent\"><span>0<\/span> %<\/span>\r\n                                            <\/div>\r\n                <\/div>\r\n\r\n                <div class=\"twp-reacts-wrap\">\r\n                    <a react-data=\"be-react-2\" post-id=\"637\" class=\"be-face-icons un-reacted\" href=\"javascript:void(0)\">\r\n                        <img decoding=\"async\" src=\"https:\/\/jornaloassobio.pt\/wp-content\/plugins\/booster-extension\/\/assets\/icon\/sad.svg\" alt=\"Sad\">\r\n                    <\/a>\r\n                    <div class=\"twp-reaction-title\">\r\n                        Sad                    <\/div>\r\n                    <div class=\"twp-count-percent\">\r\n                                                    <span style=\"display: none;\" class=\"twp-react-count\">0<\/span>\r\n                                                                        <span class=\"twp-react-percent\"><span>0<\/span> %<\/span>\r\n                                            <\/div>\r\n                <\/div>\r\n\r\n                <div class=\"twp-reacts-wrap\">\r\n                    <a react-data=\"be-react-3\" post-id=\"637\" class=\"be-face-icons un-reacted\" href=\"javascript:void(0)\">\r\n                        <img decoding=\"async\" src=\"https:\/\/jornaloassobio.pt\/wp-content\/plugins\/booster-extension\/\/assets\/icon\/excited.svg\" alt=\"Excited\">\r\n                    <\/a>\r\n                    <div class=\"twp-reaction-title\">\r\n                        Excited                    <\/div>\r\n                    <div class=\"twp-count-percent\">\r\n                                                    <span style=\"display: none;\" class=\"twp-react-count\">0<\/span>\r\n                                                                        <span class=\"twp-react-percent\"><span>0<\/span> %<\/span>\r\n                                            <\/div>\r\n                <\/div>\r\n\r\n                <div class=\"twp-reacts-wrap\">\r\n                    <a react-data=\"be-react-6\" post-id=\"637\" class=\"be-face-icons un-reacted\" href=\"javascript:void(0)\">\r\n                        <img decoding=\"async\" src=\"https:\/\/jornaloassobio.pt\/wp-content\/plugins\/booster-extension\/\/assets\/icon\/sleepy.svg\" alt=\"Sleepy\">\r\n                    <\/a>\r\n                    <div class=\"twp-reaction-title\">\r\n                        Sleepy                    <\/div>\r\n                    <div class=\"twp-count-percent\">\r\n                                                    <span style=\"display: none;\" class=\"twp-react-count\">0<\/span>\r\n                        \r\n                                                <span class=\"twp-react-percent\"><span>0<\/span> %<\/span>\r\n                                            <\/div>\r\n                <\/div>\r\n\r\n                <div class=\"twp-reacts-wrap\">\r\n                    <a react-data=\"be-react-4\" post-id=\"637\" class=\"be-face-icons un-reacted\" href=\"javascript:void(0)\">\r\n                        <img decoding=\"async\" src=\"https:\/\/jornaloassobio.pt\/wp-content\/plugins\/booster-extension\/\/assets\/icon\/angry.svg\" alt=\"Angry\">\r\n                    <\/a>\r\n                    <div class=\"twp-reaction-title\">Angry<\/div>\r\n                    <div class=\"twp-count-percent\">\r\n                                                    <span style=\"display: none;\" class=\"twp-react-count\">0<\/span>\r\n                                                                        <span class=\"twp-react-percent\"><span>0<\/span> %<\/span>\r\n                        \r\n                    <\/div>\r\n                <\/div>\r\n\r\n                <div class=\"twp-reacts-wrap\">\r\n                    <a react-data=\"be-react-5\" post-id=\"637\" class=\"be-face-icons un-reacted\" href=\"javascript:void(0)\">\r\n                        <img decoding=\"async\" src=\"https:\/\/jornaloassobio.pt\/wp-content\/plugins\/booster-extension\/\/assets\/icon\/surprise.svg\" alt=\"Surprise\">\r\n                    <\/a>\r\n                    <div class=\"twp-reaction-title\">Surprise<\/div>\r\n                    <div class=\"twp-count-percent\">\r\n                                                    <span style=\"display: none;\" class=\"twp-react-count\">0<\/span>\r\n                                                                        <span class=\"twp-react-percent\"><span>0<\/span> %<\/span>\r\n                                            <\/div>\r\n                <\/div>\r\n\r\n            <\/div>\r\n        <\/div>\r\n\r\n    ","protected":false},"excerpt":{"rendered":"<p>\u00a0 \u00a0 \u00a0 \u00a0 \u00a0 \u00a0O Dia Nacional do Mar celebra-se a 16 de novembro, data em que, no ano de 1994, entrou em vigor a Conven\u00e7\u00e3o das Na\u00e7\u00f5es Unidas sobre o Direito do Mar. \u00a0 \u00a0 \u00a0 \u00a0 \u00a0 \u00a0Portugal, comprometido com as responsabilidades e desafios a que a urg\u00eancia em torno da necessidade [&hellip;]<\/p>\n","protected":false},"author":6,"featured_media":675,"comment_status":"open","ping_status":"open","sticky":false,"template":"","format":"standard","meta":{"footnotes":""},"categories":[9,4],"tags":[],"class_list":["post-637","post","type-post","status-publish","format-standard","has-post-thumbnail","hentry","category-ambiente","category-noticias"],"_links":{"self":[{"href":"https:\/\/jornaloassobio.pt\/index.php?rest_route=\/wp\/v2\/posts\/637","targetHints":{"allow":["GET"]}}],"collection":[{"href":"https:\/\/jornaloassobio.pt\/index.php?rest_route=\/wp\/v2\/posts"}],"about":[{"href":"https:\/\/jornaloassobio.pt\/index.php?rest_route=\/wp\/v2\/types\/post"}],"author":[{"embeddable":true,"href":"https:\/\/jornaloassobio.pt\/index.php?rest_route=\/wp\/v2\/users\/6"}],"replies":[{"embeddable":true,"href":"https:\/\/jornaloassobio.pt\/index.php?rest_route=%2Fwp%2Fv2%2Fcomments&post=637"}],"version-history":[{"count":6,"href":"https:\/\/jornaloassobio.pt\/index.php?rest_route=\/wp\/v2\/posts\/637\/revisions"}],"predecessor-version":[{"id":647,"href":"https:\/\/jornaloassobio.pt\/index.php?rest_route=\/wp\/v2\/posts\/637\/revisions\/647"}],"wp:featuredmedia":[{"embeddable":true,"href":"https:\/\/jornaloassobio.pt\/index.php?rest_route=\/wp\/v2\/media\/675"}],"wp:attachment":[{"href":"https:\/\/jornaloassobio.pt\/index.php?rest_route=%2Fwp%2Fv2%2Fmedia&parent=637"}],"wp:term":[{"taxonomy":"category","embeddable":true,"href":"https:\/\/jornaloassobio.pt\/index.php?rest_route=%2Fwp%2Fv2%2Fcategories&post=637"},{"taxonomy":"post_tag","embeddable":true,"href":"https:\/\/jornaloassobio.pt\/index.php?rest_route=%2Fwp%2Fv2%2Ftags&post=637"}],"curies":[{"name":"wp","href":"https:\/\/api.w.org\/{rel}","templated":true}]}}