{"id":650,"date":"2023-11-22T12:51:32","date_gmt":"2023-11-22T12:51:32","guid":{"rendered":"https:\/\/jornaloassobio.pt\/?p=650"},"modified":"2023-12-15T11:20:33","modified_gmt":"2023-12-15T11:20:33","slug":"noticias-do-7o-b-divulgacao","status":"publish","type":"post","link":"https:\/\/jornaloassobio.pt\/?p=650","title":{"rendered":"NOT\u00cdCIAS DO 7\u00ba B (SF)- DIVULGA\u00c7\u00c3O"},"content":{"rendered":"<div class='booster-block booster-read-block'>\r\n                <div class=\"twp-read-time\">\r\n                \t<i class=\"booster-icon twp-clock\"><\/i> <span>Read Time:<\/span>3 Minute, 15 Second                <\/div>\r\n\r\n            <\/div><p><strong><a href=\"https:\/\/jornaloassobio.pt\/wp-content\/uploads\/2023\/11\/RE_-Noticias-do-7.oB-para-_O-Assobio_.zip\">Not\u00edcias do 7.\u00baB para _O Assobio_<\/a> \u00a0 \u00a0<\/strong><\/p>\n<p><strong>O Parlamento dos Jovens no Ensino B\u00e1sico \u2013 PARTICIPA!<\/strong><\/p>\n<p>O Parlamento dos Jovens \u00e9 um projeto com v\u00e1rias parecen\u00e7as ao trabalho dos deputados na Assembleia da Rep\u00fablica s\u00f3 que, em vez de ter deputados maiores de 18 anos, os deputados s\u00e3o jovens em idade escolar. Mas no Parlamento de Jovens, como o pr\u00f3prio nome indica. os deputados s\u00e3o os adolescentes sem nenhum partido pol\u00edtico, podendo participar todos os alunos.<\/p>\n<p>Neste ano, o tema que foi escolhido \u00e9 inspirado nos 50 anos do 25 de abril, \u201cViver Abril na educa\u00e7\u00e3o: caminhos para uma escola plural e participativa&#8221;. Na primeira sess\u00e3o escolar, todos os alunos do Ensino B\u00e1sico ficaram informados que, em vez de partidos, ir\u00e3o existir listas, com, por exemplo lista, A, B, C etc., existindo tr\u00eas fases:\u00a0 a primeira fase \u00e9 na escola, a segunda \u00e9 regional e a terceira \u00e9 nacional, podendo os alunos vencedores defender as suas medidas na Assembleia da Rep\u00fablica, em Lisboa.<\/p>\n<p>Neste momento, estamos a formar listas para que, em breve,\u00a0sejam conhecidas as medidas atrav\u00e9s da campanha eleitoral que ir\u00e1 ser de 15 a 19 de janeiro.<\/p>\n<p>H\u00e1 ainda debates, uma sess\u00e3o com um deputado da Assembleia da Rep\u00fablica e, por fim, a fase de escola termina no dia das elei\u00e7\u00f5es, a 22 de janeiro. Se \u00e9s de 7\u00ba ano ou de outro ano, junta os amigos e colegas e forma a tua lista! Podes ter mais informa\u00e7\u00f5es com a Professora Manuela Ramalho na Biblioteca ou junto da Professora de Hist\u00f3ria, Teresa Cravo ou o Professor de Geografia, Rui Ladeiras.<\/p>\n<p>As alunas do 7.\u00baB:\u00a0Maria Pereira Costa,\u00a0Margarida Sousa,\u00a0Vit\u00f3ria Fernandes, Sofia Silva, Leonor Frango e\u00a0Carolina Chora<\/p>\n<p>&nbsp;<\/p>\n<p><strong>Vem conhecer a equipa sub14 do CR\u00c9 <img loading=\"lazy\" decoding=\"async\" class=\"size-medium wp-image-662 alignright\" src=\"https:\/\/jornaloassobio.pt\/wp-content\/uploads\/2023\/11\/Captura-de-ecra-2023-11-22-as-20.39.51-300x279.png\" alt=\"\" width=\"300\" height=\"279\" srcset=\"https:\/\/jornaloassobio.pt\/wp-content\/uploads\/2023\/11\/Captura-de-ecra-2023-11-22-as-20.39.51-300x279.png 300w, https:\/\/jornaloassobio.pt\/wp-content\/uploads\/2023\/11\/Captura-de-ecra-2023-11-22-as-20.39.51.png 574w\" sizes=\"auto, (max-width: 300px) 100vw, 300px\" \/><\/strong><\/p>\n<p>Os alunos do 7\u00b0 B apresentam o calend\u00e1rio de treinos do CRE (Clube de Rugby de \u00c9vora). Neste momento n\u00e3o temos qualquer informa\u00e7\u00e3o sobre jogos que v\u00e3o decorrer, mas podemos falar um pouco sobre os treinos e o que normalmente fazes l\u00e1. Os treinos s\u00e3o sempre \u00e0s ter\u00e7as e quintas (nos sub 14), e nas quartas e sextas temos a oportunidade de fazer treino f\u00edsico. Nos treinos, temos de levar p\u00edtons e roupa desportiva, mas quando h\u00e1 jogos temos equipamento pr\u00f3prio. Poder\u00edamos ajudar-te a descobrir este desporto, que \u00e9 o rugby, pelo que podes falar com os alunos do 7.\u00baB, se quiseres experimentar!<\/p>\n<p>Os alunos do 7.\u00baB :\u00a0Caetano Mira,\u00a0Tom\u00e1s Pimenta, Manuel Lopes e\u00a0Hugo Santana<\/p>\n<p>&nbsp;<\/p>\n<p><strong>O que \u00e9 que fazes este fim de semana? Vem assistir aos jogos do Lusitano!<\/strong><\/p>\n<p>Os alunos do 7.\u00ba B apresentam o calend\u00e1rio de jogos do escal\u00e3o de infantis de F9 do Lusitano GC! Convidamos-vos a assistir os nossos jogos, mas t\u00eam de prometer que apoiam a nossa equipa. Aqui tens o calend\u00e1rio das jornadas, vemo-nos em breve!!!<\/p>\n<p><strong><img loading=\"lazy\" decoding=\"async\" class=\"alignnone size-medium wp-image-661\" src=\"https:\/\/jornaloassobio.pt\/wp-content\/uploads\/2023\/11\/Captura-de-ecra-2023-11-22-as-20.40.05-300x226.png\" alt=\"\" width=\"300\" height=\"226\" srcset=\"https:\/\/jornaloassobio.pt\/wp-content\/uploads\/2023\/11\/Captura-de-ecra-2023-11-22-as-20.40.05-300x226.png 300w, https:\/\/jornaloassobio.pt\/wp-content\/uploads\/2023\/11\/Captura-de-ecra-2023-11-22-as-20.40.05-1024x772.png 1024w, https:\/\/jornaloassobio.pt\/wp-content\/uploads\/2023\/11\/Captura-de-ecra-2023-11-22-as-20.40.05-768x579.png 768w, https:\/\/jornaloassobio.pt\/wp-content\/uploads\/2023\/11\/Captura-de-ecra-2023-11-22-as-20.40.05.png 1034w\" sizes=\"auto, (max-width: 300px) 100vw, 300px\" \/><img loading=\"lazy\" decoding=\"async\" class=\"size-medium wp-image-659 alignnone\" src=\"https:\/\/jornaloassobio.pt\/wp-content\/uploads\/2023\/11\/Captura-de-ecra-2023-11-22-as-20.40.33-250x300.png\" alt=\"\" width=\"250\" height=\"300\" srcset=\"https:\/\/jornaloassobio.pt\/wp-content\/uploads\/2023\/11\/Captura-de-ecra-2023-11-22-as-20.40.33-250x300.png 250w, https:\/\/jornaloassobio.pt\/wp-content\/uploads\/2023\/11\/Captura-de-ecra-2023-11-22-as-20.40.33.png 540w\" sizes=\"auto, (max-width: 250px) 100vw, 250px\" \/><\/strong><\/p>\n<p>Os alunos do 7.\u00baB : Eduardo Espingardeiro, Santiago Cadeias de Sande, Guilherme Silva e Jo\u00e3o Barros<\/p>\n<p>&nbsp;<\/p>\n<p><strong>J\u00e1 conheces o Openfoodfacts?<\/strong><\/p>\n<p>\u00c9 a maior base de dados mundial de alimentos.<strong><img loading=\"lazy\" decoding=\"async\" class=\"size-medium wp-image-660 alignright\" src=\"https:\/\/jornaloassobio.pt\/wp-content\/uploads\/2023\/11\/Captura-de-ecra-2023-11-22-as-20.40.19-300x154.png\" alt=\"\" width=\"300\" height=\"154\" srcset=\"https:\/\/jornaloassobio.pt\/wp-content\/uploads\/2023\/11\/Captura-de-ecra-2023-11-22-as-20.40.19-300x154.png 300w, https:\/\/jornaloassobio.pt\/wp-content\/uploads\/2023\/11\/Captura-de-ecra-2023-11-22-as-20.40.19-1024x526.png 1024w, https:\/\/jornaloassobio.pt\/wp-content\/uploads\/2023\/11\/Captura-de-ecra-2023-11-22-as-20.40.19-768x395.png 768w, https:\/\/jornaloassobio.pt\/wp-content\/uploads\/2023\/11\/Captura-de-ecra-2023-11-22-as-20.40.19.png 1156w\" sizes=\"auto, (max-width: 300px) 100vw, 300px\" \/><\/strong><\/p>\n<p>Da Coca-Cola \u00e0 ma\u00e7\u00e3, das batatas fritas \u00e0s gomas, fica a saber a qualidade, calorias e processamento deste tipo de produtos.<\/p>\n<p>Podes contribuir com produtos que consomes ou pesquisar e saber a qualidade nutricional de cada produto, atrav\u00e9s da <em>nutri-score<\/em>.<\/p>\n<p>Na nossa opini\u00e3o, este <em>site<\/em> \u00e9 recomend\u00e1vel para pessoas que queiram saber se os alimentos s\u00e3o saud\u00e1veis e que queiram perder peso ou, simplesmente, consumir alimentos saud\u00e1veis. No <em>nutri-score<\/em> que vai do A ao E, indica se os produtos s\u00e3o saud\u00e1veis ou n\u00e3o, como, por exemplo, a ma\u00e7\u00e3 que est\u00e1 na letra A, ou seja, \u00e9 muito saud\u00e1vel e permite saber se o produto \u00e9 ou n\u00e3o processado, determinando a sua qualidade. Consulta e descobre curiosidades incr\u00edveis sobre os alimentos que consomes!<\/p>\n<p>CLICA AQUI!<\/p>\n<p>Os alunos do 7.\u00baB:\u00a0Tom\u00e1s Cardoso,\u00a0Teresa Neves,\u00a0Vasco Vieira,\u00a0Margarida Bravo, Guilherme Geadas da Silva,\u00a0Benjamim Paix\u00e3o<\/p>\n<p>https:\/\/pt.openfoodfacts.org\/<\/p>\n<p>&nbsp;<\/p>\n        <div class=\"booster-block booster-reactions-block\">\r\n            <div class=\"twp-reactions-icons\">\r\n                \r\n                <div class=\"twp-reacts-wrap\">\r\n                    <a react-data=\"be-react-1\" post-id=\"650\" class=\"be-face-icons un-reacted\" href=\"javascript:void(0)\">\r\n                        <img decoding=\"async\" src=\"https:\/\/jornaloassobio.pt\/wp-content\/plugins\/booster-extension\/\/assets\/icon\/happy.svg\" alt=\"Happy\">\r\n                    <\/a>\r\n                    <div class=\"twp-reaction-title\">\r\n                        Happy                    <\/div>\r\n                    <div class=\"twp-count-percent\">\r\n                                                    <span style=\"display: none;\" class=\"twp-react-count\">1<\/span>\r\n                        \r\n                                                <span class=\"twp-react-percent\"><span>100<\/span> %<\/span>\r\n                                            <\/div>\r\n                <\/div>\r\n\r\n                <div class=\"twp-reacts-wrap\">\r\n                    <a react-data=\"be-react-2\" post-id=\"650\" class=\"be-face-icons un-reacted\" href=\"javascript:void(0)\">\r\n                        <img decoding=\"async\" src=\"https:\/\/jornaloassobio.pt\/wp-content\/plugins\/booster-extension\/\/assets\/icon\/sad.svg\" alt=\"Sad\">\r\n                    <\/a>\r\n                    <div class=\"twp-reaction-title\">\r\n                        Sad                    <\/div>\r\n                    <div class=\"twp-count-percent\">\r\n                                                    <span style=\"display: none;\" class=\"twp-react-count\">0<\/span>\r\n                                                                        <span class=\"twp-react-percent\"><span>0<\/span> %<\/span>\r\n                                            <\/div>\r\n                <\/div>\r\n\r\n                <div class=\"twp-reacts-wrap\">\r\n                    <a react-data=\"be-react-3\" post-id=\"650\" class=\"be-face-icons un-reacted\" href=\"javascript:void(0)\">\r\n                        <img decoding=\"async\" src=\"https:\/\/jornaloassobio.pt\/wp-content\/plugins\/booster-extension\/\/assets\/icon\/excited.svg\" alt=\"Excited\">\r\n                    <\/a>\r\n                    <div class=\"twp-reaction-title\">\r\n                        Excited                    <\/div>\r\n                    <div class=\"twp-count-percent\">\r\n                                                    <span style=\"display: none;\" class=\"twp-react-count\">0<\/span>\r\n                                                                        <span class=\"twp-react-percent\"><span>0<\/span> %<\/span>\r\n                                            <\/div>\r\n                <\/div>\r\n\r\n                <div class=\"twp-reacts-wrap\">\r\n                    <a react-data=\"be-react-6\" post-id=\"650\" class=\"be-face-icons un-reacted\" href=\"javascript:void(0)\">\r\n                        <img decoding=\"async\" src=\"https:\/\/jornaloassobio.pt\/wp-content\/plugins\/booster-extension\/\/assets\/icon\/sleepy.svg\" alt=\"Sleepy\">\r\n                    <\/a>\r\n                    <div class=\"twp-reaction-title\">\r\n                        Sleepy                    <\/div>\r\n                    <div class=\"twp-count-percent\">\r\n                                                    <span style=\"display: none;\" class=\"twp-react-count\">0<\/span>\r\n                        \r\n                                                <span class=\"twp-react-percent\"><span>0<\/span> %<\/span>\r\n                                            <\/div>\r\n                <\/div>\r\n\r\n                <div class=\"twp-reacts-wrap\">\r\n                    <a react-data=\"be-react-4\" post-id=\"650\" class=\"be-face-icons un-reacted\" href=\"javascript:void(0)\">\r\n                        <img decoding=\"async\" src=\"https:\/\/jornaloassobio.pt\/wp-content\/plugins\/booster-extension\/\/assets\/icon\/angry.svg\" alt=\"Angry\">\r\n                    <\/a>\r\n                    <div class=\"twp-reaction-title\">Angry<\/div>\r\n                    <div class=\"twp-count-percent\">\r\n                                                    <span style=\"display: none;\" class=\"twp-react-count\">0<\/span>\r\n                                                                        <span class=\"twp-react-percent\"><span>0<\/span> %<\/span>\r\n                        \r\n                    <\/div>\r\n                <\/div>\r\n\r\n                <div class=\"twp-reacts-wrap\">\r\n                    <a react-data=\"be-react-5\" post-id=\"650\" class=\"be-face-icons un-reacted\" href=\"javascript:void(0)\">\r\n                        <img decoding=\"async\" src=\"https:\/\/jornaloassobio.pt\/wp-content\/plugins\/booster-extension\/\/assets\/icon\/surprise.svg\" alt=\"Surprise\">\r\n                    <\/a>\r\n                    <div class=\"twp-reaction-title\">Surprise<\/div>\r\n                    <div class=\"twp-count-percent\">\r\n                                                    <span style=\"display: none;\" class=\"twp-react-count\">0<\/span>\r\n                                                                        <span class=\"twp-react-percent\"><span>0<\/span> %<\/span>\r\n                                            <\/div>\r\n                <\/div>\r\n\r\n            <\/div>\r\n        <\/div>\r\n\r\n    ","protected":false},"excerpt":{"rendered":"<p>Not\u00edcias do 7.\u00baB para _O Assobio_ \u00a0 \u00a0 O Parlamento dos Jovens no Ensino B\u00e1sico \u2013 PARTICIPA! O Parlamento dos Jovens \u00e9 um projeto com v\u00e1rias parecen\u00e7as ao trabalho dos deputados na Assembleia da Rep\u00fablica s\u00f3 que, em vez de ter deputados maiores de 18 anos, os deputados s\u00e3o jovens em idade escolar. Mas no [&hellip;]<\/p>\n","protected":false},"author":6,"featured_media":659,"comment_status":"open","ping_status":"open","sticky":false,"template":"","format":"standard","meta":{"footnotes":""},"categories":[4],"tags":[],"class_list":["post-650","post","type-post","status-publish","format-standard","has-post-thumbnail","hentry","category-noticias"],"_links":{"self":[{"href":"https:\/\/jornaloassobio.pt\/index.php?rest_route=\/wp\/v2\/posts\/650","targetHints":{"allow":["GET"]}}],"collection":[{"href":"https:\/\/jornaloassobio.pt\/index.php?rest_route=\/wp\/v2\/posts"}],"about":[{"href":"https:\/\/jornaloassobio.pt\/index.php?rest_route=\/wp\/v2\/types\/post"}],"author":[{"embeddable":true,"href":"https:\/\/jornaloassobio.pt\/index.php?rest_route=\/wp\/v2\/users\/6"}],"replies":[{"embeddable":true,"href":"https:\/\/jornaloassobio.pt\/index.php?rest_route=%2Fwp%2Fv2%2Fcomments&post=650"}],"version-history":[{"count":8,"href":"https:\/\/jornaloassobio.pt\/index.php?rest_route=\/wp\/v2\/posts\/650\/revisions"}],"predecessor-version":[{"id":879,"href":"https:\/\/jornaloassobio.pt\/index.php?rest_route=\/wp\/v2\/posts\/650\/revisions\/879"}],"wp:featuredmedia":[{"embeddable":true,"href":"https:\/\/jornaloassobio.pt\/index.php?rest_route=\/wp\/v2\/media\/659"}],"wp:attachment":[{"href":"https:\/\/jornaloassobio.pt\/index.php?rest_route=%2Fwp%2Fv2%2Fmedia&parent=650"}],"wp:term":[{"taxonomy":"category","embeddable":true,"href":"https:\/\/jornaloassobio.pt\/index.php?rest_route=%2Fwp%2Fv2%2Fcategories&post=650"},{"taxonomy":"post_tag","embeddable":true,"href":"https:\/\/jornaloassobio.pt\/index.php?rest_route=%2Fwp%2Fv2%2Ftags&post=650"}],"curies":[{"name":"wp","href":"https:\/\/api.w.org\/{rel}","templated":true}]}}