{"id":667,"date":"2023-11-24T17:00:49","date_gmt":"2023-11-24T17:00:49","guid":{"rendered":"https:\/\/jornaloassobio.pt\/?p=667"},"modified":"2023-11-26T18:36:45","modified_gmt":"2023-11-26T18:36:45","slug":"black-friday-ou-buy-nothing-day","status":"publish","type":"post","link":"https:\/\/jornaloassobio.pt\/?p=667","title":{"rendered":"BLACK FRIDAY OU BUY NOTHING DAY ?"},"content":{"rendered":"<div class='booster-block booster-read-block'>\r\n                <div class=\"twp-read-time\">\r\n                \t<i class=\"booster-icon twp-clock\"><\/i> <span>Read Time:<\/span>1 Minute, 47 Second                <\/div>\r\n\r\n            <\/div><p><img loading=\"lazy\" decoding=\"async\" class=\"alignleft\" src=\"https:\/\/blog.mountainroseherbs.com\/hs-fs\/hubfs\/Blog%20images\/Buy%20Nothing%20%20Day%20-%20PIN.jpg?width=600&amp;height=900&amp;name=Buy%20Nothing%20%20Day%20-%20PIN.jpg\" alt=\"Buy Nothing Day: A Stand Against Throw-Away Culture\" width=\"316\" height=\"474\" \/>O \u201cBuy Nothing Day\u201d ou &#8220;Dia de N\u00e3o Comprar Nada&#8221; \u00e9 celebrado tradicionalmente na quarta sexta-feira de novembro, no dia seguinte ao Dia de A\u00e7\u00e3o de Gra\u00e7as americano, para coincidir, estrategicamente, com a Black Friday, o dia onde as lojas oferecem grandes descontos e apelam ao consumo extremo.<\/p>\n<p>A iniciativa foi do artista Ted Dave, em 1992, com o intuito de alertar para o impacto do consumismo excessivo no meio ambiente.<\/p>\n<p>Os participantes deste evento comprometem-se a n\u00e3o comprar nada, durante 24 horas, como um ato de demonstra\u00e7\u00e3o do poder das pessoas, perante a sua condi\u00e7\u00e3o de consumidores.<\/p>\n<p>Black Friday (em portugu\u00eas, \u201csexta-feira negra\u201d) \u00e9 uma iniciativa comercial norte-americana, adotada, em Portugal, recentemente. Esta comemora\u00e7\u00e3o come\u00e7ou nos Estados Unidos e, com a ajuda das novas tecnologias e a promo\u00e7\u00e3o deste dia, por parte das diversas empresas, tem-se alargado ao resto do mundo. Celebra-se no dia seguinte \u00e0 quarta sexta-feira do m\u00eas de novembro e inaugura a temporada de compras natal\u00edcias, com significativas promo\u00e7\u00f5es, em muitas lojas retalhistas e grandes armaz\u00e9ns. Neste evento comercial, promovido por v\u00e1rias lojas f\u00edsicas e online, \u00e9 poss\u00edvel fazer compras a pre\u00e7os fora do normal, devido aos descontos oferecidos.<br \/>\nH\u00e1 vest\u00edgios de que a denomina\u00e7\u00e3o \u201csexta-feira negra\u201d surgiu no in\u00edcio dos anos 90 em Filad\u00e9lfia, quando a pol\u00edcia local chamava de Black Friday ao dia seguinte ao feriado de A\u00e7\u00e3o de Gra\u00e7as. Havia sempre muitas pessoas e congestionamentos enormes, j\u00e1 que a data abria o per\u00edodo de compras para o natal. Tamb\u00e9m passou a ser usado em 1966, por milhares de pessoas, em volta do mundo, mas s\u00f3 se tornou popular em 1975, quando o uso do termo passou a ser conhecido por meio de artigos publicados, em jornais, que abordavam a loucura, na cidade, durante o evento. Tamb\u00e9m j\u00e1 se referiu ao per\u00edodo de conforto financeiro para os retalhistas.<\/p>\n<p>Em contraponto, tamb\u00e9m se incentiva \u00e0 poupan\u00e7a, com a celebra\u00e7\u00e3o do &#8220;Dia de N\u00e3o Comprar Nada&#8221; que representa um apelo \u00e0 popula\u00e7\u00e3o para mudar os seus h\u00e1bitos de consumo, resistindo \u00e0s tenta\u00e7\u00f5es consumistas.<\/p>\n<p>https:\/\/www.google.com\/search?sca_esv=585092746&#038;rlz=1C1YTUH_pt-<\/p>\n        <div class=\"booster-block booster-reactions-block\">\r\n            <div class=\"twp-reactions-icons\">\r\n                \r\n                <div class=\"twp-reacts-wrap\">\r\n                    <a react-data=\"be-react-1\" post-id=\"667\" class=\"be-face-icons un-reacted\" href=\"javascript:void(0)\">\r\n                        <img decoding=\"async\" src=\"https:\/\/jornaloassobio.pt\/wp-content\/plugins\/booster-extension\/\/assets\/icon\/happy.svg\" alt=\"Happy\">\r\n                    <\/a>\r\n                    <div class=\"twp-reaction-title\">\r\n                        Happy                    <\/div>\r\n                    <div class=\"twp-count-percent\">\r\n                                                    <span style=\"display: none;\" class=\"twp-react-count\">0<\/span>\r\n                        \r\n                                                <span class=\"twp-react-percent\"><span>0<\/span> %<\/span>\r\n                                            <\/div>\r\n                <\/div>\r\n\r\n                <div class=\"twp-reacts-wrap\">\r\n                    <a react-data=\"be-react-2\" post-id=\"667\" class=\"be-face-icons un-reacted\" href=\"javascript:void(0)\">\r\n                        <img decoding=\"async\" src=\"https:\/\/jornaloassobio.pt\/wp-content\/plugins\/booster-extension\/\/assets\/icon\/sad.svg\" alt=\"Sad\">\r\n                    <\/a>\r\n                    <div class=\"twp-reaction-title\">\r\n                        Sad                    <\/div>\r\n                    <div class=\"twp-count-percent\">\r\n                                                    <span style=\"display: none;\" class=\"twp-react-count\">0<\/span>\r\n                                                                        <span class=\"twp-react-percent\"><span>0<\/span> %<\/span>\r\n                                            <\/div>\r\n                <\/div>\r\n\r\n                <div class=\"twp-reacts-wrap\">\r\n                    <a react-data=\"be-react-3\" post-id=\"667\" class=\"be-face-icons un-reacted\" href=\"javascript:void(0)\">\r\n                        <img decoding=\"async\" src=\"https:\/\/jornaloassobio.pt\/wp-content\/plugins\/booster-extension\/\/assets\/icon\/excited.svg\" alt=\"Excited\">\r\n                    <\/a>\r\n                    <div class=\"twp-reaction-title\">\r\n                        Excited                    <\/div>\r\n                    <div class=\"twp-count-percent\">\r\n                                                    <span style=\"display: none;\" class=\"twp-react-count\">0<\/span>\r\n                                                                        <span class=\"twp-react-percent\"><span>0<\/span> %<\/span>\r\n                                            <\/div>\r\n                <\/div>\r\n\r\n                <div class=\"twp-reacts-wrap\">\r\n                    <a react-data=\"be-react-6\" post-id=\"667\" class=\"be-face-icons un-reacted\" href=\"javascript:void(0)\">\r\n                        <img decoding=\"async\" src=\"https:\/\/jornaloassobio.pt\/wp-content\/plugins\/booster-extension\/\/assets\/icon\/sleepy.svg\" alt=\"Sleepy\">\r\n                    <\/a>\r\n                    <div class=\"twp-reaction-title\">\r\n                        Sleepy                    <\/div>\r\n                    <div class=\"twp-count-percent\">\r\n                                                    <span style=\"display: none;\" class=\"twp-react-count\">0<\/span>\r\n                        \r\n                                                <span class=\"twp-react-percent\"><span>0<\/span> %<\/span>\r\n                                            <\/div>\r\n                <\/div>\r\n\r\n                <div class=\"twp-reacts-wrap\">\r\n                    <a react-data=\"be-react-4\" post-id=\"667\" class=\"be-face-icons un-reacted\" href=\"javascript:void(0)\">\r\n                        <img decoding=\"async\" src=\"https:\/\/jornaloassobio.pt\/wp-content\/plugins\/booster-extension\/\/assets\/icon\/angry.svg\" alt=\"Angry\">\r\n                    <\/a>\r\n                    <div class=\"twp-reaction-title\">Angry<\/div>\r\n                    <div class=\"twp-count-percent\">\r\n                                                    <span style=\"display: none;\" class=\"twp-react-count\">0<\/span>\r\n                                                                        <span class=\"twp-react-percent\"><span>0<\/span> %<\/span>\r\n                        \r\n                    <\/div>\r\n                <\/div>\r\n\r\n                <div class=\"twp-reacts-wrap\">\r\n                    <a react-data=\"be-react-5\" post-id=\"667\" class=\"be-face-icons un-reacted\" href=\"javascript:void(0)\">\r\n                        <img decoding=\"async\" src=\"https:\/\/jornaloassobio.pt\/wp-content\/plugins\/booster-extension\/\/assets\/icon\/surprise.svg\" alt=\"Surprise\">\r\n                    <\/a>\r\n                    <div class=\"twp-reaction-title\">Surprise<\/div>\r\n                    <div class=\"twp-count-percent\">\r\n                                                    <span style=\"display: none;\" class=\"twp-react-count\">0<\/span>\r\n                                                                        <span class=\"twp-react-percent\"><span>0<\/span> %<\/span>\r\n                                            <\/div>\r\n                <\/div>\r\n\r\n            <\/div>\r\n        <\/div>\r\n\r\n    ","protected":false},"excerpt":{"rendered":"<p>O \u201cBuy Nothing Day\u201d ou &#8220;Dia de N\u00e3o Comprar Nada&#8221; \u00e9 celebrado tradicionalmente na quarta sexta-feira de novembro, no dia seguinte ao Dia de A\u00e7\u00e3o de Gra\u00e7as americano, para coincidir, estrategicamente, com a Black Friday, o dia onde as lojas oferecem grandes descontos e apelam ao consumo extremo. A iniciativa foi do artista Ted Dave, [&hellip;]<\/p>\n","protected":false},"author":6,"featured_media":672,"comment_status":"open","ping_status":"open","sticky":false,"template":"","format":"standard","meta":{"footnotes":""},"categories":[4],"tags":[],"class_list":["post-667","post","type-post","status-publish","format-standard","has-post-thumbnail","hentry","category-noticias"],"_links":{"self":[{"href":"https:\/\/jornaloassobio.pt\/index.php?rest_route=\/wp\/v2\/posts\/667","targetHints":{"allow":["GET"]}}],"collection":[{"href":"https:\/\/jornaloassobio.pt\/index.php?rest_route=\/wp\/v2\/posts"}],"about":[{"href":"https:\/\/jornaloassobio.pt\/index.php?rest_route=\/wp\/v2\/types\/post"}],"author":[{"embeddable":true,"href":"https:\/\/jornaloassobio.pt\/index.php?rest_route=\/wp\/v2\/users\/6"}],"replies":[{"embeddable":true,"href":"https:\/\/jornaloassobio.pt\/index.php?rest_route=%2Fwp%2Fv2%2Fcomments&post=667"}],"version-history":[{"count":3,"href":"https:\/\/jornaloassobio.pt\/index.php?rest_route=\/wp\/v2\/posts\/667\/revisions"}],"predecessor-version":[{"id":674,"href":"https:\/\/jornaloassobio.pt\/index.php?rest_route=\/wp\/v2\/posts\/667\/revisions\/674"}],"wp:featuredmedia":[{"embeddable":true,"href":"https:\/\/jornaloassobio.pt\/index.php?rest_route=\/wp\/v2\/media\/672"}],"wp:attachment":[{"href":"https:\/\/jornaloassobio.pt\/index.php?rest_route=%2Fwp%2Fv2%2Fmedia&parent=667"}],"wp:term":[{"taxonomy":"category","embeddable":true,"href":"https:\/\/jornaloassobio.pt\/index.php?rest_route=%2Fwp%2Fv2%2Fcategories&post=667"},{"taxonomy":"post_tag","embeddable":true,"href":"https:\/\/jornaloassobio.pt\/index.php?rest_route=%2Fwp%2Fv2%2Ftags&post=667"}],"curies":[{"name":"wp","href":"https:\/\/api.w.org\/{rel}","templated":true}]}}