{"id":686,"date":"2023-11-28T09:41:45","date_gmt":"2023-11-28T09:41:45","guid":{"rendered":"https:\/\/jornaloassobio.pt\/?p=686"},"modified":"2023-11-30T14:57:08","modified_gmt":"2023-11-30T14:57:08","slug":"a-moda-e-a-personalidade","status":"publish","type":"post","link":"https:\/\/jornaloassobio.pt\/?p=686","title":{"rendered":"O PODER DA MODA"},"content":{"rendered":"<div class='booster-block booster-read-block'>\r\n                <div class=\"twp-read-time\">\r\n                \t<i class=\"booster-icon twp-clock\"><\/i> <span>Read Time:<\/span>5 Minute, 33 Second                <\/div>\r\n\r\n            <\/div><p><img loading=\"lazy\" decoding=\"async\" class=\"size-medium wp-image-697 alignright\" src=\"https:\/\/jornaloassobio.pt\/wp-content\/uploads\/2023\/11\/IMG_4315-300x200.jpg\" alt=\"\" width=\"300\" height=\"200\" srcset=\"https:\/\/jornaloassobio.pt\/wp-content\/uploads\/2023\/11\/IMG_4315-300x200.jpg 300w, https:\/\/jornaloassobio.pt\/wp-content\/uploads\/2023\/11\/IMG_4315-768x512.jpg 768w, https:\/\/jornaloassobio.pt\/wp-content\/uploads\/2023\/11\/IMG_4315.jpg 1000w\" sizes=\"auto, (max-width: 300px) 100vw, 300px\" \/><\/p>\n<p>Desde a pr\u00e9-hist\u00f3ria que os seres humanos usam roupa para cobrirem o corpo, mas, conforme a sociedade evoluiu, a moda tornou-se um dos <em>status<\/em> mais <strong>poderosos<\/strong>! A nobreza e a coroa usavam roupas extravagantes e bem trabalhadas, com tecidos caros; j\u00e1 a popula\u00e7\u00e3o usava roupas mais simples.<\/p>\n<p>Com o desenvolvimento da sociedade, a moda passou a significar mais do que apenas um <em>status<\/em>. Atualmente, a moda tenta permitir que as pessoas se <strong>expressem<\/strong> e mostrem as suas personalidades por meio do vestu\u00e1rio, para al\u00e9m do poder que pode oferecer.<\/p>\n<p>Apesar do que muitos possam pensar, a moda \u00e9 um fen\u00f3meno sociocultural ofuscado pela ideia preconceituosa que liga a moda com a <strong>futilidade<\/strong>, principalmente a moda feminina. A moda faz parte da <strong>cultura<\/strong>, da hist\u00f3ria! Por exemplo, o estilo <strong>hippie<\/strong>, utilizado como forma de protesto contra o sistema governamental nos anos 60 e 70. A moda \u00e9 uma arte t\u00e3o linda e respeitosa como a m\u00fasica, o teatro, o cinema ou a pintura, mas poucos a veem assim; n\u00e3o \u00e9 f\u00fatil, \u00e9 algo <strong>profundo e culto<\/strong>, por vezes dif\u00edcil de perceber, tal como qualquer outra arte. \u00c9 um conjunto de cren\u00e7as, viv\u00eancias, etnias, religi\u00f5es, sentimentos e ideais, tal como qualquer outra arte.\u00a0\u201c<em>A moda \u00e9 celebrada no museu e relegada para a antec\u00e2mara das preocupa\u00e7\u00f5es intelectuais reais, est\u00e1 em toda a parte: na rua, na ind\u00fastria e nos media, e quase n\u00e3o aparece na interroga\u00e7\u00e3o te\u00f3rica das cabe\u00e7as pensantes<\/em>\u201d \u2013 Lipovetsky.<\/p>\n<p>N\u00e3o s\u00f3 os estilistas e os designers sabem o poder que a moda pode ter, outras celebridades tamb\u00e9m se apercebem disso, como o poeta e romancista <strong>Jean Cocteau<\/strong> que uma vez disse: \u201c<em>O estilo \u00e9 uma maneira muito simples de dizer coisas complicadas<\/em>\u201d; ou o ic\u00f3nico fot\u00f3grafo <strong>Bill Cunningham<\/strong> &#8211; \u201c<em>A moda \u00e9 a armadura para sobreviver \u00e0 vida quotidiana<\/em>\u201d.<\/p>\n<p>N\u00e3o existe o certo e o errado na moda, existem apenas estilos, corpos e viv\u00eancias diferentes, que devem ser <strong>respeitados<\/strong> e apreciados, apesar de nem sempre assim ser. As pessoas tendem a imaginar a moda apenas como algo extravagante e caro, mas a verdade \u00e9 que, atualmente, a moda e o estilo est\u00e3o muito mais al\u00e9m daquilo que podemos ou n\u00e3o comprar, do dinheiro que temos\u2026 ou n\u00e3o\u2026 j\u00e1 que \u201co<em>\u00a0dinheiro ajuda a tomar o pequeno-almo\u00e7o na cama. O estilo ajuda a descer as escadas.<\/em>\u201d &#8211;<strong>Diana Vreeland<\/strong><\/p>\n<p>As roupas criadas e vendidas nas lojas t\u00eam como principal objetivo fazer com que quem as vista se sinta bem, <strong>confiante<\/strong> e representado naquilo que veste, por mais ousado ou estranho que seja aos olhos dos outros. <em>\u201cPara ser insubstitu\u00edvel, deve ser-se sempre diferente.\u201d \u2013 <\/em><strong>Coco Chanel<\/strong><em>. <\/em><\/p>\n<p>Apesar da moda e o estilo andarem de m\u00e3os dadas, n\u00e3o s\u00e3o, de longe, a mesma coisa. A <strong>moda<\/strong> \u00e9 mais do que o que vestimos, \u00e9 uma forma de transmitir os valores e as cren\u00e7as de cada indiv\u00edduo. Apesar da maioria das pessoas pensar apenas no <em>glamour<\/em> das passarelas das grandes marcas, a Moda \u00e9 todo o processo criativo desde a inten\u00e7\u00e3o por detr\u00e1s da pe\u00e7a ou cole\u00e7\u00e3o at\u00e9 mesmo \u00e0 loja onde a roupa \u00e9 vendida. J\u00e1 o <strong>estilo<\/strong> \u00e9 algo individual do ser humano, n\u00e3o \u00e9 definido somente por roupas, mas tamb\u00e9m pela personalidade e gostos. Como disse <strong>Coco Chanel<\/strong>: \u201cA <em>moda passa, o estilo permanece<\/em>\u201d ou a designer italiana <strong>Miuccia Prada<\/strong>: \u201c<em>O que vestes \u00e9 a forma como te apresentas ao mundo, principalmente hoje, quando os contactos humanos s\u00e3o t\u00e3o r\u00e1pidos. A moda \u00e9 uma linguagem instant\u00e2nea.<\/em>\u201d<\/p>\n<p><img loading=\"lazy\" decoding=\"async\" class=\"wp-image-694 alignleft\" src=\"https:\/\/jornaloassobio.pt\/wp-content\/uploads\/2023\/11\/IMG_4313-300x200.jpg\" alt=\"\" width=\"401\" height=\"267\" srcset=\"https:\/\/jornaloassobio.pt\/wp-content\/uploads\/2023\/11\/IMG_4313-300x200.jpg 300w, https:\/\/jornaloassobio.pt\/wp-content\/uploads\/2023\/11\/IMG_4313-768x512.jpg 768w, https:\/\/jornaloassobio.pt\/wp-content\/uploads\/2023\/11\/IMG_4313.jpg 960w\" sizes=\"auto, (max-width: 401px) 100vw, 401px\" \/><\/p>\n<p><img loading=\"lazy\" decoding=\"async\" class=\"wp-image-696 alignright\" src=\"https:\/\/jornaloassobio.pt\/wp-content\/uploads\/2023\/11\/IMG_4314-225x300.jpg\" alt=\"\" width=\"213\" height=\"284\" srcset=\"https:\/\/jornaloassobio.pt\/wp-content\/uploads\/2023\/11\/IMG_4314-225x300.jpg 225w, https:\/\/jornaloassobio.pt\/wp-content\/uploads\/2023\/11\/IMG_4314-768x1024.jpg 768w, https:\/\/jornaloassobio.pt\/wp-content\/uploads\/2023\/11\/IMG_4314-1152x1536.jpg 1152w, https:\/\/jornaloassobio.pt\/wp-content\/uploads\/2023\/11\/IMG_4314.jpg 1200w\" sizes=\"auto, (max-width: 213px) 100vw, 213px\" \/><\/p>\n<p>De qualquer forma, a moda n\u00e3o \u00e9 apenas palavras bonitas, confian\u00e7a e empoderamento. Tal como foi referido anteriormente, existe todo um <strong>processo criativo<\/strong> por detr\u00e1s das roupas que vestimos ou que as celebridades vestem. Sejam roupas casuais que podemos comprar em qualquer tipo de loja ou roupas t\u00e3o extravagantes que parecem imposs\u00edveis de usar fora de uma passarela, o processo criativo \u2013 por muito curto, longo, simples ou complexo que seja \u2013 \u00e9 imprescind\u00edvel.<\/p>\n<p>O processo criativo de uma pe\u00e7a ou cole\u00e7\u00e3o come\u00e7a sempre no simples sentimento, acontecimento ou objetivo que originou a ideia. Ap\u00f3s o processo criativo (que pode ser tanto individual como em equipa), come\u00e7a o <strong>processo de cria\u00e7\u00e3o<\/strong>, que, de acordo com a <strong>dimens\u00e3o<\/strong> da marca\/empresa passa por diferentes pessoas com diferentes tarefas. Algumas pessoas n\u00e3o t\u00eam a menor no\u00e7\u00e3o do qu\u00e3o grande, caro e demorado pode ser este processo e de quantas pessoas podem ser necess\u00e1rias, mas j\u00e1 dizia <strong>Pierre Cardin<\/strong>: \u201c<em>Um mundo sem a moda seria cinzento e triste, e milh\u00f5es de pessoas n\u00e3o teriam do que viver.<\/em>\u201d<\/p>\n<p>O processo de cria\u00e7\u00e3o inclui v\u00e1rios profissionais:<\/p>\n<ul>\n<li>os <strong>estilistas<\/strong>, que desenvolvem estilos de roupas e acess\u00f3rios ao desenharem cole\u00e7\u00f5es, <em>croquis<\/em> e participarem na organiza\u00e7\u00e3o do desfile;<\/li>\n<li>os <strong>designers<\/strong>, respons\u00e1veis por criar, desenhar, desenvolver e administrar processos no setor da moda, nas diferentes etapas de realiza\u00e7\u00e3o de um produto, que v\u00e3o al\u00e9m da fabrica\u00e7\u00e3o t\u00eaxtil, trabalhando com os estilistas e <strong>modelistas<\/strong>, respons\u00e1veis por criar os moldes e padr\u00f5es que servem como base para a produ\u00e7\u00e3o das roupas, iniciando o processo de materializa\u00e7\u00e3o das cria\u00e7\u00f5es;<\/li>\n<li>os <strong>costureiros,<\/strong> que d\u00e3o vida \u00e0s roupas, utilizando apenas instrumentos comuns de costura ou m\u00e1quinas de costura.<\/li>\n<\/ul>\n<p>Todo o processo \u00e9 liderado pelo <strong>diretor criativo<\/strong> da marca\/cole\u00e7\u00e3o, que atua desde a constru\u00e7\u00e3o da imagem da marca, passando pelo produto at\u00e9 ao lan\u00e7amento e ao ponto de vendas, sendo o fator integrador da identidade da marca e da forma como ela se comunica com o seu p\u00fablico-alvo atrav\u00e9s de campanhas, desfiles, produtos, linhas exclusivas, linhas de expans\u00e3o, etc.<\/p>\n<p>Dentro do processo de cria\u00e7\u00e3o, existem v\u00e1rias fun\u00e7\u00f5es. O mundo da moda, a ind\u00fastria da moda, \u00e9 muito <strong>abrangente<\/strong>, de tal forma que h\u00e1 <strong>muitos trabalhos<\/strong> para al\u00e9m dos que se encaixam no processo de cria\u00e7\u00e3o de uma cole\u00e7\u00e3o, como um <strong>figurinista<\/strong>, por exemplo.<\/p>\n<p>Com tudo isto, a minha inten\u00e7\u00e3o \u00e9 mostrar que a moda est\u00e1 muito para al\u00e9m do que os outros pensam. A moda \u00e9 algo <strong>complexo, \u00e9 arte, \u00e9 cultura, \u00e9 algo dif\u00edcil de fazer e que, muitas vezes, pode ser confuso<\/strong> e talvez seja por isso que as pessoas tendem a ter um certo preconceito. A moda n\u00e3o \u00e9 algo previs\u00edvel, tal como qualquer outra arte, mas ao que parece as pessoas n\u00e3o querem perder tempo a tentar entend\u00ea-la.<\/p>\n<p>Para mim, o fator <strong>surpresa<\/strong> \u00e9 o melhor que existe na moda! \u201c<em>Uma coisa interessante da moda \u00e9 o elemento surpresa. As pessoas n\u00e3o sabem o que querem. Elas s\u00f3 sabem quando a veem.<\/em>\u201d &#8211; <strong>Marc Jacobs<\/strong>.<\/p>\n<p>https:\/\/www.revistacontemporaneos.com.br \u203a articulistas<\/p>\n<p><a href=\"https:\/\/blog.oscarcalcados.com.br\/o-que-e-moda\">https:\/\/blog.oscarcalcados.com.br\/o-que-e-moda<\/a><\/p>\n<p><em>\u201cA Exposi\u00e7\u00e3o de Moda \u2013 um encontro cultural entre o museu, a comunica\u00e7\u00e3o e a sociedade contempor\u00e2nea\u201d<\/em> \u2013 por Carolina Carvalho.<\/p>\n<p style=\"text-align: right;\"><strong>In\u00eas Rebocho<\/strong><\/p>\n<p>&nbsp;<\/p>\n<p>&nbsp;<\/p>\n<p>&nbsp;<\/p>\n<p>&nbsp;<\/p>\n        <div class=\"booster-block booster-reactions-block\">\r\n            <div class=\"twp-reactions-icons\">\r\n                \r\n                <div class=\"twp-reacts-wrap\">\r\n                    <a react-data=\"be-react-1\" post-id=\"686\" class=\"be-face-icons un-reacted\" href=\"javascript:void(0)\">\r\n                        <img decoding=\"async\" src=\"https:\/\/jornaloassobio.pt\/wp-content\/plugins\/booster-extension\/\/assets\/icon\/happy.svg\" alt=\"Happy\">\r\n                    <\/a>\r\n                    <div class=\"twp-reaction-title\">\r\n                        Happy                    <\/div>\r\n                    <div class=\"twp-count-percent\">\r\n                                                    <span style=\"display: none;\" class=\"twp-react-count\">4<\/span>\r\n                        \r\n                                                <span class=\"twp-react-percent\"><span>57<\/span> %<\/span>\r\n                                            <\/div>\r\n                <\/div>\r\n\r\n                <div class=\"twp-reacts-wrap\">\r\n                    <a react-data=\"be-react-2\" post-id=\"686\" class=\"be-face-icons un-reacted\" href=\"javascript:void(0)\">\r\n                        <img decoding=\"async\" src=\"https:\/\/jornaloassobio.pt\/wp-content\/plugins\/booster-extension\/\/assets\/icon\/sad.svg\" alt=\"Sad\">\r\n                    <\/a>\r\n                    <div class=\"twp-reaction-title\">\r\n                        Sad                    <\/div>\r\n                    <div class=\"twp-count-percent\">\r\n                                                    <span style=\"display: none;\" class=\"twp-react-count\">0<\/span>\r\n                                                                        <span class=\"twp-react-percent\"><span>0<\/span> %<\/span>\r\n                                            <\/div>\r\n                <\/div>\r\n\r\n                <div class=\"twp-reacts-wrap\">\r\n                    <a react-data=\"be-react-3\" post-id=\"686\" class=\"be-face-icons un-reacted\" href=\"javascript:void(0)\">\r\n                        <img decoding=\"async\" src=\"https:\/\/jornaloassobio.pt\/wp-content\/plugins\/booster-extension\/\/assets\/icon\/excited.svg\" alt=\"Excited\">\r\n                    <\/a>\r\n                    <div class=\"twp-reaction-title\">\r\n                        Excited                    <\/div>\r\n                    <div class=\"twp-count-percent\">\r\n                                                    <span style=\"display: none;\" class=\"twp-react-count\">3<\/span>\r\n                                                                        <span class=\"twp-react-percent\"><span>43<\/span> %<\/span>\r\n                                            <\/div>\r\n                <\/div>\r\n\r\n                <div class=\"twp-reacts-wrap\">\r\n                    <a react-data=\"be-react-6\" post-id=\"686\" class=\"be-face-icons un-reacted\" href=\"javascript:void(0)\">\r\n                        <img decoding=\"async\" src=\"https:\/\/jornaloassobio.pt\/wp-content\/plugins\/booster-extension\/\/assets\/icon\/sleepy.svg\" alt=\"Sleepy\">\r\n                    <\/a>\r\n                    <div class=\"twp-reaction-title\">\r\n                        Sleepy                    <\/div>\r\n                    <div class=\"twp-count-percent\">\r\n                                                    <span style=\"display: none;\" class=\"twp-react-count\">0<\/span>\r\n                        \r\n                                                <span class=\"twp-react-percent\"><span>0<\/span> %<\/span>\r\n                                            <\/div>\r\n                <\/div>\r\n\r\n                <div class=\"twp-reacts-wrap\">\r\n                    <a react-data=\"be-react-4\" post-id=\"686\" class=\"be-face-icons un-reacted\" href=\"javascript:void(0)\">\r\n                        <img decoding=\"async\" src=\"https:\/\/jornaloassobio.pt\/wp-content\/plugins\/booster-extension\/\/assets\/icon\/angry.svg\" alt=\"Angry\">\r\n                    <\/a>\r\n                    <div class=\"twp-reaction-title\">Angry<\/div>\r\n                    <div class=\"twp-count-percent\">\r\n                                                    <span style=\"display: none;\" class=\"twp-react-count\">0<\/span>\r\n                                                                        <span class=\"twp-react-percent\"><span>0<\/span> %<\/span>\r\n                        \r\n                    <\/div>\r\n                <\/div>\r\n\r\n                <div class=\"twp-reacts-wrap\">\r\n                    <a react-data=\"be-react-5\" post-id=\"686\" class=\"be-face-icons un-reacted\" href=\"javascript:void(0)\">\r\n                        <img decoding=\"async\" src=\"https:\/\/jornaloassobio.pt\/wp-content\/plugins\/booster-extension\/\/assets\/icon\/surprise.svg\" alt=\"Surprise\">\r\n                    <\/a>\r\n                    <div class=\"twp-reaction-title\">Surprise<\/div>\r\n                    <div class=\"twp-count-percent\">\r\n                                                    <span style=\"display: none;\" class=\"twp-react-count\">0<\/span>\r\n                                                                        <span class=\"twp-react-percent\"><span>0<\/span> %<\/span>\r\n                                            <\/div>\r\n                <\/div>\r\n\r\n            <\/div>\r\n        <\/div>\r\n\r\n    ","protected":false},"excerpt":{"rendered":"<p>Desde a pr\u00e9-hist\u00f3ria que os seres humanos usam roupa para cobrirem o corpo, mas, conforme a sociedade evoluiu, a moda tornou-se um dos status mais poderosos! A nobreza e a coroa usavam roupas extravagantes e bem trabalhadas, com tecidos caros; j\u00e1 a popula\u00e7\u00e3o usava roupas mais simples. Com o desenvolvimento da sociedade, a moda passou [&hellip;]<\/p>\n","protected":false},"author":6,"featured_media":697,"comment_status":"open","ping_status":"open","sticky":false,"template":"","format":"standard","meta":{"footnotes":""},"categories":[4],"tags":[],"class_list":["post-686","post","type-post","status-publish","format-standard","has-post-thumbnail","hentry","category-noticias"],"_links":{"self":[{"href":"https:\/\/jornaloassobio.pt\/index.php?rest_route=\/wp\/v2\/posts\/686","targetHints":{"allow":["GET"]}}],"collection":[{"href":"https:\/\/jornaloassobio.pt\/index.php?rest_route=\/wp\/v2\/posts"}],"about":[{"href":"https:\/\/jornaloassobio.pt\/index.php?rest_route=\/wp\/v2\/types\/post"}],"author":[{"embeddable":true,"href":"https:\/\/jornaloassobio.pt\/index.php?rest_route=\/wp\/v2\/users\/6"}],"replies":[{"embeddable":true,"href":"https:\/\/jornaloassobio.pt\/index.php?rest_route=%2Fwp%2Fv2%2Fcomments&post=686"}],"version-history":[{"count":10,"href":"https:\/\/jornaloassobio.pt\/index.php?rest_route=\/wp\/v2\/posts\/686\/revisions"}],"predecessor-version":[{"id":706,"href":"https:\/\/jornaloassobio.pt\/index.php?rest_route=\/wp\/v2\/posts\/686\/revisions\/706"}],"wp:featuredmedia":[{"embeddable":true,"href":"https:\/\/jornaloassobio.pt\/index.php?rest_route=\/wp\/v2\/media\/697"}],"wp:attachment":[{"href":"https:\/\/jornaloassobio.pt\/index.php?rest_route=%2Fwp%2Fv2%2Fmedia&parent=686"}],"wp:term":[{"taxonomy":"category","embeddable":true,"href":"https:\/\/jornaloassobio.pt\/index.php?rest_route=%2Fwp%2Fv2%2Fcategories&post=686"},{"taxonomy":"post_tag","embeddable":true,"href":"https:\/\/jornaloassobio.pt\/index.php?rest_route=%2Fwp%2Fv2%2Ftags&post=686"}],"curies":[{"name":"wp","href":"https:\/\/api.w.org\/{rel}","templated":true}]}}