{"id":708,"date":"2023-11-30T10:28:55","date_gmt":"2023-11-30T10:28:55","guid":{"rendered":"https:\/\/jornaloassobio.pt\/?p=708"},"modified":"2023-11-30T15:24:20","modified_gmt":"2023-11-30T15:24:20","slug":"sindrome-do-compostor","status":"publish","type":"post","link":"https:\/\/jornaloassobio.pt\/?p=708","title":{"rendered":"&#8220;S\u00cdNDROME&#8221; DO COMPOSTOR"},"content":{"rendered":"<div class='booster-block booster-read-block'>\r\n                <div class=\"twp-read-time\">\r\n                \t<i class=\"booster-icon twp-clock\"><\/i> <span>Read Time:<\/span>35 Second                <\/div>\r\n\r\n            <\/div><p>&nbsp;<\/p>\n<p>&nbsp;<\/p>\n<p><img loading=\"lazy\" decoding=\"async\" class=\"\" src=\"https:\/\/gesamb.pt\/wp-content\/uploads\/2022\/01\/img-list_MC_19.11-1100x619.png\" alt=\"H\u00e1 um novo projeto no distrito de \u00c9vora que vai transformar as cascas do lixo em solidariedade \u2013 Gesamb\" width=\"509\" height=\"287\" \/><img loading=\"lazy\" decoding=\"async\" class=\"alignnone\" src=\"https:\/\/jornalismosocioambiental.files.wordpress.com\/2023\/07\/whatsapp_image_2021-07-01_at_10.17.06.jpeg\" alt=\"Projeto de compostagem beneficia escolas e comunidades no Estado do Rio de Janeiro \u2013 AMBIENTE DO MEIO \u00ae\" width=\"332\" height=\"397\" \/><\/p>\n<p>&nbsp;<\/p>\n<p>Segundo\u00a0 informa\u00e7\u00e3o oriunda da C\u00e2mara Municipal de \u00c9vora, no \u00e2mbito do <strong>Projeto Miss\u00e3o Cascas Solid\u00e1rias<\/strong>, o Munic\u00edpio de \u00c9vora recebeu <strong>compostores dom\u00e9sticos<\/strong> para serem distribu\u00eddos \u00e0 popula\u00e7\u00e3o.<\/p>\n<p>Os compostores dom\u00e9sticos podem ser entregues gratuitamente a quem tenha resid\u00eancia no Concelho de \u00c9vora, bem como espa\u00e7o em terra para a sua instala\u00e7\u00e3o. Os mesmos destinam-se a colocar os biorres\u00edduos (org\u00e2nicos), resultantes da prepara\u00e7\u00e3o das refei\u00e7\u00f5es, com o objetivo da sua valoriza\u00e7\u00e3o atrav\u00e9s da compostagem.<\/p>\n<p>Neste sentido, quem estiver interessado em receber o compostor dever\u00e1 contactar a CME atrav\u00e9s deste n\u00famero:\u00a0<strong>266\u00a0777\u00a0181<\/strong>.<\/p>\n<p>No ato da entrega do compostor, ser\u00e1, tamb\u00e9m, facultada informa\u00e7\u00e3o \u00fatil para a sua correta utiliza\u00e7\u00e3o.<\/p>\n<p><a href=\"https:\/\/jornaloassobio.pt\/wp-content\/uploads\/2023\/11\/DC_Informacao-Compostores-Escolas.pdf\">DC_Informa\u00e7\u00e3o Compostores Escolas<\/a><\/p>\n<p>&nbsp;<\/p>\n        <div class=\"booster-block booster-reactions-block\">\r\n            <div class=\"twp-reactions-icons\">\r\n                \r\n                <div class=\"twp-reacts-wrap\">\r\n                    <a react-data=\"be-react-1\" post-id=\"708\" class=\"be-face-icons un-reacted\" href=\"javascript:void(0)\">\r\n                        <img decoding=\"async\" src=\"https:\/\/jornaloassobio.pt\/wp-content\/plugins\/booster-extension\/\/assets\/icon\/happy.svg\" alt=\"Happy\">\r\n                    <\/a>\r\n                    <div class=\"twp-reaction-title\">\r\n                        Happy                    <\/div>\r\n                    <div class=\"twp-count-percent\">\r\n                                                    <span style=\"display: none;\" class=\"twp-react-count\">0<\/span>\r\n                        \r\n                                                <span class=\"twp-react-percent\"><span>0<\/span> %<\/span>\r\n                                            <\/div>\r\n                <\/div>\r\n\r\n                <div class=\"twp-reacts-wrap\">\r\n                    <a react-data=\"be-react-2\" post-id=\"708\" class=\"be-face-icons un-reacted\" href=\"javascript:void(0)\">\r\n                        <img decoding=\"async\" src=\"https:\/\/jornaloassobio.pt\/wp-content\/plugins\/booster-extension\/\/assets\/icon\/sad.svg\" alt=\"Sad\">\r\n                    <\/a>\r\n                    <div class=\"twp-reaction-title\">\r\n                        Sad                    <\/div>\r\n                    <div class=\"twp-count-percent\">\r\n                                                    <span style=\"display: none;\" class=\"twp-react-count\">0<\/span>\r\n                                                                        <span class=\"twp-react-percent\"><span>0<\/span> %<\/span>\r\n                                            <\/div>\r\n                <\/div>\r\n\r\n                <div class=\"twp-reacts-wrap\">\r\n                    <a react-data=\"be-react-3\" post-id=\"708\" class=\"be-face-icons un-reacted\" href=\"javascript:void(0)\">\r\n                        <img decoding=\"async\" src=\"https:\/\/jornaloassobio.pt\/wp-content\/plugins\/booster-extension\/\/assets\/icon\/excited.svg\" alt=\"Excited\">\r\n                    <\/a>\r\n                    <div class=\"twp-reaction-title\">\r\n                        Excited                    <\/div>\r\n                    <div class=\"twp-count-percent\">\r\n                                                    <span style=\"display: none;\" class=\"twp-react-count\">0<\/span>\r\n                                                                        <span class=\"twp-react-percent\"><span>0<\/span> %<\/span>\r\n                                            <\/div>\r\n                <\/div>\r\n\r\n                <div class=\"twp-reacts-wrap\">\r\n                    <a react-data=\"be-react-6\" post-id=\"708\" class=\"be-face-icons un-reacted\" href=\"javascript:void(0)\">\r\n                        <img decoding=\"async\" src=\"https:\/\/jornaloassobio.pt\/wp-content\/plugins\/booster-extension\/\/assets\/icon\/sleepy.svg\" alt=\"Sleepy\">\r\n                    <\/a>\r\n                    <div class=\"twp-reaction-title\">\r\n                        Sleepy                    <\/div>\r\n                    <div class=\"twp-count-percent\">\r\n                                                    <span style=\"display: none;\" class=\"twp-react-count\">0<\/span>\r\n                        \r\n                                                <span class=\"twp-react-percent\"><span>0<\/span> %<\/span>\r\n                                            <\/div>\r\n                <\/div>\r\n\r\n                <div class=\"twp-reacts-wrap\">\r\n                    <a react-data=\"be-react-4\" post-id=\"708\" class=\"be-face-icons un-reacted\" href=\"javascript:void(0)\">\r\n                        <img decoding=\"async\" src=\"https:\/\/jornaloassobio.pt\/wp-content\/plugins\/booster-extension\/\/assets\/icon\/angry.svg\" alt=\"Angry\">\r\n                    <\/a>\r\n                    <div class=\"twp-reaction-title\">Angry<\/div>\r\n                    <div class=\"twp-count-percent\">\r\n                                                    <span style=\"display: none;\" class=\"twp-react-count\">0<\/span>\r\n                                                                        <span class=\"twp-react-percent\"><span>0<\/span> %<\/span>\r\n                        \r\n                    <\/div>\r\n                <\/div>\r\n\r\n                <div class=\"twp-reacts-wrap\">\r\n                    <a react-data=\"be-react-5\" post-id=\"708\" class=\"be-face-icons un-reacted\" href=\"javascript:void(0)\">\r\n                        <img decoding=\"async\" src=\"https:\/\/jornaloassobio.pt\/wp-content\/plugins\/booster-extension\/\/assets\/icon\/surprise.svg\" alt=\"Surprise\">\r\n                    <\/a>\r\n                    <div class=\"twp-reaction-title\">Surprise<\/div>\r\n                    <div class=\"twp-count-percent\">\r\n                                                    <span style=\"display: none;\" class=\"twp-react-count\">0<\/span>\r\n                                                                        <span class=\"twp-react-percent\"><span>0<\/span> %<\/span>\r\n                                            <\/div>\r\n                <\/div>\r\n\r\n            <\/div>\r\n        <\/div>\r\n\r\n    ","protected":false},"excerpt":{"rendered":"<p>&nbsp; &nbsp; &nbsp; Segundo\u00a0 informa\u00e7\u00e3o oriunda da C\u00e2mara Municipal de \u00c9vora, no \u00e2mbito do Projeto Miss\u00e3o Cascas Solid\u00e1rias, o Munic\u00edpio de \u00c9vora recebeu compostores dom\u00e9sticos para serem distribu\u00eddos \u00e0 popula\u00e7\u00e3o. Os compostores dom\u00e9sticos podem ser entregues gratuitamente a quem tenha resid\u00eancia no Concelho de \u00c9vora, bem como espa\u00e7o em terra para a sua instala\u00e7\u00e3o. Os [&hellip;]<\/p>\n","protected":false},"author":6,"featured_media":738,"comment_status":"open","ping_status":"open","sticky":false,"template":"","format":"standard","meta":{"footnotes":""},"categories":[4],"tags":[],"class_list":["post-708","post","type-post","status-publish","format-standard","has-post-thumbnail","hentry","category-noticias"],"_links":{"self":[{"href":"https:\/\/jornaloassobio.pt\/index.php?rest_route=\/wp\/v2\/posts\/708","targetHints":{"allow":["GET"]}}],"collection":[{"href":"https:\/\/jornaloassobio.pt\/index.php?rest_route=\/wp\/v2\/posts"}],"about":[{"href":"https:\/\/jornaloassobio.pt\/index.php?rest_route=\/wp\/v2\/types\/post"}],"author":[{"embeddable":true,"href":"https:\/\/jornaloassobio.pt\/index.php?rest_route=\/wp\/v2\/users\/6"}],"replies":[{"embeddable":true,"href":"https:\/\/jornaloassobio.pt\/index.php?rest_route=%2Fwp%2Fv2%2Fcomments&post=708"}],"version-history":[{"count":7,"href":"https:\/\/jornaloassobio.pt\/index.php?rest_route=\/wp\/v2\/posts\/708\/revisions"}],"predecessor-version":[{"id":741,"href":"https:\/\/jornaloassobio.pt\/index.php?rest_route=\/wp\/v2\/posts\/708\/revisions\/741"}],"wp:featuredmedia":[{"embeddable":true,"href":"https:\/\/jornaloassobio.pt\/index.php?rest_route=\/wp\/v2\/media\/738"}],"wp:attachment":[{"href":"https:\/\/jornaloassobio.pt\/index.php?rest_route=%2Fwp%2Fv2%2Fmedia&parent=708"}],"wp:term":[{"taxonomy":"category","embeddable":true,"href":"https:\/\/jornaloassobio.pt\/index.php?rest_route=%2Fwp%2Fv2%2Fcategories&post=708"},{"taxonomy":"post_tag","embeddable":true,"href":"https:\/\/jornaloassobio.pt\/index.php?rest_route=%2Fwp%2Fv2%2Ftags&post=708"}],"curies":[{"name":"wp","href":"https:\/\/api.w.org\/{rel}","templated":true}]}}