{"id":715,"date":"2023-11-30T10:52:08","date_gmt":"2023-11-30T10:52:08","guid":{"rendered":"https:\/\/jornaloassobio.pt\/?p=715"},"modified":"2023-12-04T12:38:54","modified_gmt":"2023-12-04T12:38:54","slug":"o-direito-a-humanidade-dia-10-de-dezembro","status":"publish","type":"post","link":"https:\/\/jornaloassobio.pt\/?p=715","title":{"rendered":"DIREITOS HUMANOS NO CINEMA"},"content":{"rendered":"<div class='booster-block booster-read-block'>\r\n                <div class=\"twp-read-time\">\r\n                \t<i class=\"booster-icon twp-clock\"><\/i> <span>Read Time:<\/span>1 Minute, 7 Second                <\/div>\r\n\r\n            <\/div><p><img loading=\"lazy\" decoding=\"async\" class=\"size-medium wp-image-761 alignright\" src=\"https:\/\/jornaloassobio.pt\/wp-content\/uploads\/2023\/11\/Cartaz-de-Festival-de-Cinema-Fotografico-Laranja-e-Preto-212x300.png\" alt=\"\" width=\"212\" height=\"300\" srcset=\"https:\/\/jornaloassobio.pt\/wp-content\/uploads\/2023\/11\/Cartaz-de-Festival-de-Cinema-Fotografico-Laranja-e-Preto-212x300.png 212w, https:\/\/jornaloassobio.pt\/wp-content\/uploads\/2023\/11\/Cartaz-de-Festival-de-Cinema-Fotografico-Laranja-e-Preto-724x1024.png 724w, https:\/\/jornaloassobio.pt\/wp-content\/uploads\/2023\/11\/Cartaz-de-Festival-de-Cinema-Fotografico-Laranja-e-Preto-768x1086.png 768w, https:\/\/jornaloassobio.pt\/wp-content\/uploads\/2023\/11\/Cartaz-de-Festival-de-Cinema-Fotografico-Laranja-e-Preto-1086x1536.png 1086w, https:\/\/jornaloassobio.pt\/wp-content\/uploads\/2023\/11\/Cartaz-de-Festival-de-Cinema-Fotografico-Laranja-e-Preto.png 1414w\" sizes=\"auto, (max-width: 212px) 100vw, 212px\" \/><\/p>\n<p>O 75\u00ba anivers\u00e1rio da <strong>Declara\u00e7\u00e3o Universal dos Direitos Humanos<\/strong> ser\u00e1 comemorado a <strong>10 de dezembro de 2023<\/strong> e tem por tema\u00a0<b>\u201cDignidade, Liberdade e Justi\u00e7a para Todos\/as\u201d<\/b><\/p>\n<p><b>\u00a0<\/b>Para assinalar esta data, a Biblioteca Dr. Carlos Percheiro vai dinamizar a atividade\u00a0<b><i>Cin\u00e9ma \u00e0 la Carte<\/i><\/b>, disponibilizando um conjunto de filmes e document\u00e1rios a serem exibidos nos dias 11, 12 e 14 no Audit\u00f3rio da Escola, ao longo do dia.\u00a0 \u00c9 nosso objetivo despoletar e aprofundar a reflex\u00e3o sobre os artigos contidos na\u00a0<b>Carta dos Direitos Humanos<\/b>, redigida em <strong>10 de dezembro de <\/strong><b>1948<\/b>.<\/p>\n<p>Do conjunto de filmes e document\u00e1rios propostos, ser\u00e3o exibidos aqueles que forem escolhidos pela maioria dos professores que pretendam vision\u00e1-los com as suas turmas. As sinopses, fichas t\u00e9cnicas e dura\u00e7\u00e3o dos mesmos encontram-se anexados no email enviado a todos os professores.<\/p>\n<p>Solicita-se que os colegas interessados nos indiquem, at\u00e9 \u00e0 data-limite de <b>6 de dezembro<\/b>, o(s) filme(s) ou document\u00e1rio(s) pretendidos, assim como a data e hora.<\/p>\n<p>Ap\u00f3s a rece\u00e7\u00e3o das propostas, elaborar-se-\u00e1 um programa\/calend\u00e1rio de acordo com as prefer\u00eancias manifestadas, que, posteriormente, ser\u00e1 divulgado por email.<\/p>\n<p><b>Lista de filmes:\u00a0<\/b><\/p>\n<ol start=\"1\" type=\"1\">\n<li>Cafarnaum<\/li>\n<li>Flor do Deserto<\/li>\n<li>Pers\u00e9polis (filme de anima\u00e7\u00e3o)<\/li>\n<li>O Sonho de Wadjda (filme PNC)<\/li>\n<li>Recreio (filme PNC)<\/li>\n<\/ol>\n<p><b>Lista de document\u00e1rios:<\/b><\/p>\n<ol start=\"6\" type=\"1\">\n<li>Crip Camp<\/li>\n<li>Human (Vol I, II e III)<\/li>\n<li>Lixo Extraordin\u00e1rio<\/li>\n<\/ol>\n<p>&nbsp;<\/p>\n<p>&nbsp;<\/p>\n        <div class=\"booster-block booster-reactions-block\">\r\n            <div class=\"twp-reactions-icons\">\r\n                \r\n                <div class=\"twp-reacts-wrap\">\r\n                    <a react-data=\"be-react-1\" post-id=\"715\" class=\"be-face-icons un-reacted\" href=\"javascript:void(0)\">\r\n                        <img decoding=\"async\" src=\"https:\/\/jornaloassobio.pt\/wp-content\/plugins\/booster-extension\/\/assets\/icon\/happy.svg\" alt=\"Happy\">\r\n                    <\/a>\r\n                    <div class=\"twp-reaction-title\">\r\n                        Happy                    <\/div>\r\n                    <div class=\"twp-count-percent\">\r\n                                                    <span style=\"display: none;\" class=\"twp-react-count\">0<\/span>\r\n                        \r\n                                                <span class=\"twp-react-percent\"><span>0<\/span> %<\/span>\r\n                                            <\/div>\r\n                <\/div>\r\n\r\n                <div class=\"twp-reacts-wrap\">\r\n                    <a react-data=\"be-react-2\" post-id=\"715\" class=\"be-face-icons un-reacted\" href=\"javascript:void(0)\">\r\n                        <img decoding=\"async\" src=\"https:\/\/jornaloassobio.pt\/wp-content\/plugins\/booster-extension\/\/assets\/icon\/sad.svg\" alt=\"Sad\">\r\n                    <\/a>\r\n                    <div class=\"twp-reaction-title\">\r\n                        Sad                    <\/div>\r\n                    <div class=\"twp-count-percent\">\r\n                                                    <span style=\"display: none;\" class=\"twp-react-count\">0<\/span>\r\n                                                                        <span class=\"twp-react-percent\"><span>0<\/span> %<\/span>\r\n                                            <\/div>\r\n                <\/div>\r\n\r\n                <div class=\"twp-reacts-wrap\">\r\n                    <a react-data=\"be-react-3\" post-id=\"715\" class=\"be-face-icons un-reacted\" href=\"javascript:void(0)\">\r\n                        <img decoding=\"async\" src=\"https:\/\/jornaloassobio.pt\/wp-content\/plugins\/booster-extension\/\/assets\/icon\/excited.svg\" alt=\"Excited\">\r\n                    <\/a>\r\n                    <div class=\"twp-reaction-title\">\r\n                        Excited                    <\/div>\r\n                    <div class=\"twp-count-percent\">\r\n                                                    <span style=\"display: none;\" class=\"twp-react-count\">0<\/span>\r\n                                                                        <span class=\"twp-react-percent\"><span>0<\/span> %<\/span>\r\n                                            <\/div>\r\n                <\/div>\r\n\r\n                <div class=\"twp-reacts-wrap\">\r\n                    <a react-data=\"be-react-6\" post-id=\"715\" class=\"be-face-icons un-reacted\" href=\"javascript:void(0)\">\r\n                        <img decoding=\"async\" src=\"https:\/\/jornaloassobio.pt\/wp-content\/plugins\/booster-extension\/\/assets\/icon\/sleepy.svg\" alt=\"Sleepy\">\r\n                    <\/a>\r\n                    <div class=\"twp-reaction-title\">\r\n                        Sleepy                    <\/div>\r\n                    <div class=\"twp-count-percent\">\r\n                                                    <span style=\"display: none;\" class=\"twp-react-count\">0<\/span>\r\n                        \r\n                                                <span class=\"twp-react-percent\"><span>0<\/span> %<\/span>\r\n                                            <\/div>\r\n                <\/div>\r\n\r\n                <div class=\"twp-reacts-wrap\">\r\n                    <a react-data=\"be-react-4\" post-id=\"715\" class=\"be-face-icons un-reacted\" href=\"javascript:void(0)\">\r\n                        <img decoding=\"async\" src=\"https:\/\/jornaloassobio.pt\/wp-content\/plugins\/booster-extension\/\/assets\/icon\/angry.svg\" alt=\"Angry\">\r\n                    <\/a>\r\n                    <div class=\"twp-reaction-title\">Angry<\/div>\r\n                    <div class=\"twp-count-percent\">\r\n                                                    <span style=\"display: none;\" class=\"twp-react-count\">0<\/span>\r\n                                                                        <span class=\"twp-react-percent\"><span>0<\/span> %<\/span>\r\n                        \r\n                    <\/div>\r\n                <\/div>\r\n\r\n                <div class=\"twp-reacts-wrap\">\r\n                    <a react-data=\"be-react-5\" post-id=\"715\" class=\"be-face-icons un-reacted\" href=\"javascript:void(0)\">\r\n                        <img decoding=\"async\" src=\"https:\/\/jornaloassobio.pt\/wp-content\/plugins\/booster-extension\/\/assets\/icon\/surprise.svg\" alt=\"Surprise\">\r\n                    <\/a>\r\n                    <div class=\"twp-reaction-title\">Surprise<\/div>\r\n                    <div class=\"twp-count-percent\">\r\n                                                    <span style=\"display: none;\" class=\"twp-react-count\">0<\/span>\r\n                                                                        <span class=\"twp-react-percent\"><span>0<\/span> %<\/span>\r\n                                            <\/div>\r\n                <\/div>\r\n\r\n            <\/div>\r\n        <\/div>\r\n\r\n    ","protected":false},"excerpt":{"rendered":"<p>O 75\u00ba anivers\u00e1rio da Declara\u00e7\u00e3o Universal dos Direitos Humanos ser\u00e1 comemorado a 10 de dezembro de 2023 e tem por tema\u00a0\u201cDignidade, Liberdade e Justi\u00e7a para Todos\/as\u201d \u00a0Para assinalar esta data, a Biblioteca Dr. Carlos Percheiro vai dinamizar a atividade\u00a0Cin\u00e9ma \u00e0 la Carte, disponibilizando um conjunto de filmes e document\u00e1rios a serem exibidos nos dias 11, [&hellip;]<\/p>\n","protected":false},"author":6,"featured_media":761,"comment_status":"open","ping_status":"open","sticky":false,"template":"","format":"standard","meta":{"footnotes":""},"categories":[4],"tags":[],"class_list":["post-715","post","type-post","status-publish","format-standard","has-post-thumbnail","hentry","category-noticias"],"_links":{"self":[{"href":"https:\/\/jornaloassobio.pt\/index.php?rest_route=\/wp\/v2\/posts\/715","targetHints":{"allow":["GET"]}}],"collection":[{"href":"https:\/\/jornaloassobio.pt\/index.php?rest_route=\/wp\/v2\/posts"}],"about":[{"href":"https:\/\/jornaloassobio.pt\/index.php?rest_route=\/wp\/v2\/types\/post"}],"author":[{"embeddable":true,"href":"https:\/\/jornaloassobio.pt\/index.php?rest_route=\/wp\/v2\/users\/6"}],"replies":[{"embeddable":true,"href":"https:\/\/jornaloassobio.pt\/index.php?rest_route=%2Fwp%2Fv2%2Fcomments&post=715"}],"version-history":[{"count":8,"href":"https:\/\/jornaloassobio.pt\/index.php?rest_route=\/wp\/v2\/posts\/715\/revisions"}],"predecessor-version":[{"id":765,"href":"https:\/\/jornaloassobio.pt\/index.php?rest_route=\/wp\/v2\/posts\/715\/revisions\/765"}],"wp:featuredmedia":[{"embeddable":true,"href":"https:\/\/jornaloassobio.pt\/index.php?rest_route=\/wp\/v2\/media\/761"}],"wp:attachment":[{"href":"https:\/\/jornaloassobio.pt\/index.php?rest_route=%2Fwp%2Fv2%2Fmedia&parent=715"}],"wp:term":[{"taxonomy":"category","embeddable":true,"href":"https:\/\/jornaloassobio.pt\/index.php?rest_route=%2Fwp%2Fv2%2Fcategories&post=715"},{"taxonomy":"post_tag","embeddable":true,"href":"https:\/\/jornaloassobio.pt\/index.php?rest_route=%2Fwp%2Fv2%2Ftags&post=715"}],"curies":[{"name":"wp","href":"https:\/\/api.w.org\/{rel}","templated":true}]}}